{"id":692565,"date":"2026-01-27T11:19:10","date_gmt":"2026-01-27T11:19:10","guid":{"rendered":"https:\/\/www.europesays.com\/fr\/692565\/"},"modified":"2026-01-27T11:19:10","modified_gmt":"2026-01-27T11:19:10","slug":"tiktok-revoit-deja-ses-regles-de-confidentialite-aux-etats-unis","status":"publish","type":"post","link":"https:\/\/www.europesays.com\/fr\/692565\/","title":{"rendered":"TikTok revoit d\u00e9j\u00e0 ses r\u00e8gles de confidentialit\u00e9 aux \u00c9tats-Unis"},"content":{"rendered":"<p>\u00c0 peine la cr\u00e9ation de la coentreprise <strong>TikTok USDS<\/strong> officialis\u00e9e, avec la <a href=\"https:\/\/siecledigital.fr\/2026\/01\/26\/tiktok-aux-etats-unis-xavier-niel-entre-au-capital-de-la-nouvelle-entite\/\" target=\"_blank\" rel=\"noopener\">participation remarqu\u00e9e de Xavier Niel<\/a>, la plateforme a modifi\u00e9 sa politique de confidentialit\u00e9 pour ses utilisateurs am\u00e9ricains.<\/p>\n<p>Un changement rapide, <strong>intervenu le jour m\u00eame de l\u2019annonce<\/strong>, qui relance les d\u00e9bats autour de la collecte de donn\u00e9es par le r\u00e9seau social\u2026<\/p>\n<p>Une collecte de donn\u00e9es plus explicite, notamment sur la g\u00e9olocalisation<\/p>\n<p>Dans sa <a href=\"https:\/\/www.tiktok.com\/legal\/page\/us\/privacy-policy\/en\" target=\"_blank\" rel=\"noopener\">nouvelle politique de confidentialit\u00e9<\/a>, TikTok pr\u00e9cise d\u00e9sormais pouvoir <strong>exploiter des donn\u00e9es de g\u00e9olocalisation pr\u00e9cises issues du GPS<\/strong>, \u00e0 condition que l\u2019utilisateur ait donn\u00e9 son accord via le syst\u00e8me d\u2019exploitation de son smartphone. Jusqu\u2019ici, cette pratique existait d\u00e9j\u00e0 de mani\u00e8re plus implicite, mais elle est d\u00e9sormais clairement formul\u00e9e noir sur blanc.<\/p>\n<p>La plateforme indique \u00e9galement qu\u2019elle peut <strong>collecter et stocker des informations li\u00e9es \u00e0 l\u2019usage de ses outils d\u2019IA g\u00e9n\u00e9rative<\/strong>. Cela concerne les m\u00e9tadonn\u00e9es associ\u00e9es aux prompts, aux messages et aux contenus cr\u00e9\u00e9s, comme <strong>le moment, le lieu ou la mani\u00e8re dont ils ont \u00e9t\u00e9 g\u00e9n\u00e9r\u00e9s<\/strong>.<\/p>\n<p>Cette pr\u00e9cision s\u2019inscrit dans l\u2019extension progressive des fonctionnalit\u00e9s d\u2019IA au sein de TikTok, mais aussi dans <strong>une logique de transparence r\u00e9glementaire<\/strong> vis-\u00e0-vis des autorit\u00e9s am\u00e9ricaines.<\/p>\n<p>Enfin, TikTok \u00e9largit \u00e9galement <strong>l\u2019usage des donn\u00e9es \u00e0 des fins publicitaires<\/strong>. Les informations collect\u00e9es pourront \u00eatre utilis\u00e9es pour diffuser des publicit\u00e9s cibl\u00e9es non seulement sur la plateforme, mais aussi via son r\u00e9seau publicitaire.<\/p>\n<p>Un cadre l\u00e9gal qui alimente les inqui\u00e9tudes\u2026<\/p>\n<p>Le passage qui a le plus retenu l\u2019attention des observateurs concerne la liste d\u00e9taill\u00e9e des <strong>donn\u00e9es personnelles sensibles susceptibles d\u2019\u00eatre trait\u00e9es<\/strong>. En effet, TikTok mentionne explicitement des informations li\u00e9es \u00e0 l\u2019<strong>origine ethnique<\/strong>, aux <strong>croyances religieuses<\/strong>, \u00e0 la <strong>sant\u00e9 mentale ou physique<\/strong>, \u00e0 l\u2019<strong>orientation sexuelle<\/strong>, au <strong>statut de genre<\/strong>, \u00e0 la <strong>citoyennet\u00e9<\/strong> ou encore \u00e0 la <strong>situation migratoire<\/strong>.<\/p>\n<p>Si ce rappel a suscit\u00e9 de vives r\u00e9actions de plusieurs responsables politiques am\u00e9ricains, <strong>ce passage ne traduit pas une rupture majeure<\/strong>, mais plut\u00f4t une mise en conformit\u00e9 avec les l\u00e9gislations locales, comme le <strong>California Consumer Privacy Act<\/strong> qui impose aux entreprises de d\u00e9tailler pr\u00e9cis\u00e9ment les cat\u00e9gories de donn\u00e9es susceptibles d\u2019\u00eatre collect\u00e9es.<\/p>\n<p>Un changement de forme plus que de fond&amp;nbsp?<\/p>\n<p>En pratique, les m\u00e9thodes de collecte de TikTok n\u2019ont pas fondamentalement \u00e9volu\u00e9 avec cette mise \u00e0 jour. N\u00e9anmoins, <strong>la diff\u00e9rence r\u00e9side surtout dans la mani\u00e8re dont elles sont pr\u00e9sent\u00e9es<\/strong> aux utilisateurs.<\/p>\n<p>Et alors que les utilisateurs partagent massivement des informations personnelles sur les r\u00e9seaux sociaux, cette clarification rappelle surtout que <strong>les plateformes peuvent inf\u00e9rer de nombreux \u00e9l\u00e9ments \u00e0 partir des usages<\/strong>, m\u00eame sans d\u00e9claration directe\u2026<\/p>\n<p><script async src=\"\/\/www.tiktok.com\/embed.js\"><\/script><\/p>\n","protected":false},"excerpt":{"rendered":"\u00c0 peine la cr\u00e9ation de la coentreprise TikTok USDS officialis\u00e9e, avec la participation remarqu\u00e9e de Xavier Niel, la&hellip;\n","protected":false},"author":2,"featured_media":692566,"comment_status":"","ping_status":"","sticky":false,"template":"","format":"standard","meta":{"footnotes":""},"categories":[1589],"tags":[11,73,1866,12,2439,1864,1865,1863,308],"class_list":{"0":"post-692565","1":"post","2":"type-post","3":"status-publish","4":"format-standard","5":"has-post-thumbnail","7":"category-etats-unis","8":"tag-actualites","9":"tag-etats-unis","10":"tag-etats-unis-damerique","11":"tag-news","12":"tag-tiktok","13":"tag-united-states","14":"tag-united-states-of-america","15":"tag-us","16":"tag-usa"},"share_on_mastodon":{"url":"https:\/\/pubeurope.com\/@fr\/115966797577162807","error":""},"_links":{"self":[{"href":"https:\/\/www.europesays.com\/fr\/wp-json\/wp\/v2\/posts\/692565","targetHints":{"allow":["GET"]}}],"collection":[{"href":"https:\/\/www.europesays.com\/fr\/wp-json\/wp\/v2\/posts"}],"about":[{"href":"https:\/\/www.europesays.com\/fr\/wp-json\/wp\/v2\/types\/post"}],"author":[{"embeddable":true,"href":"https:\/\/www.europesays.com\/fr\/wp-json\/wp\/v2\/users\/2"}],"replies":[{"embeddable":true,"href":"https:\/\/www.europesays.com\/fr\/wp-json\/wp\/v2\/comments?post=692565"}],"version-history":[{"count":0,"href":"https:\/\/www.europesays.com\/fr\/wp-json\/wp\/v2\/posts\/692565\/revisions"}],"wp:featuredmedia":[{"embeddable":true,"href":"https:\/\/www.europesays.com\/fr\/wp-json\/wp\/v2\/media\/692566"}],"wp:attachment":[{"href":"https:\/\/www.europesays.com\/fr\/wp-json\/wp\/v2\/media?parent=692565"}],"wp:term":[{"taxonomy":"category","embeddable":true,"href":"https:\/\/www.europesays.com\/fr\/wp-json\/wp\/v2\/categories?post=692565"},{"taxonomy":"post_tag","embeddable":true,"href":"https:\/\/www.europesays.com\/fr\/wp-json\/wp\/v2\/tags?post=692565"}],"curies":[{"name":"wp","href":"https:\/\/api.w.org\/{rel}","templated":true}]}}