{"id":692573,"date":"2026-01-27T11:23:15","date_gmt":"2026-01-27T11:23:15","guid":{"rendered":"https:\/\/www.europesays.com\/fr\/692573\/"},"modified":"2026-01-27T11:23:15","modified_gmt":"2026-01-27T11:23:15","slug":"inde-et-ue-concluent-un-vaste-accord-de-libre-echange-27-01-2026-a-1154","status":"publish","type":"post","link":"https:\/\/www.europesays.com\/fr\/692573\/","title":{"rendered":"Inde et UE concluent un vaste accord de libre-\u00e9change &#8211; 27\/01\/2026 \u00e0 11:54"},"content":{"rendered":"<p>        <img decoding=\"async\" src=\"https:\/\/www.europesays.com\/fr\/wp-content\/uploads\/2026\/01\/ad97d601cba610b9e0d3f10735d69c1f-760x482.jpg\" alt=\"Visite en Inde de la pr\u00e9sidente de la Commission europ\u00e9enne, Ursula von der Leyen, et du pr\u00e9sident du Conseil europ\u00e9en, Antonio Costa\" loading=\"eager\" fetchpriority=\"high\" width=\"760\" height=\"482\" style=\"max-width: 100%!important; height: auto;\"\/><\/p>\n<p class=\"c-image-news__legend\">Visite en Inde de la pr\u00e9sidente de la Commission europ\u00e9enne, Ursula von der Leyen, et du pr\u00e9sident du Conseil europ\u00e9en, Antonio Costa<\/p>\n<p>\n par Shivangi  Acharya et Manoj Kumar et Philip Blenkinsop\n<\/p>\n<p>\n L&rsquo;Inde et l&rsquo;Union europ\u00e9enne (UE) ont annonc\u00e9 mardi la conclusion d&rsquo;un accord commercial ambitieux, avec l&rsquo;objectif de supprimer les barri\u00e8res douani\u00e8res sur la plupart de leurs \u00e9changes et de se pr\u00e9munir de relations plus erratiques avec les Etats-Unis \u200dde Donald Trump.\n<\/p>\n<p>\n Cet accord, scell\u00e9 apr\u00e8s deux d\u00e9cennies de n\u00e9gociations, \u00e9liminera ou r\u00e9duira les droits de douane sur plus de 96% des biens export\u00e9s vers l&rsquo;Inde par l&rsquo;UE, en valeur, selon Bruxelles, qui table sur un doublement d&rsquo;ici 2032 des exportations europ\u00e9ennes vers ce vaste march\u00e9 de 1,4 milliard d&rsquo;habitants.\n<\/p>\n<p>\n L&rsquo;UE s&rsquo;est engag\u00e9e de son c\u00f4t\u00e9 \u00e0 r\u00e9duire ses taxes douani\u00e8res sur 99,5% \u200cdes produits indiens dans un d\u00e9lai de sept ans, a d\u00e9clar\u00e9 le minist\u00e8re indien du Commerce. Les droits de douane seront totalement supprim\u00e9s pour les produits de la mer, le cuir et le textile, les produits chimiques, le caoutchouc, les m\u00e9taux de base et les bijoux.\n<\/p>\n<p>\n Certains produits agricoles comme le boeuf, le riz, le soja \u200bou les produits laitiers sont exclus du pacte.\n<\/p>\n<p>\n \u00ab\u00a0Nous avons conclu la m\u00e8re de tous les accords\u00a0\u00bb, a d\u00e9clar\u00e9 sur X la pr\u00e9sidente de la Commission europ\u00e9enne Ursula von \u2060der Leyen, pr\u00e9sente \u00e0 New Delhi avec le pr\u00e9sident du Conseil europ\u00e9en Antonio Costa. \u00ab\u00a0Nous avons cr\u00e9\u00e9 une zone de libre-\u00e9change de deux milliards d&rsquo;habitants, dont b\u00e9n\u00e9ficieront les deux parties.\u00a0\u00bb\n<\/p>\n<p>\n Le Premier ministre indien Narendra Modi s&rsquo;est f\u00e9licit\u00e9 des \u00ab\u00a0opportunit\u00e9s majeures\u00a0\u00bb que ce pacte cr\u00e9era selon lui.\n<\/p>\n<p>\n La signature formelle de l&rsquo;accord aura \u2060lieu apr\u00e8s un examen juridique qui devrait prendre environ six mois, \u200dselon un responsable du gouvernement indien qui a dit s&rsquo;attendre \u00e0 ce que l&rsquo;accord entre en vigueur dans l&rsquo;ann\u00e9e.\n<\/p>\n<p>\n Le processus de \u2060ratification pourrait cependant se heurter \u00e0 des obstacles au sein de l&rsquo;UE, comme dans le cas du Mercosur apr\u00e8s la saisine de la Cour de justice de l&rsquo;UE par le Parlement europ\u00e9en.\n<\/p>\n<p>\n CONTOURNER LES ETATS-UNIS\n<\/p>\n<p>\n L&rsquo;UE est le principal partenaire commercial de l&rsquo;Inde. Les \u00e9changes commerciaux entre l&rsquo;Inde et l&rsquo;UE ont totalis\u00e9 136,5 milliards de dollars (116,29 milliards d&rsquo;euros) au cours de l&rsquo;exercice 2024\/25 qui \u200bs&rsquo;est achev\u00e9 en mars. L\u00e9g\u00e8rement inf\u00e9rieurs, les \u00e9changes entre l&rsquo;Inde et les Etats-Unis ont repr\u00e9sent\u00e9 132 milliards de dollars et ceux entre l&rsquo;Inde et la Chine 128 milliards.\n<\/p>\n<p>\n La conclusion de ces n\u00e9gociations entre Bruxelles et New Delhi intervient peu apr\u00e8s la signature par l&rsquo;UE d&rsquo;un pacte commercial avec le bloc sud-am\u00e9ricain Mercosur.\n<\/p>\n<p>\n L&rsquo;ann\u00e9e derni\u00e8re, l&rsquo;UE a conclu des accords commerciaux avec l&rsquo;Indon\u00e9sie, \u2060le Mexique et la Suisse. Au cours de la m\u00eame p\u00e9riode, New Delhi a finalis\u00e9 des accords avec la Grande-Bretagne, la Nouvelle-Z\u00e9lande et Oman.\n<\/p>\n<p>\n Cette s\u00e9rie d&rsquo;accords t\u00e9moigne \u200bdes efforts d\u00e9ploy\u00e9s par de nombreux pays pour r\u00e9duire leur d\u00e9pendance envers les Etats-Unis de Donald Trump et ses menaces \u200bdouani\u00e8res.\n<\/p>\n<p>\n Sous des applaudissements nourris, le Premier ministre canadien \u200bMark Carney a appel\u00e9 la semaine derni\u00e8re les puissances moyennes \u00e0 s&rsquo;unir pour \u00e9viter de devenir les victimes de la \u00ab\u00a0rupture\u00a0\u00bb provoqu\u00e9e par la nouvelle strat\u00e9gie am\u00e9ricaine. Apr\u00e8s un accord conclu \u200bavec la Chine, il pr\u00e9voit de se rendre en Inde prochainement pour signer des accords sur l&rsquo;uranium, \u2060l&rsquo;\u00e9nergie et les minerais.\n<\/p>\n<p>\n Lanc\u00e9es il y a une vingtaine d&rsquo;ann\u00e9es, relanc\u00e9es en 2022, les n\u00e9gociations entre l&rsquo;Inde et l&rsquo;UE se sont quant \u00e0 elles acc\u00e9l\u00e9r\u00e9es sous l&rsquo;impulsion d&rsquo;Ursula von der Leyen et Narendra Modi, alors que le pr\u00e9sident am\u00e9ricain infligeait des droits de douane \u00e0 la plupart des partenaires commerciaux des Etats-Unis, dont des surtaxes de 50% sur les biens indiens.\n<\/p>\n<p>\n L&rsquo;Inde et les Etats-Unis ont \u00e9chou\u00e9 \u00e0 nouer un accord l&rsquo;an dernier apr\u00e8s que le dialogue a \u00e9t\u00e9 rompu entre les deux pays.\n<\/p>\n<p>\n Par son accord avec l&rsquo;UE, New Delhi pr\u00e9voit de ramener \u00e0 10% en cinq \u200cans ses droits de douane sur l&rsquo;automobile, contre un maximum de 110% actuellement.\n<\/p>\n<p>\n D\u00e8s l&rsquo;entr\u00e9e en vigueur du pacte, pr\u00e9vue dans les prochains mois, les droits de douane seront ramen\u00e9s \u00e0 30-35% sur un quota annuel de 250.000 v\u00e9hicules europ\u00e9ens dont le prix unitaire exc\u00e8de 15.000 euros, ont pr\u00e9cis\u00e9 les deux parties.\n<\/p>\n<p>\n L&rsquo;Inde r\u00e9duira \u00e9galement ses taxes sur les boissons alcoolis\u00e9es comme le vin, dont les droits de douane seront r\u00e9duits de moiti\u00e9 imm\u00e9diatement, de 150% \u00e0 75%, puis progressivement jusqu&rsquo;\u00e0 20%.\n<\/p>\n<p>\n En revanche, les entreprises indiennes ne seront pas exon\u00e9r\u00e9es de la \u00ab\u00a0taxe carbone aux fronti\u00e8res\u00a0\u00bb appliqu\u00e9e par l&rsquo;UE depuis le 1er janvier et qui concerne notammment l&rsquo;acier, le ciment ou les engrais.\n<\/p>\n<p>\n VOIR AUSSI:\n<\/p>\n<p>\n ENCADRE-Principales dispositions de l&rsquo;accord de libre-\u00e9change Inde-UE\n<\/p>\n<p>\n (Shivangi Acharya et Manoj Kumar; version \u200cfran\u00e7aise Jean Terzian et Jean-St\u00e9phane Brosse, \u00e9dit\u00e9 par Blandine H\u00e9nault)<\/p>\n","protected":false},"excerpt":{"rendered":"Visite en Inde de la pr\u00e9sidente de la Commission europ\u00e9enne, Ursula von der Leyen, et du pr\u00e9sident du&hellip;\n","protected":false},"author":2,"featured_media":692574,"comment_status":"","ping_status":"","sticky":false,"template":"","format":"standard","meta":{"footnotes":""},"categories":[1586],"tags":[400,11,398,408,405,1777,674,1779,1011,27,403,402,399,404,12,25,401,406,1778,364,407],"class_list":{"0":"post-692573","1":"post","2":"type-post","3":"status-publish","4":"format-standard","5":"has-post-thumbnail","7":"category-europe","8":"tag-action-cac-40","9":"tag-actualites","10":"tag-bourse-de-paris","11":"tag-boursorama","12":"tag-cotations","13":"tag-eu","14":"tag-europe","15":"tag-european-union","16":"tag-fr","17":"tag-france","18":"tag-indices-devises","19":"tag-investir","20":"tag-investissement","21":"tag-marche-boursier","22":"tag-news","23":"tag-republique-francaise","24":"tag-sicav","25":"tag-trackers","26":"tag-ue","27":"tag-union-europeenne","28":"tag-warrants"},"share_on_mastodon":{"url":"https:\/\/pubeurope.com\/@fr\/115966810895273427","error":""},"_links":{"self":[{"href":"https:\/\/www.europesays.com\/fr\/wp-json\/wp\/v2\/posts\/692573","targetHints":{"allow":["GET"]}}],"collection":[{"href":"https:\/\/www.europesays.com\/fr\/wp-json\/wp\/v2\/posts"}],"about":[{"href":"https:\/\/www.europesays.com\/fr\/wp-json\/wp\/v2\/types\/post"}],"author":[{"embeddable":true,"href":"https:\/\/www.europesays.com\/fr\/wp-json\/wp\/v2\/users\/2"}],"replies":[{"embeddable":true,"href":"https:\/\/www.europesays.com\/fr\/wp-json\/wp\/v2\/comments?post=692573"}],"version-history":[{"count":0,"href":"https:\/\/www.europesays.com\/fr\/wp-json\/wp\/v2\/posts\/692573\/revisions"}],"wp:featuredmedia":[{"embeddable":true,"href":"https:\/\/www.europesays.com\/fr\/wp-json\/wp\/v2\/media\/692574"}],"wp:attachment":[{"href":"https:\/\/www.europesays.com\/fr\/wp-json\/wp\/v2\/media?parent=692573"}],"wp:term":[{"taxonomy":"category","embeddable":true,"href":"https:\/\/www.europesays.com\/fr\/wp-json\/wp\/v2\/categories?post=692573"},{"taxonomy":"post_tag","embeddable":true,"href":"https:\/\/www.europesays.com\/fr\/wp-json\/wp\/v2\/tags?post=692573"}],"curies":[{"name":"wp","href":"https:\/\/api.w.org\/{rel}","templated":true}]}}