{"id":692581,"date":"2026-01-27T11:28:11","date_gmt":"2026-01-27T11:28:11","guid":{"rendered":"https:\/\/www.europesays.com\/fr\/692581\/"},"modified":"2026-01-27T11:28:11","modified_gmt":"2026-01-27T11:28:11","slug":"cest-la-raison-pour-laquelle-on-joue-la-ruee-vers-le-set-en-or-pour-lalterna-stade-poitevin-face-au-dinamo-bucarest","status":"publish","type":"post","link":"https:\/\/www.europesays.com\/fr\/692581\/","title":{"rendered":"\u00ab\u00a0C\u2019est la raison pour laquelle on joue\u00a0\u00bb, la ru\u00e9e vers le set en or pour l\u2019Alterna Stade Poitevin face au Dinamo Bucarest"},"content":{"rendered":"<p><strong>Alterna Stade Poitevin\u00a0&#8211; Dinamo Bucarest<\/strong><\/p>\n<p>\u00c0 leur arriv\u00e9e, Dan Lewis et Lukas Maase ont pris quelques instants pour observer et commenter. Le coach et l\u2019un des centraux de l\u2019Alterna Stade Poitevin n\u2019ont failli par reconna\u00eetre la salle Lawson-Body dans sa configuration europ\u00e9enne. Mais peu importe si du parquet a refait surface derri\u00e8re les bancs des deux \u00e9quipes ou si des modules ont fait leur apparition sur les trois premiers rangs des tribunes dans le prolongement du terrain, les Poitevins seront bien chez eux, devant leurs supporters.<\/p>\n<p>Le club poitevin a tout fait pour disputer ce 8e\u00a0de finale retour de Coupe CEV dans son antre habituel afin de se donner un maximum de chances de poursuivre son aventure europ\u00e9enne en renversant le Dinamo Bucarest. C\u2019est aux Stadistes de jouer maintenant. \u00ab\u00a0C\u2019est la raison pour laquelle on joue, s\u2019enthousiasme Dan Lewis. Pour disputer ce genre de matchs. Poitiers est de retour en Coupe d\u2019Europe et revit le stress de ce genre d\u2019aventure. C\u2019est la plus belle chose dans le sport.\u00a0\u00bb \u00c0 condition, quand m\u00eame, que cela se termine bien. Et pour cela, l\u2019Alterna SPVB n\u2019aura pas d\u2019autre choix que de s\u2019imposer en trois ou quatre manches avant de remporter un golden set en quinze points face \u00e0 des Roumains qui avaient \u00e9t\u00e9 impitoyables avec eux (3-0), la semaine derni\u00e8re, \u00e0 domicile&#8230;. <\/p>\n<p>    Cet article a \u00e9t\u00e9 tronqu\u00e9. Abonnez-vous pour lire l&rsquo;article complet sur notre site.<\/p>\n<p style=\"margin: 0 !important; padding: 0 !important; font-size: 12px !important;\">Cet article a \u00e9t\u00e9 tronqu\u00e9. Abonnez-vous pour lire l&rsquo;article complet.<\/p>\n<p>    <a href=\"https:\/\/www.lanouvellerepublique.fr\/abonnements\" style=\"display: inline-block; margin-top: 5px !important; padding: 6px 12px !important; background: #cb1c27; color: white; text-decoration: none; border-radius: 4px; font-size: 12px !important;\" target=\"_blank\" rel=\"noopener\"><br \/>\n      S&rsquo;abonner<br \/>\n    <\/a><\/p>\n","protected":false},"excerpt":{"rendered":"Alterna Stade Poitevin\u00a0&#8211; Dinamo Bucarest \u00c0 leur arriv\u00e9e, Dan Lewis et Lukas Maase ont pris quelques instants pour&hellip;\n","protected":false},"author":2,"featured_media":692582,"comment_status":"","ping_status":"","sticky":false,"template":"","format":"standard","meta":{"footnotes":""},"categories":[1417],"tags":[1392,1654,39145,1011,27,1653,60,1584,1470,1469],"class_list":{"0":"post-692581","1":"post","2":"type-post","3":"status-publish","4":"format-standard","5":"has-post-thumbnail","7":"category-volley","8":"tag-a-la-une-local","9":"tag-alterna-stade-poitevin-volley-ball","10":"tag-coupe-deurope-volley","11":"tag-fr","12":"tag-france","13":"tag-poitiers","14":"tag-sports","15":"tag-vienne","16":"tag-volley","17":"tag-volleyball"},"share_on_mastodon":{"url":"https:\/\/pubeurope.com\/@fr\/115966830410874709","error":""},"_links":{"self":[{"href":"https:\/\/www.europesays.com\/fr\/wp-json\/wp\/v2\/posts\/692581","targetHints":{"allow":["GET"]}}],"collection":[{"href":"https:\/\/www.europesays.com\/fr\/wp-json\/wp\/v2\/posts"}],"about":[{"href":"https:\/\/www.europesays.com\/fr\/wp-json\/wp\/v2\/types\/post"}],"author":[{"embeddable":true,"href":"https:\/\/www.europesays.com\/fr\/wp-json\/wp\/v2\/users\/2"}],"replies":[{"embeddable":true,"href":"https:\/\/www.europesays.com\/fr\/wp-json\/wp\/v2\/comments?post=692581"}],"version-history":[{"count":0,"href":"https:\/\/www.europesays.com\/fr\/wp-json\/wp\/v2\/posts\/692581\/revisions"}],"wp:featuredmedia":[{"embeddable":true,"href":"https:\/\/www.europesays.com\/fr\/wp-json\/wp\/v2\/media\/692582"}],"wp:attachment":[{"href":"https:\/\/www.europesays.com\/fr\/wp-json\/wp\/v2\/media?parent=692581"}],"wp:term":[{"taxonomy":"category","embeddable":true,"href":"https:\/\/www.europesays.com\/fr\/wp-json\/wp\/v2\/categories?post=692581"},{"taxonomy":"post_tag","embeddable":true,"href":"https:\/\/www.europesays.com\/fr\/wp-json\/wp\/v2\/tags?post=692581"}],"curies":[{"name":"wp","href":"https:\/\/api.w.org\/{rel}","templated":true}]}}