{"id":692611,"date":"2026-01-27T11:47:10","date_gmt":"2026-01-27T11:47:10","guid":{"rendered":"https:\/\/www.europesays.com\/fr\/692611\/"},"modified":"2026-01-27T11:47:10","modified_gmt":"2026-01-27T11:47:10","slug":"trois-touristes-francais-tues-dans-le-naufrage-dun-bateau-au-large-doman","status":"publish","type":"post","link":"https:\/\/www.europesays.com\/fr\/692611\/","title":{"rendered":"Trois touristes fran\u00e7ais tu\u00e9s dans le naufrage d\u2019un bateau au large d\u2019Oman"},"content":{"rendered":"<p>Le drame a eu lieu au large d\u2019<a href=\"https:\/\/www.20minutes.fr\/monde\/oman\/\" class=\"c-link c-link--is-underlined\" target=\"_blank\" rel=\"noopener\">Oman<\/a>. Trois touristes fran\u00e7ais ont \u00e9t\u00e9 tu\u00e9s et deux autres bless\u00e9s dans le naufrage d\u2019un bateau, a annonc\u00e9 mardi la <a href=\"https:\/\/www.20minutes.fr\/dossier\/police\" class=\"c-link c-link--is-underlined\" target=\"_blank\" rel=\"noopener\">police<\/a> omanaise.<\/p>\n<\/p>\n<p>Le bateau, qui transportait 25 touristes fran\u00e7ais, parmi lesquels le guide touristique et le capitaine, \u00ab\u00a0a chavir\u00e9 \u00e0 2,5 milles nautiques du port Sultan Qaboos\u00a0\u00bb \u00e0 Mascate, la <a href=\"https:\/\/www.20minutes.fr\/monde\/1663843-20150807-sultanat-oman-acteur-cle-liberation-otage-isabelle-prime\" class=\"c-link c-link--is-underlined\" target=\"_blank\" rel=\"noopener\">capitale du sultanat<\/a>, a indiqu\u00e9 la police dans un communiqu\u00e9 publi\u00e9 sur X.<\/p>\n<p>Une enqu\u00eate en cours<\/p>\n<p>\u00ab\u00a0L\u2019incident a entra\u00een\u00e9 la mort de trois touristes et des blessures l\u00e9g\u00e8res pour deux autres\u00a0\u00bb, a-t-elle poursuivi en ajoutant qu\u2019une enqu\u00eate \u00e9tait en cours pour d\u00e9terminer les circonstances de l\u2019accident.<\/p>\n<p>Longtemps en marge des grands circuits touristiques, <a href=\"https:\/\/www.20minutes.fr\/magazine\/voyage-mag\/2425923-20150731-pourquoi-oman-attire-de-plus-en-plus-de-touristes\" class=\"c-link c-link--is-underlined\" target=\"_blank\" rel=\"noopener\">Oman attire d\u00e9sormais un public croissant<\/a> en qu\u00eate de nature pr\u00e9serv\u00e9e et d\u2019authenticit\u00e9. Le pays a accueilli pr\u00e8s de 4\u00a0millions de touristes en\u00a02024 et le gouvernement vise \u00e0 tripler ce chiffre d\u2019ici\u00a02040 en misant sur un tourisme durable.<\/p>\n","protected":false},"excerpt":{"rendered":"Le drame a eu lieu au large d\u2019Oman. Trois touristes fran\u00e7ais ont \u00e9t\u00e9 tu\u00e9s et deux autres bless\u00e9s&hellip;\n","protected":false},"author":2,"featured_media":692612,"comment_status":"","ping_status":"","sticky":false,"template":"","format":"standard","meta":{"footnotes":""},"categories":[5],"tags":[119,47,11,5160,1011,27,14,74,12,8039,28],"class_list":{"0":"post-692611","1":"post","2":"type-post","3":"status-publish","4":"format-standard","5":"has-post-thumbnail","7":"category-international","8":"tag-accident","9":"tag-actualite","10":"tag-actualites","11":"tag-bateau","12":"tag-fr","13":"tag-france","14":"tag-international","15":"tag-monde","16":"tag-news","17":"tag-oman","18":"tag-world"},"share_on_mastodon":{"url":"https:\/\/pubeurope.com\/@fr\/115966905938383709","error":""},"_links":{"self":[{"href":"https:\/\/www.europesays.com\/fr\/wp-json\/wp\/v2\/posts\/692611","targetHints":{"allow":["GET"]}}],"collection":[{"href":"https:\/\/www.europesays.com\/fr\/wp-json\/wp\/v2\/posts"}],"about":[{"href":"https:\/\/www.europesays.com\/fr\/wp-json\/wp\/v2\/types\/post"}],"author":[{"embeddable":true,"href":"https:\/\/www.europesays.com\/fr\/wp-json\/wp\/v2\/users\/2"}],"replies":[{"embeddable":true,"href":"https:\/\/www.europesays.com\/fr\/wp-json\/wp\/v2\/comments?post=692611"}],"version-history":[{"count":0,"href":"https:\/\/www.europesays.com\/fr\/wp-json\/wp\/v2\/posts\/692611\/revisions"}],"wp:featuredmedia":[{"embeddable":true,"href":"https:\/\/www.europesays.com\/fr\/wp-json\/wp\/v2\/media\/692612"}],"wp:attachment":[{"href":"https:\/\/www.europesays.com\/fr\/wp-json\/wp\/v2\/media?parent=692611"}],"wp:term":[{"taxonomy":"category","embeddable":true,"href":"https:\/\/www.europesays.com\/fr\/wp-json\/wp\/v2\/categories?post=692611"},{"taxonomy":"post_tag","embeddable":true,"href":"https:\/\/www.europesays.com\/fr\/wp-json\/wp\/v2\/tags?post=692611"}],"curies":[{"name":"wp","href":"https:\/\/api.w.org\/{rel}","templated":true}]}}