{"id":692633,"date":"2026-01-27T11:58:09","date_gmt":"2026-01-27T11:58:09","guid":{"rendered":"https:\/\/www.europesays.com\/fr\/692633\/"},"modified":"2026-01-27T11:58:09","modified_gmt":"2026-01-27T11:58:09","slug":"les-zfe-de-rouen-et-du-havre-obtiennent-un-nouveau-sursis-on-vous-explique-pourquoi","status":"publish","type":"post","link":"https:\/\/www.europesays.com\/fr\/692633\/","title":{"rendered":"Les ZFE de Rouen et du Havre obtiennent un nouveau sursis : on vous explique pourquoi"},"content":{"rendered":"<p>                    Par<br \/>\n        <strong><br \/>\n            <a href=\"https:\/\/actu.fr\/auteur\/mathieu-charre\" title=\"Consulter tous les articles de Mathieu Charr\u00e9\" target=\"_blank\" rel=\"noopener\">Mathieu Charr\u00e9<\/a><br \/>\n                    <\/strong><\/p>\n<p>        Publi\u00e9 le<\/p>\n<p>            27 janv. 2026 \u00e0 10h45        <\/p>\n<p>Du r\u00e9pit pour les <a href=\"https:\/\/actu.fr\/tag\/zone-a-faibles-emissions-zfe\" target=\"_blank\" rel=\"noopener\">ZFE<\/a>. Ces Zones \u00e0 faibles \u00e9missions, interdites aux v\u00e9hicules les plus polluants, \u00e9taient au c\u0153ur d\u2019<a href=\"https:\/\/actu.fr\/politique\/en-seine-maritime-vos-elus-vont-ils-voter-la-suppression-des-zfe-attention-ce-n-est-pas-si-simple_63747652.html\" target=\"_blank\" rel=\"noopener\">un vote des parlementaires<\/a> ces mardi 27 et jeudi 29 janvier, dans le cadre de la loi de simplification. Mais finalement, le vote n\u2019aura pas lieu et les ZFE obtiennent un sursis\u2026<\/p>\n<p>Pas de vote avant les municipales ?<\/p>\n<p class=\" wall-content\">En Seine-Maritime, <a href=\"https:\/\/actu.fr\/normandie\/rouen_76540\" target=\"_blank\" rel=\"noopener\">Rouen<\/a> et 12 autres communes de son agglom\u00e9ration sont concern\u00e9es, tout comme <a href=\"https:\/\/actu.fr\/normandie\/le-havre_76351\/zfe-au-havre-combien-de-vehicules-sont-concernes-par-une-interdiction-de-circuler_62326485.html\" target=\"_blank\" rel=\"noopener\">Le Havre<\/a>, Saint-Adresse et quelques portions d\u2019Octeville-sur-Mer. Mais les opposants \u00e0 ces ZFE devront prendre leur mal en patience, puisque <strong>le vote les concernant a \u00e9t\u00e9 report\u00e9<\/strong>.<\/p>\n<p class=\" wall-content\">On ignore pour l\u2019heure quand les s\u00e9nateurs et d\u00e9put\u00e9s se prononceront sur ce dispositif. Le gouvernement souhaiterait trouver un compromis auparavant, et le sujet ne devrait pas \u00eatre remis \u00e0 l\u2019ordre du jour avant les \u00e9lections municipales de mars 2026.<\/p>\n<p class=\" wall-content\">R\u00e9sultat, les dispositions actuelles restent en place, en attendant que le sujet ne revienne au c\u0153ur des d\u00e9bats.<\/p>\n<p>Suivez l\u2019actualit\u00e9 de Rouen <a href=\"https:\/\/www.whatsapp.com\/channel\/0029VaKfnf99hXF2ddApFB1D\" target=\"_blank\" rel=\"noopener\">sur notre cha\u00eene WhatsApp<\/a> et <a href=\"https:\/\/www.tiktok.com\/@76actu.fr?lang=fr\" target=\"_blank\" rel=\"noopener\">sur notre compte TikTok<\/a>Suivez l\u2019actualit\u00e9 du Havre <a href=\"https:\/\/www.whatsapp.com\/channel\/0029VaFqJYE8aKvLBwVrEe0o\" target=\"_blank\" rel=\"noopener\">sur notre cha\u00eene WhatsApp<\/a> et <a href=\"https:\/\/www.tiktok.com\/@76actu.fr?lang=fr\" target=\"_blank\" rel=\"noopener\">sur notre compte TikTok<\/a><\/p>\n<p class=\" wall-content\">Personnalisez votre actualit\u00e9 en ajoutant vos villes et m\u00e9dias en favori avec <a href=\"https:\/\/moncompte.actu.fr\" title=\"D\u00e9couvez Mon Actu\" rel=\"nofollow noopener\" data-trk=\"{&quot;cta&quot;:{&quot;action&quot;:&quot;https:\\\/\\\/moncompte.actu.fr&quot;,&quot;category&quot;:&quot;mon compte&quot;,&quot;from&quot;:&quot;article footer&quot;,&quot;name&quot;:&quot;Mon actu&quot;,&quot;type&quot;:&quot;cta&quot;}}\" target=\"_blank\">Mon Actu<\/a>.<\/p>\n<p>                    <script async src=\"\/\/www.tiktok.com\/embed.js\"><\/script><\/p>\n","protected":false},"excerpt":{"rendered":"Par Mathieu Charr\u00e9 Publi\u00e9 le 27 janv. 2026 \u00e0 10h45 Du r\u00e9pit pour les ZFE. Ces Zones \u00e0&hellip;\n","protected":false},"author":2,"featured_media":692634,"comment_status":"","ping_status":"","sticky":false,"template":"","format":"standard","meta":{"footnotes":""},"categories":[9587],"tags":[1111,11,416,646,1777,674,1011,27,12,5161,316,25,9590,2433],"class_list":{"0":"post-692633","1":"post","2":"type-post","3":"status-publish","4":"format-standard","5":"has-post-thumbnail","7":"category-rouen","8":"tag-actu","9":"tag-actualites","10":"tag-assemblee-nationale","11":"tag-automobile","12":"tag-eu","13":"tag-europe","14":"tag-fr","15":"tag-france","16":"tag-news","17":"tag-normandie","18":"tag-politique","19":"tag-republique-francaise","20":"tag-rouen","21":"tag-zone-a-faibles-emissions-zfe"},"share_on_mastodon":{"url":"https:\/\/pubeurope.com\/@fr\/115966948436874500","error":""},"_links":{"self":[{"href":"https:\/\/www.europesays.com\/fr\/wp-json\/wp\/v2\/posts\/692633","targetHints":{"allow":["GET"]}}],"collection":[{"href":"https:\/\/www.europesays.com\/fr\/wp-json\/wp\/v2\/posts"}],"about":[{"href":"https:\/\/www.europesays.com\/fr\/wp-json\/wp\/v2\/types\/post"}],"author":[{"embeddable":true,"href":"https:\/\/www.europesays.com\/fr\/wp-json\/wp\/v2\/users\/2"}],"replies":[{"embeddable":true,"href":"https:\/\/www.europesays.com\/fr\/wp-json\/wp\/v2\/comments?post=692633"}],"version-history":[{"count":0,"href":"https:\/\/www.europesays.com\/fr\/wp-json\/wp\/v2\/posts\/692633\/revisions"}],"wp:featuredmedia":[{"embeddable":true,"href":"https:\/\/www.europesays.com\/fr\/wp-json\/wp\/v2\/media\/692634"}],"wp:attachment":[{"href":"https:\/\/www.europesays.com\/fr\/wp-json\/wp\/v2\/media?parent=692633"}],"wp:term":[{"taxonomy":"category","embeddable":true,"href":"https:\/\/www.europesays.com\/fr\/wp-json\/wp\/v2\/categories?post=692633"},{"taxonomy":"post_tag","embeddable":true,"href":"https:\/\/www.europesays.com\/fr\/wp-json\/wp\/v2\/tags?post=692633"}],"curies":[{"name":"wp","href":"https:\/\/api.w.org\/{rel}","templated":true}]}}