{"id":692637,"date":"2026-01-27T12:00:16","date_gmt":"2026-01-27T12:00:16","guid":{"rendered":"https:\/\/www.europesays.com\/fr\/692637\/"},"modified":"2026-01-27T12:00:16","modified_gmt":"2026-01-27T12:00:16","slug":"le-projet-de-la-belle-electrique-choisi","status":"publish","type":"post","link":"https:\/\/www.europesays.com\/fr\/692637\/","title":{"rendered":"le projet de La Belle \u00c9lectrique choisi"},"content":{"rendered":"<p>On conna\u00eet d\u00e9sormais le nom de la structure qui va reprendre <a href=\"https:\/\/www.ledauphine.com\/economie\/2025\/06\/06\/isere-grenoble-la-bobine-en-liquidation-judiciaire-fermera-ses-portes-le-20-juin\" target=\"_blank\" rel=\"noopener\">La Bobine<\/a>. Il s\u2019agit de La Belle \u00c9lectrique, \u00e0 travers sa Soci\u00e9t\u00e9\u00a0coop\u00e9rative d\u2019int\u00e9r\u00eat collectif (SCIC). La structure avait d\u00e9j\u00e0 postul\u00e9 lors du premier appel d\u2019offres mais le comit\u00e9 de s\u00e9lection avait pr\u00e9f\u00e9r\u00e9 le projet de l\u2019Autre asso. Avant que ce collectif de citoyens ne jette l\u2019\u00e9ponge <a href=\"https:\/\/www.ledauphine.com\/faits-divers-justice\/2025\/12\/10\/les-derniers-squatteurs-de-l-ex-bobine-evacues-par-les-forces-de-l-ordre\" target=\"_blank\" rel=\"noopener\">suite \u00e0 l\u2019occupation des lieux par des squatteurs<\/a>.<\/p>\n<p>\u00ab\u00a0L\u2019absence de dialogue possible avec les personnes occupant ill\u00e9galement la Bobine, le manque d\u2019acc\u00e8s au lieu et des difficult\u00e9s \u00e0 financer le projet ont conduit l\u2019Autre Sc\u00e8ne \u00e0 se retirer du projet \u00e0 l\u2019automne 2025\u00a0\u00bb, pr\u00e9cise la municipalit\u00e9. La Ville de Grenoble, propri\u00e9taire du b\u00e2timent, avait alors\u00a0engag\u00e9 une nouvelle d\u00e9marche visant \u00e0 confier l\u2019exploitation du site \u00e0 une structure culturelle \u00e0 partir du mois de mars.<\/p>\n<p>  \u00ab D\u00e9passer le cadre de la musique pour toucher d\u2019autres formes \u00bb<\/p>\n<p>Quatre candidatures ont \u00e9t\u00e9 d\u00e9pos\u00e9es et jug\u00e9es recevables. Plusieurs offres \u00e9manaient d\u2019acteurs locaux.\u00a0Une convention d\u2019occupation temporaire du domaine public d\u2019une dur\u00e9e de cinq ans sera propos\u00e9e \u00e0 La Belle \u00c9lectrique.<\/p>\n<p>\u00ab\u00a0La SCIC conciliera son exp\u00e9rience des musiques actuelles et les principes qui faisaient l\u2019identit\u00e9 culturelle de ce lieu\u00a0: une jauge de 300 places, une place renforc\u00e9e aux acteurs locaux, mais aussi \u00e0 d\u2019autres organisateurs et producteurs nationaux, \u00e0 des amateurs\u2026 sans s\u2019interdire de d\u00e9passer le cadre de la musique pour toucher d\u2019autres formes. Les m\u00e9lomanes et les professionnels auront acc\u00e8s \u00e0 des studios et des lieux de r\u00e9p\u00e9tition, mais aussi \u00e0 une nouvelle offre de concerts et une programmation ambitieuse de musique live\u00a0\u00bb, pr\u00e9cise la Ville.<\/p>\n","protected":false},"excerpt":{"rendered":"On conna\u00eet d\u00e9sormais le nom de la structure qui va reprendre La Bobine. Il s\u2019agit de La Belle&hellip;\n","protected":false},"author":2,"featured_media":692638,"comment_status":"","ping_status":"","sticky":false,"template":"","format":"standard","meta":{"footnotes":""},"categories":[9566],"tags":[1111,11,2430,1687,112,1777,674,1011,27,2731,2732,108,12,25,3140],"class_list":{"0":"post-692637","1":"post","2":"type-post","3":"status-publish","4":"format-standard","5":"has-post-thumbnail","7":"category-grenoble","8":"tag-actu","9":"tag-actualites","10":"tag-auvergne-rhone-alpes","11":"tag-culture-loisirs","12":"tag-edition-grenoble-agglomeration","13":"tag-eu","14":"tag-europe","15":"tag-fr","16":"tag-france","17":"tag-grenoble","18":"tag-grenoble-bassin","19":"tag-isere","20":"tag-news","21":"tag-republique-francaise","22":"tag-spectacle"},"share_on_mastodon":{"url":"https:\/\/pubeurope.com\/@fr\/115966956351110088","error":""},"_links":{"self":[{"href":"https:\/\/www.europesays.com\/fr\/wp-json\/wp\/v2\/posts\/692637","targetHints":{"allow":["GET"]}}],"collection":[{"href":"https:\/\/www.europesays.com\/fr\/wp-json\/wp\/v2\/posts"}],"about":[{"href":"https:\/\/www.europesays.com\/fr\/wp-json\/wp\/v2\/types\/post"}],"author":[{"embeddable":true,"href":"https:\/\/www.europesays.com\/fr\/wp-json\/wp\/v2\/users\/2"}],"replies":[{"embeddable":true,"href":"https:\/\/www.europesays.com\/fr\/wp-json\/wp\/v2\/comments?post=692637"}],"version-history":[{"count":0,"href":"https:\/\/www.europesays.com\/fr\/wp-json\/wp\/v2\/posts\/692637\/revisions"}],"wp:featuredmedia":[{"embeddable":true,"href":"https:\/\/www.europesays.com\/fr\/wp-json\/wp\/v2\/media\/692638"}],"wp:attachment":[{"href":"https:\/\/www.europesays.com\/fr\/wp-json\/wp\/v2\/media?parent=692637"}],"wp:term":[{"taxonomy":"category","embeddable":true,"href":"https:\/\/www.europesays.com\/fr\/wp-json\/wp\/v2\/categories?post=692637"},{"taxonomy":"post_tag","embeddable":true,"href":"https:\/\/www.europesays.com\/fr\/wp-json\/wp\/v2\/tags?post=692637"}],"curies":[{"name":"wp","href":"https:\/\/api.w.org\/{rel}","templated":true}]}}