{"id":692647,"date":"2026-01-27T12:07:09","date_gmt":"2026-01-27T12:07:09","guid":{"rendered":"https:\/\/www.europesays.com\/fr\/692647\/"},"modified":"2026-01-27T12:07:09","modified_gmt":"2026-01-27T12:07:09","slug":"le-centre-commercial-cap-3000-bat-un-record-historique-les-chiffres-devoiles","status":"publish","type":"post","link":"https:\/\/www.europesays.com\/fr\/692647\/","title":{"rendered":"Le centre commercial Cap 3000 bat un record historique : les chiffres d\u00e9voil\u00e9s"},"content":{"rendered":"<p>                    Par<br \/>\n        <strong><br \/>\n            <a href=\"https:\/\/actu.fr\/auteur\/ugo-maillard\" title=\"Consulter tous les articles de Ugo Maillard\" target=\"_blank\" rel=\"noopener\">Ugo Maillard<\/a><br \/>\n                    <\/strong><\/p>\n<p>        Publi\u00e9 le<\/p>\n<p>            27 janv. 2026 \u00e0 12h40        <\/p>\n<p>Le plus grand centre commercial des <a href=\"https:\/\/actu.fr\/provence-alpes-cote-d-azur\/alpes-maritimes_06\" target=\"_blank\" rel=\"noopener\">Alpes-Maritimes<\/a> se porte bien. \u00c0 l\u2019occasion de ce d\u00e9but d\u2019ann\u00e9e 2026, le directeur de <strong>Cap 3000<\/strong>, Fr\u00e9d\u00e9ric Llorca, a dress\u00e9 un bilan de l\u2019activit\u00e9 du centre durant l\u2019ann\u00e9e 2025. Un exercice record pour les \u00e9quipes et les enseignes du centre commercial situ\u00e9 \u00e0 Saint-Laurent-du-Var, pr\u00e8s de <a href=\"https:\/\/actu.fr\/nice\/\" target=\"_blank\" rel=\"noopener\">Nice<\/a>. Selon les mots de son directeur, Cap 3000 a connu \u00ab\u2009une ann\u00e9e de cons\u00e9cration, une ann\u00e9e record\u2009\u00bb.<\/p>\n<p class=\" wall-content\">12\u00a0millions en 2023, 12,4\u00a0millions en 2024 et\u2026<strong> 12,5\u00a0millions de visiteurs en 2025<\/strong>. C\u2019est avec une fiert\u00e9 non dissimul\u00e9e que Fr\u00e9d\u00e9ric Llorca a d\u00e9voil\u00e9 les chiffres de la fr\u00e9quentation. Le directeur de Cap 3000 a \u00e9voqu\u00e9 les raisons de ce succ\u00e8s, ce mardi 27\u00a0janvier 2026.<\/p>\n<p>Une fr\u00e9quentation boost\u00e9e par les touristes<\/p>\n<p class=\" wall-content\">Pour expliquer le succ\u00e8s rencontr\u00e9 sur cette ann\u00e9e qui vient de se terminer, le directeur du centre commercial de <a href=\"https:\/\/actu.fr\/provence-alpes-cote-d-azur\/saint-laurent-du-var_06123\/pres-de-nice-ce-restaurant-d-alain-ducasse-quitte-cap-3000-en-catimini-ce-qui-le-remplace_63577296.html\" target=\"_blank\" rel=\"noopener\">Cap 3000<\/a> souhaite mettre en avant le dynamisme du site. \u00ab\u2009Au cours de l\u2019ann\u00e9e, nous avons accueilli 35 nouvelles enseignes et organis\u00e9 85 \u00e9v\u00e9nements tous publics\u2009\u00bb.<\/p>\n<blockquote class=\"ac-article-quote wall-content\">\n<p>Nous insistons sur l\u2019axe multig\u00e9n\u00e9rationnel pour accueillir un panel de clients, le plus vaste possible. En 2025, nous avons souhait\u00e9 renforcer l&rsquo;offre pour la Gen Z avec l&rsquo;arriv\u00e9e de marques comme Pull&amp;Bear.\n<\/p>\n<p>    <strong>Fr\u00e9d\u00e9ric Llorca<\/strong><br \/>\n        Directeur de Cap 3000    <\/p><\/blockquote>\n<p class=\" wall-content\">Facteur d\u00e9terminant dans ce record de fr\u00e9quentation, la client\u00e8le internationale. En 2025, la <strong>hausse des clients \u00e9trangers est de 30\u2009%<\/strong> \u00e0 Cap 3000, soit 2.625.000 touristes sur l\u2019ann\u00e9e.<\/p>\n<p class=\" wall-content\">Et pour la nationalit\u00e9 la plus repr\u00e9sent\u00e9e parmi les clients de Cap 3000, les <strong>Mon\u00e9gasques arrivent \u00e0 la premi\u00e8re place<\/strong>, une premi\u00e8re. Suivent les clients italiens et ceux venus des \u00c9tats-Unis.<\/p>\n<blockquote class=\"ac-article-quote wall-content\">\n<p>Ce qui marche, c\u2019est le luxe et le discount en ce moment. Chaque enseigne qui part est remplac\u00e9e. En ce mois de janvier 2026, nous avons trois cellules sur 300 qui ne sont pas commercialis\u00e9es. C&rsquo;est tr\u00e8s peu.<\/p>\n<p>    <strong>Fr\u00e9d\u00e9ric Llorca<\/strong>\n            <\/p><\/blockquote>\n<p>Votre r\u00e9gion, votre actu !<\/p>\n<p>Recevez chaque jour les infos qui comptent pour vous.<\/p>\n<p>\t<a href=\"https:\/\/actu.fr\/newsletter\" class=\"ac-btn ac-btn--corner ac-btn--medium ac-btn--blue800\" target=\"_blank\" rel=\"noopener\">S&rsquo;incrire<\/a><\/p>\n<p class=\" wall-content\">Pour ce qui est du chiffre d\u2019affaires, la direction de Cap 3000 indique que le propri\u00e9taire des lieux, le groupe Altarea, communiquera durant le mois de f\u00e9vrier.<\/p>\n<p>Vers un d\u00e9veloppement \u00e0 l\u2019international<\/p>\n<p class=\" wall-content\">Interrog\u00e9 sur les attentes de la direction de Cap 3000, le patron liste les pistes de d\u00e9veloppement\u2009: \u00ab\u2009On ambitionne toujours d\u2019augmenter la fr\u00e9quentation. Cela passera par l\u2019amplification de l\u2019attractivit\u00e9, l\u2019\u00e9largissement de l\u2019influence avec nos r\u00e9seaux sociaux et un d\u00e9veloppement de l\u2019international, notamment tourn\u00e9 vers l\u2019Asie et le Moyen-Orient\u2009\u00bb.<\/p>\n<p class=\" wall-content\">\u00c0 noter que de nouvelles enseignes devraient \u00eatre encore annonc\u00e9es dans les jours \u00e0 venir.<\/p>\n<p class=\" wall-content\">Personnalisez votre actualit\u00e9 en ajoutant vos villes et m\u00e9dias en favori avec <a href=\"https:\/\/moncompte.actu.fr\" title=\"D\u00e9couvez Mon Actu\" rel=\"nofollow noopener\" data-trk=\"{&quot;cta&quot;:{&quot;action&quot;:&quot;https:\\\/\\\/moncompte.actu.fr&quot;,&quot;category&quot;:&quot;mon compte&quot;,&quot;from&quot;:&quot;article footer&quot;,&quot;name&quot;:&quot;Mon actu&quot;,&quot;type&quot;:&quot;cta&quot;}}\" target=\"_blank\">Mon Actu<\/a>.<\/p>\n","protected":false},"excerpt":{"rendered":"Par Ugo Maillard Publi\u00e9 le 27 janv. 2026 \u00e0 12h40 Le plus grand centre commercial des Alpes-Maritimes se&hellip;\n","protected":false},"author":2,"featured_media":692648,"comment_status":"","ping_status":"","sticky":false,"template":"","format":"standard","meta":{"footnotes":""},"categories":[2819],"tags":[1111,11,215,33,1777,674,1011,27,12,2401,882,25],"class_list":{"0":"post-692647","1":"post","2":"type-post","3":"status-publish","4":"format-standard","5":"has-post-thumbnail","7":"category-nice","8":"tag-actu","9":"tag-actualites","10":"tag-commerce","11":"tag-economie","12":"tag-eu","13":"tag-europe","14":"tag-fr","15":"tag-france","16":"tag-news","17":"tag-nice","18":"tag-provence-alpes-cote-dazur","19":"tag-republique-francaise"},"share_on_mastodon":{"url":"https:\/\/pubeurope.com\/@fr\/115966983832284518","error":""},"_links":{"self":[{"href":"https:\/\/www.europesays.com\/fr\/wp-json\/wp\/v2\/posts\/692647","targetHints":{"allow":["GET"]}}],"collection":[{"href":"https:\/\/www.europesays.com\/fr\/wp-json\/wp\/v2\/posts"}],"about":[{"href":"https:\/\/www.europesays.com\/fr\/wp-json\/wp\/v2\/types\/post"}],"author":[{"embeddable":true,"href":"https:\/\/www.europesays.com\/fr\/wp-json\/wp\/v2\/users\/2"}],"replies":[{"embeddable":true,"href":"https:\/\/www.europesays.com\/fr\/wp-json\/wp\/v2\/comments?post=692647"}],"version-history":[{"count":0,"href":"https:\/\/www.europesays.com\/fr\/wp-json\/wp\/v2\/posts\/692647\/revisions"}],"wp:featuredmedia":[{"embeddable":true,"href":"https:\/\/www.europesays.com\/fr\/wp-json\/wp\/v2\/media\/692648"}],"wp:attachment":[{"href":"https:\/\/www.europesays.com\/fr\/wp-json\/wp\/v2\/media?parent=692647"}],"wp:term":[{"taxonomy":"category","embeddable":true,"href":"https:\/\/www.europesays.com\/fr\/wp-json\/wp\/v2\/categories?post=692647"},{"taxonomy":"post_tag","embeddable":true,"href":"https:\/\/www.europesays.com\/fr\/wp-json\/wp\/v2\/tags?post=692647"}],"curies":[{"name":"wp","href":"https:\/\/api.w.org\/{rel}","templated":true}]}}