{"id":692663,"date":"2026-01-27T12:16:12","date_gmt":"2026-01-27T12:16:12","guid":{"rendered":"https:\/\/www.europesays.com\/fr\/692663\/"},"modified":"2026-01-27T12:16:12","modified_gmt":"2026-01-27T12:16:12","slug":"durant-trois-jours-ce-grand-salon-a-lille-promet-de-vous-faire-voyager","status":"publish","type":"post","link":"https:\/\/www.europesays.com\/fr\/692663\/","title":{"rendered":"Durant trois jours, ce grand salon \u00e0 Lille promet de vous faire voyager"},"content":{"rendered":"<p>                    Par<br \/>\n        <strong><br \/>\n            <a href=\"https:\/\/actu.fr\/auteur\/nicolas-demollien\" title=\"Consulter tous les articles de Nicolas Demollien\" target=\"_blank\" rel=\"noopener\">Nicolas Demollien<\/a><br \/>\n                    <\/strong><\/p>\n<p>        Publi\u00e9 le<\/p>\n<p>            27 janv. 2026 \u00e0 12h36        <\/p>\n<p>Des <b>milliers de visiteurs<\/b> sont attendus du c\u00f4t\u00e9 de <a href=\"https:\/\/actu.fr\/tag\/lille-grand-palais\" target=\"_blank\" rel=\"noopener\">Lille Grand Palais<\/a> tout le week-end ! Il faut dire que le <b>salon<\/b> du <a href=\"https:\/\/actu.fr\/tag\/tourisme\" target=\"_blank\" rel=\"noopener\">tourisme<\/a> et des activit\u00e9s nature <b>Tourissima<\/b> organis\u00e9 du <b>vendredi 30 janvier au dimanche 1er f\u00e9vrier 2026<\/b> promet de vous emmener vers de <b>belles destinations<\/b> !<\/p>\n<p>Le salon du tourisme vous emm\u00e8ne en voyage \u00e0 Lille Grand Palais<\/p>\n<p data-end=\"494\" class=\" wall-content\">Avec <b>pr\u00e8s de 240 exposants<\/b>, cette 37e \u00e9dition proposera ainsi une <b>offre pl\u00e9thorique de s\u00e9jours, d\u2019activit\u00e9s outdoor et culturelles<\/b> aux voyageurs des <a href=\"https:\/\/actu.fr\/hauts-de-france\/\" target=\"_blank\" rel=\"noopener\">Hauts-de-France<\/a> et des territoires frontaliers. Ce sont plus de 18 000 visiteurs qui sont attendus sur place.<\/p>\n<p data-end=\"557\" class=\" wall-content\">\u00ab\u00a0Deux th\u00e9matiques seront particuli\u00e8rement abord\u00e9es en 2026\u00a0\u00bb, annoncent les organisateurs :<\/p>\n<ul class=\" wall-content\">\n<li data-end=\"652\"><b data-end=\"572\">L\u2019Europe<\/b>, avec la quasi-totalit\u00e9 des destinations europ\u00e9ennes propos\u00e9es sur le salon ;<\/li>\n<li data-end=\"791\"><b data-end=\"668\">L\u2019Outdoor<\/b>, avec des territoires fran\u00e7ais et internationaux, agences de voyages et r\u00e9ceptifs invitant \u00e0 se reconnecter \u00e0 la nature.<\/li>\n<\/ul>\n<p data-end=\"863\" class=\" wall-content\">\u00ab\u00a0Ces deux th\u00e9matiques b\u00e9n\u00e9ficieront d\u2019un parcours de visite sp\u00e9cifique mais d\u2019autres tendances seront \u00e9galement mises en avant lors de cette \u00e9dition\u00a0\u00bb, encha\u00eenent les organisateurs.<\/p>\n<p data-end=\"1086\" class=\" wall-content\">P\u00eale-m\u00eale, vous pourrez d\u00e9couvrir de nombreux stands concernant le tourisme interg\u00e9n\u00e9rationnel ; voyager avec son animal de compagnie ; le retour \u00e0 la ferme ou encore le retour \u00e0 soi, avec des s\u00e9jours bien-\u00eatre et des activit\u00e9s de yoga, de sylvoth\u00e9rapie, etc.<\/p>\n<p data-end=\"1086\" class=\" wall-content\">Vous l\u2019aurez compris, il devrait y en avoir pour tous les go\u00fbts !<\/p>\n<p>Votre r\u00e9gion, votre actu !<\/p>\n<p>Recevez chaque jour les infos qui comptent pour vous.<\/p>\n<p>\t<a href=\"https:\/\/actu.fr\/newsletter\" class=\"ac-btn ac-btn--corner ac-btn--medium ac-btn--blue800\" target=\"_blank\" rel=\"noopener\">S&rsquo;incrire<\/a><\/p>\n<p>    <a href=\"https:\/\/www.facebook.com\/plugins\/post.php?href=https%3A%2F%2Fwww.facebook.com%2FSalonsTourisme%2Fposts%2Fpfbid02hC96rrCYkUeVWDdjduS8gfxkTsxQ71DQqBFbiHyvPhCiMDK87zjUertS4D3NmNunl&amp;show_text=true&amp;width=350\" title=\"Ouvrie le lien\" target=\"_blank\" rel=\"noopener\">Cliquez ici pour visualiser le contenu<\/a><\/p>\n<p data-end=\"1251\" class=\" wall-content\">Plus d\u2019infos sur le site <a href=\"https:\/\/www.salons-du-tourisme.com\/fr-FR\" target=\"_blank\" rel=\"noopener\">salons-du-tourisme.com<\/a><\/p>\n<p class=\" wall-content\">Personnalisez votre actualit\u00e9 en ajoutant vos villes et m\u00e9dias en favori avec <a href=\"https:\/\/moncompte.actu.fr\" title=\"D\u00e9couvez Mon Actu\" rel=\"nofollow noopener\" data-trk=\"{&quot;cta&quot;:{&quot;action&quot;:&quot;https:\\\/\\\/moncompte.actu.fr&quot;,&quot;category&quot;:&quot;mon compte&quot;,&quot;from&quot;:&quot;article footer&quot;,&quot;name&quot;:&quot;Mon actu&quot;,&quot;type&quot;:&quot;cta&quot;}}\" target=\"_blank\">Mon Actu<\/a>.<\/p>\n","protected":false},"excerpt":{"rendered":"Par Nicolas Demollien Publi\u00e9 le 27 janv. 2026 \u00e0 12h36 Des milliers de visiteurs sont attendus du c\u00f4t\u00e9&hellip;\n","protected":false},"author":2,"featured_media":692664,"comment_status":"","ping_status":"","sticky":false,"template":"","format":"standard","meta":{"footnotes":""},"categories":[2815],"tags":[1111,11,1777,674,1011,27,811,1307,11505,1652,12,25,602,586],"class_list":{"0":"post-692663","1":"post","2":"type-post","3":"status-publish","4":"format-standard","5":"has-post-thumbnail","7":"category-lille","8":"tag-actu","9":"tag-actualites","10":"tag-eu","11":"tag-europe","12":"tag-fr","13":"tag-france","14":"tag-hauts-de-france","15":"tag-lille","16":"tag-lille-grand-palais","17":"tag-loisirs-culture","18":"tag-news","19":"tag-republique-francaise","20":"tag-tourisme","21":"tag-voyage"},"share_on_mastodon":{"url":"https:\/\/pubeurope.com\/@fr\/115967019182581936","error":""},"_links":{"self":[{"href":"https:\/\/www.europesays.com\/fr\/wp-json\/wp\/v2\/posts\/692663","targetHints":{"allow":["GET"]}}],"collection":[{"href":"https:\/\/www.europesays.com\/fr\/wp-json\/wp\/v2\/posts"}],"about":[{"href":"https:\/\/www.europesays.com\/fr\/wp-json\/wp\/v2\/types\/post"}],"author":[{"embeddable":true,"href":"https:\/\/www.europesays.com\/fr\/wp-json\/wp\/v2\/users\/2"}],"replies":[{"embeddable":true,"href":"https:\/\/www.europesays.com\/fr\/wp-json\/wp\/v2\/comments?post=692663"}],"version-history":[{"count":0,"href":"https:\/\/www.europesays.com\/fr\/wp-json\/wp\/v2\/posts\/692663\/revisions"}],"wp:featuredmedia":[{"embeddable":true,"href":"https:\/\/www.europesays.com\/fr\/wp-json\/wp\/v2\/media\/692664"}],"wp:attachment":[{"href":"https:\/\/www.europesays.com\/fr\/wp-json\/wp\/v2\/media?parent=692663"}],"wp:term":[{"taxonomy":"category","embeddable":true,"href":"https:\/\/www.europesays.com\/fr\/wp-json\/wp\/v2\/categories?post=692663"},{"taxonomy":"post_tag","embeddable":true,"href":"https:\/\/www.europesays.com\/fr\/wp-json\/wp\/v2\/tags?post=692663"}],"curies":[{"name":"wp","href":"https:\/\/api.w.org\/{rel}","templated":true}]}}