{"id":692688,"date":"2026-01-27T12:30:12","date_gmt":"2026-01-27T12:30:12","guid":{"rendered":"https:\/\/www.europesays.com\/fr\/692688\/"},"modified":"2026-01-27T12:30:12","modified_gmt":"2026-01-27T12:30:12","slug":"f-35-et-dependance-aux-usa-de-trump-la-belgique-doit-elle-stopper-ses-achats-davions-mr-et-opposition-se-font-face","status":"publish","type":"post","link":"https:\/\/www.europesays.com\/fr\/692688\/","title":{"rendered":"F-35 et d\u00e9pendance aux USA de Trump: la Belgique doit-elle stopper ses achats d&rsquo;avions? MR et opposition se font face"},"content":{"rendered":"<p class=\"ap-StoryElement ap-StoryElement--mb ap-StoryText\">Le choix de <a href=\"https:\/\/www.moustique.be\/notre-epoque\/les-infos\/2025\/02\/27\/pourra-t-on-se-defendre-sans-le-grand-frere-americain-DDQLHI7V5ZFBJGSVMPRXPHZC5Y\/\" rel=\"noopener\" target=\"_blank\">cet avion de combat am\u00e9ricain<\/a> pour \u00e9quiper la Force a\u00e9rienne a \u00e9t\u00e9 brandi par l&rsquo;opposition. Le PS, le PTB, Ecolo-Groen, D\u00e9FI ont exhort\u00e9 le gouvernement \u00e0 renoncer \u00e0 en acheter de nouveaux exemplaires, comme le pr\u00e9voit la Vision strat\u00e9gique pour la D\u00e9fense 2025. En vain: la demande d&rsquo;urgence pour une proposition de r\u00e9solution qui portait cette demande a \u00e9t\u00e9 rejet\u00e9e par l&rsquo;ensemble de la majorit\u00e9.<\/p>\n<p><a href=\"https:\/\/www.moustique.be\/notre-epoque\/nos-explications\/2025\/12\/31\/les-guerres-en-2025-sur-la-carte-du-monde-des-conflits-armes-entre-bruits-de-bottes-russes-et-cris-gazaouis-la-belgique-a-ete-forcee-de-se-situer-ZLF3MLK2HNGHTMPY3ZGJ43FEFQ\/\" target=\"_self\" class=\"ap-StoryInterstitialLink ap-StoryElement ap-StoryElement--mb\" rel=\"noopener\">Les guerres en 2026: Ukraine, Gaza&#8230; Les choses pourraient-elles encore d\u00e9g\u00e9n\u00e9rer en 2026 ?<\/a>Une d\u00e9pendance militaire envers les USA? <\/p>\n<p class=\"ap-StoryElement ap-StoryElement--mb ap-StoryText\">La question du F-35 n\u2019est pas juste celle d&rsquo;un avion. Car, en r\u00e9alit\u00e9, c\u2019est un syst\u00e8me \u201cnum\u00e9rique\u201d dont la maintenance, la gestion des pi\u00e8ces et une partie du soutien passent par un syst\u00e8me logistique con\u00e7u et gouvern\u00e9 par les Am\u00e9ricains. Les acheter, c&rsquo;est donc d\u00e9pendre en quelque sorte des USA. Un \u00e9l\u00e9ment \u00e9videmment probl\u00e9matique, surtout en cette p\u00e9riode, tellement les actions de Donald Trump peuvent sembler impr\u00e9visibles. La crispation croissante entre Europ\u00e9ens et Am\u00e9ricains souligne les points de d\u00e9pendance de l\u2019Europe dans une s\u00e9rie de domaines \u00e9conomiques cl\u00e9s: armement et d\u00e9fense, industrie spatiale, t\u00e9l\u00e9communications, plateformes et services num\u00e9riques, \u00e9nergie,&#8230;<\/p>\n<p class=\"ap-StoryElement ap-StoryElement--mb ap-StoryText\">L&rsquo;ironie de cette situation (loin d&rsquo;\u00eatre dr\u00f4le) est confirm\u00e9e par la protection men\u00e9e par le Danemark (propri\u00e9taire du territoire autonome du Groenland) de son espace a\u00e9rien&#8230; par des avions de chasse F-35 am\u00e9ricains fabriqu\u00e9s par Lockheed Martin. Et, selon nos <a href=\"https:\/\/www.lemonde.fr\/economie\/article\/2026\/01\/24\/l-europe-souffre-de-multiples-dependances-aux-etats-unis_6663899_3234.html\" rel=\"noopener\" target=\"_blank\">confr\u00e8res du journal Le Monde<\/a>, pour pr\u00e9parer leurs missions, les pilotes des F-35 europ\u00e9ens doivent envoyer leurs plans de vol vers des centres de donn\u00e9es am\u00e9ricains. Nous sommes 13 pays en Europe \u00e0 en poss\u00e9der: le Royaume-Uni, l&rsquo;Italie, l&rsquo;Allemagne, les Pays-Bas, la Belgique, la Finlande, la Norv\u00e8ge, le Danemark, la Pologne, la Roumanie, la Gr\u00e8ce, la Suisse et la R\u00e9publique tch\u00e8que.<\/p>\n<p><a href=\"https:\/\/www.moustique.be\/notre-epoque\/les-infos\/2025\/10\/23\/la-defense-belge-se-rearme-le-ministre-theo-francken-vient-dannoncer-une-alliance-avec-les-pays-bas-et-lacquisition-de-neuf-batteries-de-missiles-2R7KYURPHBGLDFXNLKD6ZCVYRU\/\" target=\"_self\" class=\"ap-StoryInterstitialLink ap-StoryElement ap-StoryElement--mb\" rel=\"noopener\">La D\u00e9fense belge se r\u00e9arme: le ministre Theo Francken vient d&rsquo;annoncer une alliance avec les Pays-bas et l&rsquo;acquisition de neuf batteries de missiles<\/a>Vers un changement de cap?<\/p>\n<p class=\"ap-StoryElement ap-StoryElement--mb ap-StoryText\">Alors, m\u00eame si le gouvernement montre son ambition de maintenir l&rsquo;achat de nouveaux avions, il semble que sur les bancs du MR, les avis commencent \u00e0 diverger. Le d\u00e9put\u00e9 Denis Ducarme a expliqu\u00e9 dans Le Vif jeudi matin n&rsquo;\u00eatre pas totalement favorable \u00e0 cette d\u00e9cision, ou du moins, il permet le doute. \u00ab\u00a0Compte tenu des r\u00e9centes d\u00e9clarations de Trump et de sa remise en cause des fondements de l\u2019Otan, doit-on r\u00e9ellement poursuivre sur cette voie sans la remettre en question?\u00a0\u00bb. C&rsquo;est un peu le m\u00eame constat pour son coll\u00e8gue Mathieu Michel: il est \u00ab\u00a0pertinent de r\u00e9interroger l\u2019achat d\u2019avions am\u00e9ricains dans le contexte de l\u2019actualit\u00e9\u00a0\u00bb.<\/p>\n<p class=\"ap-StoryElement ap-StoryElement--mb ap-StoryText\">Il existe \u00e9videmment peu de chances que le MR d\u00e9cide de changer de cap, surtout quand son pr\u00e9sident se d\u00e9clare en faveur de la continuit\u00e9 du plan d&rsquo;achat, tout comme le gouvernement.<\/p>\n","protected":false},"excerpt":{"rendered":"Le choix de cet avion de combat am\u00e9ricain pour \u00e9quiper la Force a\u00e9rienne a \u00e9t\u00e9 brandi par l&rsquo;opposition.&hellip;\n","protected":false},"author":2,"featured_media":692689,"comment_status":"","ping_status":"","sticky":false,"template":"","format":"standard","meta":{"footnotes":""},"categories":[1589],"tags":[11,2965,1813,9237,37,16105,78559,828,4183,554,73,1866,21858,78560,12,1864,1865,1863,308],"class_list":{"0":"post-692688","1":"post","2":"type-post","3":"status-publish","4":"format-standard","5":"has-post-thumbnail","7":"category-etats-unis","8":"tag-actualites","9":"tag-air","10":"tag-armee","11":"tag-arrivee","12":"tag-avion","13":"tag-base","14":"tag-belgian-air-force","15":"tag-belgique","16":"tag-chasse","17":"tag-defense","18":"tag-etats-unis","19":"tag-etats-unis-damerique","20":"tag-f-35","21":"tag-florennes","22":"tag-news","23":"tag-united-states","24":"tag-united-states-of-america","25":"tag-us","26":"tag-usa"},"share_on_mastodon":{"url":"https:\/\/pubeurope.com\/@fr\/115967074228569304","error":""},"_links":{"self":[{"href":"https:\/\/www.europesays.com\/fr\/wp-json\/wp\/v2\/posts\/692688","targetHints":{"allow":["GET"]}}],"collection":[{"href":"https:\/\/www.europesays.com\/fr\/wp-json\/wp\/v2\/posts"}],"about":[{"href":"https:\/\/www.europesays.com\/fr\/wp-json\/wp\/v2\/types\/post"}],"author":[{"embeddable":true,"href":"https:\/\/www.europesays.com\/fr\/wp-json\/wp\/v2\/users\/2"}],"replies":[{"embeddable":true,"href":"https:\/\/www.europesays.com\/fr\/wp-json\/wp\/v2\/comments?post=692688"}],"version-history":[{"count":0,"href":"https:\/\/www.europesays.com\/fr\/wp-json\/wp\/v2\/posts\/692688\/revisions"}],"wp:featuredmedia":[{"embeddable":true,"href":"https:\/\/www.europesays.com\/fr\/wp-json\/wp\/v2\/media\/692689"}],"wp:attachment":[{"href":"https:\/\/www.europesays.com\/fr\/wp-json\/wp\/v2\/media?parent=692688"}],"wp:term":[{"taxonomy":"category","embeddable":true,"href":"https:\/\/www.europesays.com\/fr\/wp-json\/wp\/v2\/categories?post=692688"},{"taxonomy":"post_tag","embeddable":true,"href":"https:\/\/www.europesays.com\/fr\/wp-json\/wp\/v2\/tags?post=692688"}],"curies":[{"name":"wp","href":"https:\/\/api.w.org\/{rel}","templated":true}]}}