{"id":692704,"date":"2026-01-27T12:39:12","date_gmt":"2026-01-27T12:39:12","guid":{"rendered":"https:\/\/www.europesays.com\/fr\/692704\/"},"modified":"2026-01-27T12:39:12","modified_gmt":"2026-01-27T12:39:12","slug":"50-ans-au-service-du-volley-ball-malgache","status":"publish","type":"post","link":"https:\/\/www.europesays.com\/fr\/692704\/","title":{"rendered":"50 ans au service du volley-ball malgache"},"content":{"rendered":"<p><img loading=\"lazy\" decoding=\"async\" width=\"1024\" height=\"768\" src=\"https:\/\/www.europesays.com\/fr\/wp-content\/uploads\/2026\/01\/LEA-1024x768.jpg\" alt=\"\" class=\"wp-image-378205\"  \/>L\u00e9a Raharimalala, une vie enti\u00e8re consacr\u00e9e au volley-ball.<\/p>\n<p>Le gymnase couvert d\u2019Ankorondrano \u00e9tait en effervescence, ce week-end, \u00e0 l\u2019occasion de la cl\u00f4ture du jubil\u00e9 des 50 ans de pratique de L\u00e9a Raharimalala, figure embl\u00e9matique et actuelle pr\u00e9sidente de la F\u00e9d\u00e9ration malgache de volley-ball (FMVB). Trois jours de festivit\u00e9s ont permis de retracer un demi-si\u00e8cle d\u2019engagement et de passion, ponctu\u00e9s de matchs, de retrouvailles et de moments de partage avec ses anciens co\u00e9quipiers et compagnons de route. Toujours en pleine forme, L\u00e9a Raharimalala n\u2019a pas h\u00e9sit\u00e9 \u00e0 reprendre le terrain. Aux c\u00f4t\u00e9s de Lanto, Mbola, Vola, Lalaniriana, Val\u00e9rie\u2026 elle a disput\u00e9 une rencontre amicale remport\u00e9e par son \u00e9quipe sur le score de deux sets \u00e0 un, preuve que l\u2019\u00e9nergie et la d\u00e9termination demeurent intactes. L\u2019\u00e9v\u00e9nement a \u00e9galement servi de cadre \u00e0 une comp\u00e9tition pr\u00e9paratoire pour les clubs appel\u00e9s \u00e0 repr\u00e9senter Madagascar lors du tournoi de la Zone 7 de la CCC, aux Seychelles, en f\u00e9vrier prochain. Dans son allocution, la pr\u00e9sidente a rappel\u00e9 que la r\u00e9ussite dans le sport repose sur la volont\u00e9, la pr\u00e9paration et la pers\u00e9v\u00e9rance, exhortant la jeunesse \u00e0 cultiver ces valeurs pour briller sur la sc\u00e8ne internationale. Elle n\u2019a pas manqu\u00e9 de remercier chaleureusement tous ceux qui ont contribu\u00e9 \u00e0 la r\u00e9ussite de cette c\u00e9l\u00e9bration, symbole d\u2019une carri\u00e8re exemplaire et d\u2019un engagement ind\u00e9fectible envers le volley-ball national. Un jubil\u00e9 qui, au-del\u00e0 de l\u2019hommage, s\u2019est transform\u00e9 en v\u00e9ritable passerelle entre g\u00e9n\u00e9rations, confirmant que la passion de L\u00e9a Raharimalala continue d\u2019inspirer et de f\u00e9d\u00e9rer autour du filet.<\/p>\n<p><strong>Heriniaina Samson<\/strong><\/p>\n","protected":false},"excerpt":{"rendered":"L\u00e9a Raharimalala, une vie enti\u00e8re consacr\u00e9e au volley-ball. Le gymnase couvert d\u2019Ankorondrano \u00e9tait en effervescence, ce week-end, \u00e0&hellip;\n","protected":false},"author":2,"featured_media":692705,"comment_status":"","ping_status":"","sticky":false,"template":"","format":"standard","meta":{"footnotes":""},"categories":[1417],"tags":[1011,27,60,1470,1469],"class_list":{"0":"post-692704","1":"post","2":"type-post","3":"status-publish","4":"format-standard","5":"has-post-thumbnail","7":"category-volley","8":"tag-fr","9":"tag-france","10":"tag-sports","11":"tag-volley","12":"tag-volleyball"},"share_on_mastodon":{"url":"https:\/\/pubeurope.com\/@fr\/115967109725243216","error":""},"_links":{"self":[{"href":"https:\/\/www.europesays.com\/fr\/wp-json\/wp\/v2\/posts\/692704","targetHints":{"allow":["GET"]}}],"collection":[{"href":"https:\/\/www.europesays.com\/fr\/wp-json\/wp\/v2\/posts"}],"about":[{"href":"https:\/\/www.europesays.com\/fr\/wp-json\/wp\/v2\/types\/post"}],"author":[{"embeddable":true,"href":"https:\/\/www.europesays.com\/fr\/wp-json\/wp\/v2\/users\/2"}],"replies":[{"embeddable":true,"href":"https:\/\/www.europesays.com\/fr\/wp-json\/wp\/v2\/comments?post=692704"}],"version-history":[{"count":0,"href":"https:\/\/www.europesays.com\/fr\/wp-json\/wp\/v2\/posts\/692704\/revisions"}],"wp:featuredmedia":[{"embeddable":true,"href":"https:\/\/www.europesays.com\/fr\/wp-json\/wp\/v2\/media\/692705"}],"wp:attachment":[{"href":"https:\/\/www.europesays.com\/fr\/wp-json\/wp\/v2\/media?parent=692704"}],"wp:term":[{"taxonomy":"category","embeddable":true,"href":"https:\/\/www.europesays.com\/fr\/wp-json\/wp\/v2\/categories?post=692704"},{"taxonomy":"post_tag","embeddable":true,"href":"https:\/\/www.europesays.com\/fr\/wp-json\/wp\/v2\/tags?post=692704"}],"curies":[{"name":"wp","href":"https:\/\/api.w.org\/{rel}","templated":true}]}}