{"id":692706,"date":"2026-01-27T12:40:13","date_gmt":"2026-01-27T12:40:13","guid":{"rendered":"https:\/\/www.europesays.com\/fr\/692706\/"},"modified":"2026-01-27T12:40:13","modified_gmt":"2026-01-27T12:40:13","slug":"apres-delpy-un-autre-grand-talent-devrait-filer-a-colomiers","status":"publish","type":"post","link":"https:\/\/www.europesays.com\/fr\/692706\/","title":{"rendered":"apr\u00e8s Delpy, un autre grand talent devrait filer \u00e0 Colomiers"},"content":{"rendered":"<p>La passerelle continue entre le <a href=\"https:\/\/www.quinzemondial.com\/top-14\/stade-toulousain-avant-le-tournoi-gourgues-marque-des-points-avec-une-enorme-performance-face-a-pau-822223\" target=\"_blank\" rel=\"noopener\">Stade Toulousain<\/a> et Colomiers. Jadis grands rivaux, les deux clubs n\u2019h\u00e9sitent plus \u00e0 collaborer ces derni\u00e8res saisons. On pense ainsi \u00e0 Thomas Ramos, pr\u00eat\u00e9 par les Rouge et Noir dans la banlieue en 2016 avant de revenir exploser \u00e0 Ernest-Wallon. Ces derniers mois, le club pr\u00e9sid\u00e9 par Didier Lacroix poursuit avec la m\u00eame politique et a envoy\u00e9 <a href=\"https:\/\/www.quinzemondial.com\/top-14\/stade-toulousain-le-club-va-enregistrer-un-renfort-de-choix-cette-semaine-822214\" target=\"_blank\" rel=\"noopener\">Valentin Delpy gagner du temps de jeu au stade Marcel-Bendichou.<\/a><\/p>\n<p>Vign\u00e8res devrait rejoindre Colomiers<\/p>\n<p>Selon les informations de <a href=\"https:\/\/www.rugbyrama.fr\/2026\/01\/10\/exclu-midol-transfertspro-d2-lucas-vigneres-gregoire-bazin-colomiers-continue-de-batir-son-effectif-pour-la-saison-prochaine-13154338.php\" target=\"_blank\" rel=\"noopener\">Midi Olympique<\/a>, un autre jeune talent toulousain devrait suivre la m\u00eame trajectoire. Lucas Vign\u00e8res se rapproche ainsi d\u2019une pige \u00e0 Colomiers. Apparu pour la premi\u00e8re fois la saison pass\u00e9e, le trois-quarts centre a encha\u00een\u00e9 avec trois feuilles de match depuis la reprise et s\u2019est signal\u00e9. N\u00e9anmoins, il manque de temps de jeu face \u00e0 la concurrence XXL \u00e0 son poste et pourrait profiter de cette opportunit\u00e9 pour poursuivre sa progression. D\u2019ici-l\u00e0, il tentera de gratter des minutes, comme la semaine pass\u00e9e sur la pelouse des Saracens.<\/p>\n<p>Partagez cette info avec vos amis et vos proches en cliquant ici<br \/>Pour r\u00e9sumer<\/p>\n<p>Selon les informations de Midi Olympique, un jeune joueur toulousain se rapproche d\u2019un pr\u00eat \u00e0 Colomiers pour la saison prochaine, \u00e0 l\u2019image de Valentin Delpy, qui s\u2019\u00e9panouit dans le club de Pro D2. Lucas Vign\u00e8res devrait filer chez le voisin.<\/p>\n<p> <img decoding=\"async\" width=\"76\" height=\"76\" loading=\"lazy\" src=\"https:\/\/www.europesays.com\/fr\/wp-content\/uploads\/2025\/04\/avatar-quinze.png\" alt=\"Arnaud D\u00e9chelotte\"\/><\/p>\n","protected":false},"excerpt":{"rendered":"La passerelle continue entre le Stade Toulousain et Colomiers. Jadis grands rivaux, les deux clubs n\u2019h\u00e9sitent plus \u00e0&hellip;\n","protected":false},"author":2,"featured_media":692707,"comment_status":"","ping_status":"","sticky":false,"template":"","format":"standard","meta":{"footnotes":""},"categories":[1416],"tags":[1011,27,479,1468,60,476,478],"class_list":{"0":"post-692706","1":"post","2":"type-post","3":"status-publish","4":"format-standard","5":"has-post-thumbnail","7":"category-rugby","8":"tag-fr","9":"tag-france","10":"tag-rugby","11":"tag-rugby-football","12":"tag-sports","13":"tag-stade-toulousain","14":"tag-top-14"},"share_on_mastodon":{"url":"https:\/\/pubeurope.com\/@fr\/115967113589643976","error":""},"_links":{"self":[{"href":"https:\/\/www.europesays.com\/fr\/wp-json\/wp\/v2\/posts\/692706","targetHints":{"allow":["GET"]}}],"collection":[{"href":"https:\/\/www.europesays.com\/fr\/wp-json\/wp\/v2\/posts"}],"about":[{"href":"https:\/\/www.europesays.com\/fr\/wp-json\/wp\/v2\/types\/post"}],"author":[{"embeddable":true,"href":"https:\/\/www.europesays.com\/fr\/wp-json\/wp\/v2\/users\/2"}],"replies":[{"embeddable":true,"href":"https:\/\/www.europesays.com\/fr\/wp-json\/wp\/v2\/comments?post=692706"}],"version-history":[{"count":0,"href":"https:\/\/www.europesays.com\/fr\/wp-json\/wp\/v2\/posts\/692706\/revisions"}],"wp:featuredmedia":[{"embeddable":true,"href":"https:\/\/www.europesays.com\/fr\/wp-json\/wp\/v2\/media\/692707"}],"wp:attachment":[{"href":"https:\/\/www.europesays.com\/fr\/wp-json\/wp\/v2\/media?parent=692706"}],"wp:term":[{"taxonomy":"category","embeddable":true,"href":"https:\/\/www.europesays.com\/fr\/wp-json\/wp\/v2\/categories?post=692706"},{"taxonomy":"post_tag","embeddable":true,"href":"https:\/\/www.europesays.com\/fr\/wp-json\/wp\/v2\/tags?post=692706"}],"curies":[{"name":"wp","href":"https:\/\/api.w.org\/{rel}","templated":true}]}}