{"id":692717,"date":"2026-01-27T12:50:10","date_gmt":"2026-01-27T12:50:10","guid":{"rendered":"https:\/\/www.europesays.com\/fr\/692717\/"},"modified":"2026-01-27T12:50:10","modified_gmt":"2026-01-27T12:50:10","slug":"star-academy-anisha-met-les-points-sur-les-i-et-defend-son-debut-de-carriere-important-pour-moi-de","status":"publish","type":"post","link":"https:\/\/www.europesays.com\/fr\/692717\/","title":{"rendered":"Star Academy : Anisha met les points sur les i et d\u00e9fend son d\u00e9but de carri\u00e8re, \u00ab\u00a0Important pour moi de&#8230;\u00a0\u00bb"},"content":{"rendered":"<p>Alors que la <a href=\"https:\/\/www.closermag.fr\/tv_tele_realite\/star-academy-ma-couleur-de-peau-sarah-eliminee-elle-peut-enfin-vider-son-sac-3614297\" target=\"_blank\" rel=\"noopener\"><br \/>\nStar Academy<\/a> reprenait du service sur TF1 en 2022, les<br \/>\nt\u00e9l\u00e9spectateurs ont fait la connaissance d\u2019<strong>Anisha<\/strong>,<br \/>\nrapidement per\u00e7ue comme une candidate tr\u00e8s prometteuse, avant<br \/>\nqu\u2019elle ne remporte finalement la finale face \u00e0 Enola. Depuis,<br \/>\ncontrairement \u00e0 certains de ses camarades comme Pierre Garnier ou<br \/>\nMarine, la gagnante de la saison a choisi une pr\u00e9sence m\u00e9diatique<br \/>\nplus discr\u00e8te. Dans les pages de T\u00e9l\u00e9 Star, elle est revenue sur<br \/>\nson parcours et sur son rapport \u00e0 l\u2019\u00e9mission.<\/p>\n<p data-start=\"488\" data-end=\"1040\" data-is-last-node=\"\" data-is-only-node=\"\">Anisha a notamment \u00e9voqu\u00e9 des moments de doute<br \/>\net de remise en question qui l\u2019ont conduite \u00e0 s\u2019\u00e9loigner un temps :<br \/>\n\u201cJ\u2019ai eu des <strong>p\u00e9riodes de doutes, de peur<\/strong><br \/>\naussi\u2026 Je me suis souvent interrog\u00e9e sur ma l\u00e9gitimit\u00e9. Il y a eu<br \/>\ndes critiques et \u00e7a m\u2019a fait douter parfois. Une remise en question<br \/>\nqui concernait autant la musique que ma vie personnelle\u201d,<br \/>\na-t-elle confi\u00e9. Elle a \u00e9galement expliqu\u00e9 que la victoire<br \/>\nimpliquait une pression suppl\u00e9mentaire : \u201cGagner, c\u2019est aussi<br \/>\nse retrouver face aux attentes, aux comparaisons\u201d.<\/p>\n<p>Anisha Jo explique pourquoi elle a<br \/>\nchoisi de s\u2019\u00e9loigner<\/p>\n<p data-start=\"62\" data-end=\"695\">Toujours dans une interview<br \/>\nexclusive accord\u00e9e \u00e0 <a href=\"https:\/\/www.telestar.fr\/tele_realite\/exclu-star-academy-on-a-vu-ca-comme-de-la-anisha-met-les-choses-au-point-sur-sa-carriere-depuis-sa-victoire-1752135\" target=\"_blank\" rel=\"noopener\"><br \/>\nT\u00e9l\u00e9 Star<\/a>, la grande gagnante de la Star Academy 2022 a<br \/>\nd\u00e9taill\u00e9 les raisons de son retrait du devant de la sc\u00e8ne apr\u00e8s sa<br \/>\nvictoire. Selon elle, il ne s\u2019agissait pas d\u2019une<br \/>\n\u201c<strong>discr\u00e9tion<\/strong>\u201d mais d\u2019un besoin r\u00e9el de<br \/>\nprendre du recul.<\/p>\n<p data-start=\"62\" data-end=\"695\">\u201cQuand on sort de l&rsquo;\u00e9mission,<br \/>\n<strong>\u00e7a va tr\u00e8s tr\u00e8s vite<\/strong>. Et il n&rsquo;y a pas forc\u00e9ment le<br \/>\ntemps de se poser r\u00e9ellement. De se dire : &lsquo;OK, c&rsquo;est quoi la suite<br \/>\n?&rsquo;\u201d, confie-t-elle. Pour Anisha Jo, ce temps de pause \u00e9tait<br \/>\nindispensable pour \u201cpr\u00e9parer la suite\u201d, se \u201cressourcer<br \/>\nint\u00e9rieurement\u201d et appr\u00e9cier pleinement ce qu\u2019elle avait v\u00e9cu<br \/>\ndurant deux ann\u00e9es intenses de musique.<\/p>\n<p>Un<br \/>\nretour aux sources pour retrouver le sens de son art<\/p>\n<p data-start=\"759\" data-end=\"1566\" data-is-last-node=\"\" data-is-only-node=\"\">La chanteuse raconte ensuite comment ce retour<br \/>\n\u00e0 l\u2019essentiel l\u2019a conduite \u00e0 renouer avec ses racines et \u00e0<br \/>\nretrouver sa boussole artistique. \u201cL\u00e0, j&rsquo;avais besoin de<br \/>\nprendre ce recul\u2026<strong>c&rsquo;\u00e9tait important pour moi de revenir \u00e0<br \/>\nl&rsquo;essentiel<\/strong>, de revenir \u00e0 mes origines, \u00e0 ma terre\u201d,<br \/>\nexplique-t-elle, ajoutant que Madagascar lui a permis de se<br \/>\nsouvenir de \u201cpourquoi je fais tout ce que je fais<br \/>\naujourd&rsquo;hui\u201d.<\/p>\n<p data-start=\"759\" data-end=\"1566\" data-is-last-node=\"\" data-is-only-node=\"\">C\u2019est dans ce pays qu\u2019elle a r\u00e9ellement<br \/>\nd\u00e9couvert sa voix, selon elle : \u201cQuand on ne se souvient plus<br \/>\nde pourquoi on fait ce qu&rsquo;on fait. Il faut revenir l\u00e0 o\u00f9 tout a<br \/>\ncommenc\u00e9.\u201d Enfin, la camarade d&rsquo;<a href=\"https:\/\/www.closermag.fr\/tv-tele-realite\/la-c-est-un-peu-intime-enola-star-academy-fait-des-revelations-sur-son-intimite-avec-boubou-son-cheri-1668160\" target=\"_blank\" rel=\"noopener\">Enola<\/a><br \/>\nassure que sa passion n\u2019a jamais disparu : \u201cAujourd&rsquo;hui je<br \/>\nreviens\u2026 mais <strong>c&rsquo;\u00e9tait d\u00e9j\u00e0 pr\u00e9vu que je revienne en<br \/>\n2026<\/strong> pour faire de la musique\u2026 c&rsquo;est toujours l\u00e0 avec moi,<br \/>\nm\u00eame si on ne me voit pas tout le temps, c&rsquo;est toujours l\u00e0 avec moi<br \/>\nla musique.\u201d<\/p>\n","protected":false},"excerpt":{"rendered":"Alors que la Star Academy reprenait du service sur TF1 en 2022, les t\u00e9l\u00e9spectateurs ont fait la connaissance&hellip;\n","protected":false},"author":2,"featured_media":692718,"comment_status":"","ping_status":"","sticky":false,"template":"","format":"standard","meta":{"footnotes":""},"categories":[1356],"tags":[21303,58,59,1011,27,70426,252,65861,1364],"class_list":{"0":"post-692717","1":"post","2":"type-post","3":"status-publish","4":"format-standard","5":"has-post-thumbnail","7":"category-television","8":"tag-buzz_nonli","9":"tag-divertissement","10":"tag-entertainment","11":"tag-fr","12":"tag-france","13":"tag-marfeel_news","14":"tag-television","15":"tag-trend","16":"tag-tv"},"share_on_mastodon":{"url":"https:\/\/pubeurope.com\/@fr\/115967152967173775","error":""},"_links":{"self":[{"href":"https:\/\/www.europesays.com\/fr\/wp-json\/wp\/v2\/posts\/692717","targetHints":{"allow":["GET"]}}],"collection":[{"href":"https:\/\/www.europesays.com\/fr\/wp-json\/wp\/v2\/posts"}],"about":[{"href":"https:\/\/www.europesays.com\/fr\/wp-json\/wp\/v2\/types\/post"}],"author":[{"embeddable":true,"href":"https:\/\/www.europesays.com\/fr\/wp-json\/wp\/v2\/users\/2"}],"replies":[{"embeddable":true,"href":"https:\/\/www.europesays.com\/fr\/wp-json\/wp\/v2\/comments?post=692717"}],"version-history":[{"count":0,"href":"https:\/\/www.europesays.com\/fr\/wp-json\/wp\/v2\/posts\/692717\/revisions"}],"wp:featuredmedia":[{"embeddable":true,"href":"https:\/\/www.europesays.com\/fr\/wp-json\/wp\/v2\/media\/692718"}],"wp:attachment":[{"href":"https:\/\/www.europesays.com\/fr\/wp-json\/wp\/v2\/media?parent=692717"}],"wp:term":[{"taxonomy":"category","embeddable":true,"href":"https:\/\/www.europesays.com\/fr\/wp-json\/wp\/v2\/categories?post=692717"},{"taxonomy":"post_tag","embeddable":true,"href":"https:\/\/www.europesays.com\/fr\/wp-json\/wp\/v2\/tags?post=692717"}],"curies":[{"name":"wp","href":"https:\/\/api.w.org\/{rel}","templated":true}]}}