{"id":692721,"date":"2026-01-27T12:52:22","date_gmt":"2026-01-27T12:52:22","guid":{"rendered":"https:\/\/www.europesays.com\/fr\/692721\/"},"modified":"2026-01-27T12:52:22","modified_gmt":"2026-01-27T12:52:22","slug":"the-rip-ce-quon-a-vraiment-pense-avcesar","status":"publish","type":"post","link":"https:\/\/www.europesays.com\/fr\/692721\/","title":{"rendered":"The Rip, ce qu&#039;on a (vraiment) pens\u00e9 &#8211; AVcesar"},"content":{"rendered":"<ol>\n<li><a href=\"https:\/\/news.google.com\/rss\/articles\/CBMicEFVX3lxTFB3S0I3ZElHeVhpazAyVE9IUG5RQXFFdTZTM2VPTW5GWlI0Q1VHUHROMEhiR0dsTWVKZE02cHpBaHp6Y3ZOU0NJcWlRYnd1TnJHM0djbWFJNVhkYjJwU3gySloxYzQ2Umx6Y3ozQXU2Zm8?oc=5\" target=\"_blank\" rel=\"noopener\">The Rip, ce qu&rsquo;on a (vraiment) pens\u00e9<\/a>&nbsp;&nbsp;AVcesar<\/li>\n<li><a href=\"https:\/\/news.google.com\/rss\/articles\/CBMifkFVX3lxTE9iV0prLU54WnpzNThvMVlTczdrd0l5VVNRYTBfLU1WSC1oRURVeUVHMVhyZGJ2Z2E4QnFMT2hDY0YweXBrZ3B0WENBRlFqeTItR3RhelJuUkVBNUtSR3hLR0tSdTNTX3pfMVJOTE9HS1duRVBuZnRtZHprbmJsUQ?oc=5\" target=\"_blank\" rel=\"noopener\">The Rip : que signifie le titre du film d\u2019action avec Ben Affleck et Matt Damon ?<\/a>&nbsp;&nbsp;AlloCin\u00e9<\/li>\n<li><a href=\"https:\/\/news.google.com\/rss\/articles\/CBMickFVX3lxTE1GLVo0TzgyVWxjTDhOalpNLWtZNmRlVUl0NnhhUnA2UEgxY2JWOUsxU0ZxLWx4R1RLYjNnRjcyb0JYNVNlSEZ1d1lYcEpfTmlxSVFBNmprMkZqYzh4UUxRQjZWVHE5WkpyM0FsUTVDYmNIUQ?oc=5\" target=\"_blank\" rel=\"noopener\">The Rip : l&rsquo;histoire vraie derri\u00e8re le film avec Matt Damon et Ben Affleck<\/a>&nbsp;&nbsp;GQ France<\/li>\n<li><a href=\"https:\/\/news.google.com\/rss\/articles\/CBMi5wFBVV95cUxQV2VfRDA1cWQzVmh1U2NLV1RhX1Z0WnRrUExtS3NNODFVNGhRV0Mxc3EzYmFLUGFLSzdZTk5EOWI5X3lFTlp6elhiMWI1OEFEVUJySGlTcE9UdFFERzN5Zm1VLW8wYUphS2JWSWtBamdCOFUzdVhfLVdVVklNTThaVURPVDRZZ3l4NEYzRXhvTU01QkVYa1BQVmNCby0td1RPOWtXNDBIUHcyYThQTGVGSGMtYlpHc1dlRl9PRFJTb1VwZnpjUkY2ZDZ2WWpWNHpqZThOTmtHX3RueGlmSGJ1bGNmYldwSVU?oc=5\" target=\"_blank\" rel=\"noopener\">\u00ab\u00a0Palpitant\u00a0\u00bb : Le film Netflix le plus vu dans le monde actuellement fait parler les abonn\u00e9s de T\u00e9l\u00e9-Loisirs<\/a>&nbsp;&nbsp;programme-tv.net<\/li>\n<li><a href=\"https:\/\/news.google.com\/rss\/articles\/CBMimwJBVV95cUxPT0lFb282aW1VLW1acndud0Z4Uzh1WWZlTF92NnBPclRJWldHMjhBeXExczE3blhpa3pmUHNFUDNWSk5PMGFkcWprdHBHZ1ZsX0RPM0t1U0JEa1BzS1VIN3owTmpWSDh3N1pBdHJtekxremZMbDlzRHdPNjBVdUNRWnZTZFFmbm5LeUdfQkJMNWUxRTA4dkdsSWdEYS1nVzFDdmdrTzMzWTVHZUJRczdQMmd4NzlHWUJUTktYNFFsb2MzVHJvTEJFRlQxcmVvemJwSTVOWkJPbmRIMHlhY2ZLTFBOajRHamxrZ1pSTFI5TFJrcmZ4OEE0YVpwMFVuN0VCWkpPTDg5OWpEcWRBbDdXMUxmV1NRQTFtaUxF?oc=5\" target=\"_blank\" rel=\"noopener\">41 millions de vues en 3 jours : le premier gros succ\u00e8s de Netflix en 2026 est le nouveau thriller du r\u00e9alisateur d&rsquo;un des meilleurs films de Gerard Butler<\/a>&nbsp;&nbsp;PureBreak<\/li>\n<\/ol>\n","protected":false},"excerpt":{"rendered":"The Rip, ce qu&rsquo;on a (vraiment) pens\u00e9&nbsp;&nbsp;AVcesar The Rip : que signifie le titre du film d\u2019action avec&hellip;\n","protected":false},"author":2,"featured_media":692722,"comment_status":"","ping_status":"","sticky":false,"template":"","format":"standard","meta":{"footnotes":""},"categories":[1354],"tags":[19333,51964,7257,58,59,1346,1011,27,78869,4424,1360,127,4747,78868,128,77101],"class_list":{"0":"post-692721","1":"post","2":"type-post","3":"status-publish","4":"format-standard","5":"has-post-thumbnail","7":"category-films","8":"tag-ben-affleck","9":"tag-blu-ray","10":"tag-critique","11":"tag-divertissement","12":"tag-entertainment","13":"tag-films","14":"tag-fr","15":"tag-france","16":"tag-joe-carnahan","17":"tag-matt-damon","18":"tag-movies","19":"tag-netflix","20":"tag-polar","21":"tag-steven-yeun","22":"tag-streaming","23":"tag-the-rip"},"share_on_mastodon":{"url":"https:\/\/pubeurope.com\/@fr\/115967161152342275","error":""},"_links":{"self":[{"href":"https:\/\/www.europesays.com\/fr\/wp-json\/wp\/v2\/posts\/692721","targetHints":{"allow":["GET"]}}],"collection":[{"href":"https:\/\/www.europesays.com\/fr\/wp-json\/wp\/v2\/posts"}],"about":[{"href":"https:\/\/www.europesays.com\/fr\/wp-json\/wp\/v2\/types\/post"}],"author":[{"embeddable":true,"href":"https:\/\/www.europesays.com\/fr\/wp-json\/wp\/v2\/users\/2"}],"replies":[{"embeddable":true,"href":"https:\/\/www.europesays.com\/fr\/wp-json\/wp\/v2\/comments?post=692721"}],"version-history":[{"count":0,"href":"https:\/\/www.europesays.com\/fr\/wp-json\/wp\/v2\/posts\/692721\/revisions"}],"wp:featuredmedia":[{"embeddable":true,"href":"https:\/\/www.europesays.com\/fr\/wp-json\/wp\/v2\/media\/692722"}],"wp:attachment":[{"href":"https:\/\/www.europesays.com\/fr\/wp-json\/wp\/v2\/media?parent=692721"}],"wp:term":[{"taxonomy":"category","embeddable":true,"href":"https:\/\/www.europesays.com\/fr\/wp-json\/wp\/v2\/categories?post=692721"},{"taxonomy":"post_tag","embeddable":true,"href":"https:\/\/www.europesays.com\/fr\/wp-json\/wp\/v2\/tags?post=692721"}],"curies":[{"name":"wp","href":"https:\/\/api.w.org\/{rel}","templated":true}]}}