{"id":692729,"date":"2026-01-27T12:56:11","date_gmt":"2026-01-27T12:56:11","guid":{"rendered":"https:\/\/www.europesays.com\/fr\/692729\/"},"modified":"2026-01-27T12:56:11","modified_gmt":"2026-01-27T12:56:11","slug":"fini-les-chaises-classiques-cette-nouvelle-tendance-deco-va-simposer-partout-en-2026","status":"publish","type":"post","link":"https:\/\/www.europesays.com\/fr\/692729\/","title":{"rendered":"Fini les chaises classiques ! Cette nouvelle tendance d\u00e9co va s\u2019imposer partout en 2026"},"content":{"rendered":"<p itemprop=\"description\">Et si on repensait compl\u00e8tement nos<br \/>\nassises pour donner un nouveau souffle \u00e0 nos int\u00e9rieurs ?<\/p>\n<p data-start=\"411\" data-end=\"792\">D\u2019apr\u00e8s nos confr\u00e8res du m\u00e9dia<br \/>\nespagnol <strong>Ok<br \/>\nDiario<\/strong>, repris par <a href=\"https:\/\/www.maison-travaux.fr\/sequiper\/conseils-pratiques\/vous-aussi-vouloir-remplacer-chaises-apres-avoir-vu-nouvelle-tendance-deco-612169.html\" target=\"_blank\" rel=\"noopener\"><br \/>\nMaisons &amp; Travaux,<\/a> une<br \/>\npetite r\u00e9volution s\u2019annonce dans nos int\u00e9rieurs : les chaises<br \/>\ntraditionnelles pourraient bien laisser leur place \u00e0 une<br \/>\nalternative inattendue. Designers et grandes enseignes en raffolent<br \/>\nd\u00e9j\u00e0, et il y a fort \u00e0 parier que cette tendance va s\u2019inviter dans<br \/>\nnos maisons dans les prochains mois.<\/p>\n<p>Le banc : le nouveau must-have<br \/>\nd\u00e9co<\/p>\n<p data-start=\"438\" data-end=\"1003\">Le <strong>banc<\/strong><br \/>\ncommence vraiment \u00e0 s\u2019imposer dans nos int\u00e9rieurs, et on comprend<br \/>\npourquoi. Longtemps rel\u00e9gu\u00e9 aux couloirs ou aux \u00e9coles, il revient<br \/>\naujourd\u2019hui compl\u00e8tement repens\u00e9. Les mod\u00e8les modernes sont loin<br \/>\nd\u2019\u00eatre inconfortables : on trouve des <strong>assises<br \/>\nrembourr\u00e9es<\/strong> ainsi que des <strong>dossiers l\u00e9g\u00e8rement<br \/>\ninclin\u00e9s<\/strong> pour soutenir le dos. La hauteur et la profondeur<br \/>\nsont \u00e9tudi\u00e9es pour que l\u2019on puisse s\u2019asseoir longtemps, que ce soit<br \/>\npour un repas, un moment de travail ou juste pour discuter autour<br \/>\nd\u2019un caf\u00e9.<\/p>\n<p data-start=\"1005\" data-end=\"1568\">Ce qui rend le<br \/>\n<strong>banc<\/strong> vraiment int\u00e9ressant, c\u2019est sa<br \/>\n<strong>flexibilit\u00e9<\/strong>. On peut le glisser sous une table<br \/>\nquand on manque de place, le placer contre un mur pour cr\u00e9er un<br \/>\ncoin cosy, ou le laisser au milieu de la pi\u00e8ce pour en faire un<br \/>\npoint central. Il a aussi ce petit <strong>c\u00f4t\u00e9 convivial<\/strong><br \/>\nque l\u00a0\u00bbon adore : on peut s\u2019y asseoir \u00e0 plusieurs sans se sentir<br \/>\nserr\u00e9s, ce qui change compl\u00e8tement la dynamique d\u2019un espace. C\u00f4t\u00e9<br \/>\ndesign, il s\u2019adapte \u00e0 tous les styles : <strong>bois brut, m\u00e9tal,<br \/>\nlook minimaliste ou contemporain,<\/strong> il apporte toujours une<br \/>\ntouche originale sans surcharger la pi\u00e8ce.<\/p>\n<p data-start=\"1570\" data-end=\"1982\">Et puis, il y a un c\u00f4t\u00e9<br \/>\npratique que l&rsquo;on ne peut pas ignorer : beaucoup de mod\u00e8les sont<br \/>\npens\u00e9s pour durer. <strong>Bois massif ou m\u00e9tal recycl\u00e9<\/strong>,<br \/>\nils r\u00e9sistent mieux aux usages quotidiens qu\u2019une <a href=\"https:\/\/www.bibamagazine.fr\/lifestyle\/deco\/exit-les-chaises-longues-ce-hamac-gifi-a-moins-de-15e-invite-a-la-detente-au-jardin-468993.html\" target=\"_blank\" rel=\"noopener\">chaise<\/a> plus l\u00e9g\u00e8re qui finit<br \/>\nsouvent par grincer ou se d\u00e9former. Au final, le<br \/>\n<strong>banc<\/strong> combine style, <strong>confort et c\u00f4t\u00e9<br \/>\npratique<\/strong>, tout en nous offrant la possibilit\u00e9 de repenser<br \/>\nl\u2019am\u00e9nagement de nos pi\u00e8ces sans se compliquer la vie.<\/p>\n<p>Comment le mettre en valeur dans une pi\u00e8ce<\/p>\n<p data-start=\"1775\" data-end=\"2594\">Le vrai charme du banc, c\u2019est<br \/>\nqu\u2019il s\u2019adapte \u00e0 tous les styles. Dans un appartement cosy, on peut<br \/>\nle compl\u00e9ter avec des <strong><a href=\"https:\/\/www.bibamagazine.fr\/lifestyle\/deco\/a-moins-de-4e-ce-coussin-de-noel-lidl-se-revele-le-compagnon-ideal-pour-vos-soirees-binge-watching-496614.html\" target=\"_blank\" rel=\"noopener\">coussins<\/a> aux textures<br \/>\nvari\u00e9es<\/strong> pour un effet chaleureux. Dans une grande salle \u00e0<br \/>\nmanger, il peut remplacer quelques chaises et cr\u00e9er un contraste<br \/>\nsympa avec des assises plus traditionnelles aux extr\u00e9mit\u00e9s. Il se<br \/>\nmarie aussi tr\u00e8s bien avec des mat\u00e9riaux naturels comme <strong>le<br \/>\nbois, le rotin ou la pierre,<\/strong> et des <strong>couleurs<br \/>\nneutres ou pastel<\/strong> pour rester \u00e9l\u00e9gant sans surcharge. Et<br \/>\npourquoi pas jouer avec les accessoires : un <strong><a href=\"https:\/\/www.bibamagazine.fr\/lifestyle\/deco\/decoration-comment-choisir-un-tapis-pour-votre-interieur-499621.html\" target=\"_blank\" rel=\"noopener\">tapis<\/a> graphique<\/strong><br \/>\ndessous, une <strong>petite <a href=\"https:\/\/www.bibamagazine.fr\/lifestyle\/deco\/lampe-tactile-action-moins-8e-donnera-allures-dhotel-5-etoiles-salon-498624.html\" target=\"_blank\" rel=\"noopener\">lampe<\/a><\/strong> sur le c\u00f4t\u00e9 ou<br \/>\ndes <a href=\"https:\/\/www.bibamagazine.fr\/lifestyle\/deco\/exit-lorchidee-cette-plante-star-de-noel-est-a-moins-de-7-e-chez-ikea-et-elle-est-facile-a-entretenir-497617.html\" target=\"_blank\" rel=\"noopener\"><strong>plantes<\/strong><\/a> autour<br \/>\npour transformer le <strong>banc<\/strong> en v\u00e9ritable pi\u00e8ce<br \/>\nma\u00eetresse de la pi\u00e8ce. Bref, il suffit de quelques d\u00e9tails bien<br \/>\nchoisis pour qu\u2019il devienne le protagoniste de notre d\u00e9co tout en<br \/>\nrestant pratique au quotidien.<\/p>\n<blockquote class=\"tiktok-embed\" cite=\"https:\/\/www.tiktok.com\/@lifelybyrosa\/video\/7555136208788049165#038;sender_device=pc&amp;web_id=7367317185449395745\" data-video-id=\"7555136208788049165\" style=\"max-width: 605px;min-width: 325px;\"><p>\n<a target=\"_blank\" href=\"https:\/\/www.tiktok.com\/@lifelybyrosa\/video\/7555136208788049165#038;sender_device=pc&amp;web_id=7367317185449395745\" rel=\"noopener\"><br \/>\n<img decoding=\"async\" src=\"https:\/\/www.tiktok.com\/img\/logo.png\" alt=\"TikTok Logo\"\/><\/a>\n<\/p><\/blockquote>\n<p><script async src=\"\/\/www.tiktok.com\/embed.js\"><\/script><\/p>\n","protected":false},"excerpt":{"rendered":"Et si on repensait compl\u00e8tement nos assises pour donner un nouveau souffle \u00e0 nos int\u00e9rieurs ? D\u2019apr\u00e8s nos&hellip;\n","protected":false},"author":2,"featured_media":692730,"comment_status":"","ping_status":"","sticky":false,"template":"","format":"standard","meta":{"footnotes":""},"categories":[7],"tags":[5734,3477,78870,19965,8117,3026,36905,1011,27,151,2043,13656,53690,43,40,41,39,42,44,8551,29721],"class_list":{"0":"post-692729","1":"post","2":"type-post","3":"status-publish","4":"format-standard","5":"has-post-thumbnail","7":"category-sciences-et-technologies","8":"tag-5734","9":"tag-cette","10":"tag-chaises","11":"tag-classiques","12":"tag-deco","13":"tag-en","14":"tag-fini","15":"tag-fr","16":"tag-france","17":"tag-les","18":"tag-nouvelle","19":"tag-partout","20":"tag-simposer","21":"tag-science","22":"tag-science-and-technology","23":"tag-sciences","24":"tag-sciences-et-technologies","25":"tag-technologies","26":"tag-technology","27":"tag-tendance","28":"tag-va"},"share_on_mastodon":{"url":"https:\/\/pubeurope.com\/@fr\/115967176650818564","error":""},"_links":{"self":[{"href":"https:\/\/www.europesays.com\/fr\/wp-json\/wp\/v2\/posts\/692729","targetHints":{"allow":["GET"]}}],"collection":[{"href":"https:\/\/www.europesays.com\/fr\/wp-json\/wp\/v2\/posts"}],"about":[{"href":"https:\/\/www.europesays.com\/fr\/wp-json\/wp\/v2\/types\/post"}],"author":[{"embeddable":true,"href":"https:\/\/www.europesays.com\/fr\/wp-json\/wp\/v2\/users\/2"}],"replies":[{"embeddable":true,"href":"https:\/\/www.europesays.com\/fr\/wp-json\/wp\/v2\/comments?post=692729"}],"version-history":[{"count":0,"href":"https:\/\/www.europesays.com\/fr\/wp-json\/wp\/v2\/posts\/692729\/revisions"}],"wp:featuredmedia":[{"embeddable":true,"href":"https:\/\/www.europesays.com\/fr\/wp-json\/wp\/v2\/media\/692730"}],"wp:attachment":[{"href":"https:\/\/www.europesays.com\/fr\/wp-json\/wp\/v2\/media?parent=692729"}],"wp:term":[{"taxonomy":"category","embeddable":true,"href":"https:\/\/www.europesays.com\/fr\/wp-json\/wp\/v2\/categories?post=692729"},{"taxonomy":"post_tag","embeddable":true,"href":"https:\/\/www.europesays.com\/fr\/wp-json\/wp\/v2\/tags?post=692729"}],"curies":[{"name":"wp","href":"https:\/\/api.w.org\/{rel}","templated":true}]}}