{"id":692733,"date":"2026-01-27T12:58:10","date_gmt":"2026-01-27T12:58:10","guid":{"rendered":"https:\/\/www.europesays.com\/fr\/692733\/"},"modified":"2026-01-27T12:58:10","modified_gmt":"2026-01-27T12:58:10","slug":"ce-nest-pas-parce-que-les-gens-ne-sont-plus-dans-les-rues-quils-ne-sont-plus-menaces-de-mort","status":"publish","type":"post","link":"https:\/\/www.europesays.com\/fr\/692733\/","title":{"rendered":"\u00ab\u00a0Ce n\u2019est pas parce que les gens ne sont plus dans les rues qu\u2019ils ne sont plus menac\u00e9s de mort\u00a0\u00bb"},"content":{"rendered":"<p>Le 20 janvier dernier a sonn\u00e9 la fin les <a href=\"https:\/\/www.20minutes.fr\/monde\/4197886-20260125-iran-aucune-clemence-instigateurs-emeutes\" class=\"c-link c-link--is-underlined\" target=\"_blank\" rel=\"noopener\">manifestations en Iran<\/a>. Selon <a href=\"https:\/\/iranhr.net\/en\/articles\/8546\/\" target=\"_blank\" class=\"c-link c-link--is-underlined\" rel=\"noopener\">l\u2019ONG Human Rights Watch<\/a>, la r\u00e9pression du mouvement social survenu en janvier\u00a02026 aurait fait pr\u00e8s de 25 000 morts, tandis que le gouvernement iranien reconna\u00eet officiellement la mort de 3 117 manifestants. Mais pour A\u00efda Tavakoli, \u00ab\u00a0ce n\u2019est pas parce que les gens ne sont plus dans les rues qu\u2019ils sont moins menac\u00e9s de mort\u00a0\u00bb.<\/p>\n<p>Depuis la mort de <a href=\"https:\/\/www.20minutes.fr\/monde\/mahsa-amini\/\" class=\"c-link c-link--is-underlined\" target=\"_blank\" rel=\"noopener\">Mahsa Amini<\/a> et le soul\u00e8vement \u00ab\u00a0Femme, Vie, Libert\u00e9\u00a0\u00bb en\u00a02022, la pr\u00e9sidente de <a href=\"https:\/\/weareiranianstudents.webflow.io\/?fbclid=IwY2xjawPkTw9leHRuA2FlbQIxMABicmlkETBUZ2tob1EzUmY0bWphd1Nyc3J0YwZhcHBfaWQQMjIyMDM5MTc4ODIwMDg5MgABHoKcx9zAq2pr2W1jMPNB7k47-N46pGtb0dAx2i4D6Cv2rM660yKkvfVdbR3K_aem_I7eXPDl_Q2v4tHacMDSfbA\" target=\"_blank\" class=\"c-link c-link--is-underlined\" rel=\"noopener\">We Are Iranian Students<\/a> est sur tous les fronts. L\u2019association, qui se veut apolitique, non religieuse et inclusive, r\u00e9clame aujourd\u2019hui \u00ab\u00a0la lib\u00e9ration de tous les manifestants d\u00e9tenus en Iran\u00a0\u00bb.<\/p>\n<p>\u00ab\u00a0On voit des cadavres empil\u00e9s.\u00a0\u00bb<\/p>\n<p>Depuis la <a href=\"https:\/\/www.20minutes.fr\/monde\/4195959-20260114-manifestations-iran-internet-coupe-solution-peut-venir-reseau-starlink-elon-musk\" class=\"c-link c-link--is-underlined\" target=\"_blank\" rel=\"noopener\">coupure internet<\/a>, toujours en cours dans le pays depuis le 8\u00a0janvier dernier, l\u2019association parvient malgr\u00e9 tout \u00e0 publier <a href=\"https:\/\/www.instagram.com\/weareiranianstudents\/\" target=\"_blank\" class=\"c-link c-link--is-underlined\" rel=\"noopener\">des vid\u00e9os<\/a> sur ses r\u00e9seaux sociaux. \u00ab\u00a0Les quelques images qui, de fa\u00e7on sporadique, nous parviennent pendant ce black-out sont tellement douloureuses\u00a0\u00bb, explique A\u00efda Tavakoli, la voix tremblante. La doctorante franco-iranienne, qui n\u2019a plus de nouvelles de sa famille en Iran, vit sur le qui-vive, nuit et jour.<\/p>\n<p>\u00ab\u00a0C\u2019est un massacre. On voit <a href=\"https:\/\/www.20minutes.fr\/monde\/4197671-20260123-manifestations-iran-repression-fait-moins-5-000-morts-selon-ong\" class=\"c-link c-link--is-underlined\" target=\"_blank\" rel=\"noopener\">des cadavres empil\u00e9s<\/a>. On re\u00e7oit des t\u00e9moignages de m\u00e9decins qui parviennent \u00e0 se connecter \u00e0 des satellites Starlink pour avoir un peu d\u2019Internet pendant une demi-heure. Ils nous disent qu\u2019ils n\u2019ont pas l\u2019autorisation d\u2019op\u00e9rer des manifestants bless\u00e9s par des armes de guerre\u00a0\u00bb. Selon la jeune femme \u00ab\u00a0la moyenne d\u2019\u00e2ge des manifestants se situe autour de 17 ans\u00a0\u00bb.<\/p>\n<p>Face \u00e0 l\u2019ampleur de la r\u00e9pression, la pr\u00e9sidente de We Are Iranian Students d\u00e9nonce l\u2019inaction de la communaut\u00e9 internationale. \u00ab\u00a0M\u00eame si les manifestations sont termin\u00e9es, le danger est tr\u00e8s r\u00e9el et quotidien. Et face \u00e0 cette urgence, il y a une forme d\u2019attentisme, d\u2019observation. Toute l\u2019attention se concentre aujourd\u2019hui sur la seule voie de la g\u00e9opolitique internationale qui est comment\u00e9e et qui prend tout l\u2019espace\u00a0: celle de <a href=\"https:\/\/www.20minutes.fr\/monde\/etats-unis\/4196083-20260115-manifestations-iran-comment-etats-unis-pourraient-intervenir-militairement\" class=\"c-link c-link--is-underlined\" target=\"_blank\" rel=\"noopener\">Donald Trump<\/a>.\u00a0\u00bb<\/p>\n<p>Depuis le d\u00e9but du mouvement social, le pr\u00e9sident am\u00e9ricain, dont les intentions restent floues, a menac\u00e9 \u00e0 plusieurs reprises d\u2019intervenir militairement. \u00ab\u00a0Le probl\u00e8me, c\u2019est que Trump ne partage ni les aspirations de la soci\u00e9t\u00e9 civile iranienne, ni l\u2019attachement \u00e0 la d\u00e9mocratie, et ne sait pas ce qu\u2019est le droit \u00e0 l\u2019autod\u00e9termination des peuples\u00a0\u00bb, d\u00e9nonce-t-elle.<\/p>\n<p>Aujourd\u2019hui, A\u00efda Tavakoli appelle la communaut\u00e9 internationale \u00e0 \u00ab\u00a0se saisir de tous les outils existants pour faire pression sur le r\u00e9gime islamique, acter sa fin et appeler \u00e0 une transition d\u00e9mocratique\u00a0\u00bb.<\/p>\n<p><script async src=\"\/\/www.instagram.com\/embed.js\"><\/script><\/p>\n","protected":false},"excerpt":{"rendered":"Le 20 janvier dernier a sonn\u00e9 la fin les manifestations en Iran. Selon l\u2019ONG Human Rights Watch, la&hellip;\n","protected":false},"author":2,"featured_media":692734,"comment_status":"","ping_status":"","sticky":false,"template":"","format":"standard","meta":{"footnotes":""},"categories":[5],"tags":[47,11,32469,75,1011,27,14,3019,39827,74346,1272,74,12,942,17047,10734,28],"class_list":{"0":"post-692733","1":"post","2":"type-post","3":"status-publish","4":"format-standard","5":"has-post-thumbnail","7":"category-international","8":"tag-actualite","9":"tag-actualites","10":"tag-crise-en-iran","11":"tag-donald-trump","12":"tag-fr","13":"tag-france","14":"tag-international","15":"tag-iran","16":"tag-lactualite-en-videos","17":"tag-mahsa-amini","18":"tag-manifestations","19":"tag-monde","20":"tag-news","21":"tag-peine-de-mort","22":"tag-repression","23":"tag-teheran","24":"tag-world"},"share_on_mastodon":{"url":"https:\/\/pubeurope.com\/@fr\/115967184363093678","error":""},"_links":{"self":[{"href":"https:\/\/www.europesays.com\/fr\/wp-json\/wp\/v2\/posts\/692733","targetHints":{"allow":["GET"]}}],"collection":[{"href":"https:\/\/www.europesays.com\/fr\/wp-json\/wp\/v2\/posts"}],"about":[{"href":"https:\/\/www.europesays.com\/fr\/wp-json\/wp\/v2\/types\/post"}],"author":[{"embeddable":true,"href":"https:\/\/www.europesays.com\/fr\/wp-json\/wp\/v2\/users\/2"}],"replies":[{"embeddable":true,"href":"https:\/\/www.europesays.com\/fr\/wp-json\/wp\/v2\/comments?post=692733"}],"version-history":[{"count":0,"href":"https:\/\/www.europesays.com\/fr\/wp-json\/wp\/v2\/posts\/692733\/revisions"}],"wp:featuredmedia":[{"embeddable":true,"href":"https:\/\/www.europesays.com\/fr\/wp-json\/wp\/v2\/media\/692734"}],"wp:attachment":[{"href":"https:\/\/www.europesays.com\/fr\/wp-json\/wp\/v2\/media?parent=692733"}],"wp:term":[{"taxonomy":"category","embeddable":true,"href":"https:\/\/www.europesays.com\/fr\/wp-json\/wp\/v2\/categories?post=692733"},{"taxonomy":"post_tag","embeddable":true,"href":"https:\/\/www.europesays.com\/fr\/wp-json\/wp\/v2\/tags?post=692733"}],"curies":[{"name":"wp","href":"https:\/\/api.w.org\/{rel}","templated":true}]}}