{"id":692751,"date":"2026-01-27T13:07:14","date_gmt":"2026-01-27T13:07:14","guid":{"rendered":"https:\/\/www.europesays.com\/fr\/692751\/"},"modified":"2026-01-27T13:07:14","modified_gmt":"2026-01-27T13:07:14","slug":"ce-restaurant-de-montpellier-place-en-redressement-judiciaire-reste-ouvert-aux-clients","status":"publish","type":"post","link":"https:\/\/www.europesays.com\/fr\/692751\/","title":{"rendered":"Ce restaurant de Montpellier plac\u00e9 en redressement judiciaire reste ouvert aux clients"},"content":{"rendered":"<p>                    Par<br \/>\n        <strong><br \/>\n            <a href=\"https:\/\/actu.fr\/auteur\/metropoop\" title=\"Consulter tous les articles de R\u00e9daction M\u00e9tropolitain\" target=\"_blank\" rel=\"noopener\">R\u00e9daction M\u00e9tropolitain<\/a><br \/>\n                    <\/strong><\/p>\n<p>        Publi\u00e9 le<\/p>\n<p>            27 janv. 2026 \u00e0 14h01        <\/p>\n<p>La direction du restaurant de <strong>l\u2019Arbre Blanc<\/strong>\u00a0\u00e0 <strong>Montpellier<\/strong> voit rouge : l\u2019Arbre est plac\u00e9 en redressement judiciaire depuis d\u00e9but janvier par le <strong>tribunal de commerce<\/strong>.<\/p>\n<p class=\" wall-content\">Ouvert depuis 2019 dans le quartier de Richter, l\u2019Arbre, ce restaurant panoramique cr\u00e9\u00e9 par les <strong>chefs \u00e9toil\u00e9s Charles Font\u00e8s et \u00c9ric Cellier<\/strong>\u00a0et qui est endett\u00e9 se trouve en cessation de paiements depuis d\u00e9cembre 2025.<\/p>\n<p>    <a href=\"https:\/\/www.google.com\/maps\/embed?pb=!1m18!1m12!1m3!1d3556.8143817212854!2d3.895758863730444!3d43.605890325772094!2m3!1f0!2f0!3f0!3m2!1i1024!2i768!4f13.1!3m3!1m2!1s0x12b6af83ffffffff%3A0xc92f761673e76dfa!2zTOKAmUFyYnJlIEJsYW5j!5e0!3m2!1sfr!2sfr!4v1769436566655!5m2!1sfr!2sfr\" title=\"Ouvrie le lien\" target=\"_blank\" rel=\"noopener\">Cliquez ici pour visualiser le contenu<\/a><\/p>\n<p class=\" wall-content\">Le <a href=\"https:\/\/actu.fr\/occitanie\/montpellier_34172\/a-montpellier-defi-releve-pour-le-tribunal-de-commerce-redresser-plutot-que-liquider_63733419.html\" target=\"_blank\" rel=\"noopener\">tribunal de commerce<\/a>\u00a0qui vient de rendre public le bilan 2025, a nomm\u00e9 un administrateur judiciaire qui va \u00e9tablir un bilan \u00e9conomique de la soci\u00e9t\u00e9 g\u00e9r\u00e9e par Charles Font\u00e8s de La R\u00e9serve Rimbaud et par \u00c9ric Cellier de La Maison de la Loz\u00e8re.<\/p>\n<p class=\" wall-content\">Ce restaurant gastronomique se trouve dans le rond-point Christophe Colomb, dans la \u00ab\u00a0Folie\u00a0\u00bb architecturale l\u2019Arbre Blanc, sur les bords du Lez. Pour l\u2019heure, en attente de redresser les finances et de trouver une solution rapidement, l\u2019Arbre reste ouvert \u00e0 la client\u00e8le.<\/p>\n<p class=\" wall-content\">Personnalisez votre actualit\u00e9 en ajoutant vos villes et m\u00e9dias en favori avec <a href=\"https:\/\/moncompte.actu.fr\" title=\"D\u00e9couvez Mon Actu\" rel=\"nofollow noopener\" data-trk=\"{&quot;cta&quot;:{&quot;action&quot;:&quot;https:\\\/\\\/moncompte.actu.fr&quot;,&quot;category&quot;:&quot;mon compte&quot;,&quot;from&quot;:&quot;article footer&quot;,&quot;name&quot;:&quot;Mon actu&quot;,&quot;type&quot;:&quot;cta&quot;}}\" target=\"_blank\">Mon Actu<\/a>.<\/p>\n","protected":false},"excerpt":{"rendered":"Par R\u00e9daction M\u00e9tropolitain Publi\u00e9 le 27 janv. 2026 \u00e0 14h01 La direction du restaurant de l\u2019Arbre Blanc\u00a0\u00e0 Montpellier&hellip;\n","protected":false},"author":2,"featured_media":692752,"comment_status":"","ping_status":"","sticky":false,"template":"","format":"standard","meta":{"footnotes":""},"categories":[9599],"tags":[1111,11,215,33,1777,674,1011,27,303,2208,12,2680,25],"class_list":{"0":"post-692751","1":"post","2":"type-post","3":"status-publish","4":"format-standard","5":"has-post-thumbnail","7":"category-montpellier","8":"tag-actu","9":"tag-actualites","10":"tag-commerce","11":"tag-economie","12":"tag-eu","13":"tag-europe","14":"tag-fr","15":"tag-france","16":"tag-justice","17":"tag-montpellier","18":"tag-news","19":"tag-occitanie","20":"tag-republique-francaise"},"share_on_mastodon":{"url":"https:\/\/pubeurope.com\/@fr\/115967219816535872","error":""},"_links":{"self":[{"href":"https:\/\/www.europesays.com\/fr\/wp-json\/wp\/v2\/posts\/692751","targetHints":{"allow":["GET"]}}],"collection":[{"href":"https:\/\/www.europesays.com\/fr\/wp-json\/wp\/v2\/posts"}],"about":[{"href":"https:\/\/www.europesays.com\/fr\/wp-json\/wp\/v2\/types\/post"}],"author":[{"embeddable":true,"href":"https:\/\/www.europesays.com\/fr\/wp-json\/wp\/v2\/users\/2"}],"replies":[{"embeddable":true,"href":"https:\/\/www.europesays.com\/fr\/wp-json\/wp\/v2\/comments?post=692751"}],"version-history":[{"count":0,"href":"https:\/\/www.europesays.com\/fr\/wp-json\/wp\/v2\/posts\/692751\/revisions"}],"wp:featuredmedia":[{"embeddable":true,"href":"https:\/\/www.europesays.com\/fr\/wp-json\/wp\/v2\/media\/692752"}],"wp:attachment":[{"href":"https:\/\/www.europesays.com\/fr\/wp-json\/wp\/v2\/media?parent=692751"}],"wp:term":[{"taxonomy":"category","embeddable":true,"href":"https:\/\/www.europesays.com\/fr\/wp-json\/wp\/v2\/categories?post=692751"},{"taxonomy":"post_tag","embeddable":true,"href":"https:\/\/www.europesays.com\/fr\/wp-json\/wp\/v2\/tags?post=692751"}],"curies":[{"name":"wp","href":"https:\/\/api.w.org\/{rel}","templated":true}]}}