{"id":692753,"date":"2026-01-27T13:08:17","date_gmt":"2026-01-27T13:08:17","guid":{"rendered":"https:\/\/www.europesays.com\/fr\/692753\/"},"modified":"2026-01-27T13:08:17","modified_gmt":"2026-01-27T13:08:17","slug":"en-avant-guingamp-le-programme-de-la-semaine-avant-le-deplacement-a-montpellier","status":"publish","type":"post","link":"https:\/\/www.europesays.com\/fr\/692753\/","title":{"rendered":"En Avant Guingamp\u00a0: le programme de la semaine avant le d\u00e9placement \u00e0 Montpellier"},"content":{"rendered":"<p>Ligue 2 (21e journ\u00e9e). Montpellier &#8211; EA Guingamp, vendredi 30 janvier (20 h)<\/p>\n<p><a href=\"https:\/\/www.letelegramme.fr\/sports\/football\/guingamp\/le-resume-de-la-belle-victoire-de-guingamp-face-a-troyes-leader-de-ligue-2-6971004.php\" target=\"_blank\" rel=\"noopener\">Les Guingampais ont r\u00e9alis\u00e9 la passe de \u00ab Troyes \u00bb, samedi<\/a> : apr\u00e8s Dunkerque et Saint-\u00c9tienne, les hommes de Sylvain Ripoll sont les troisi\u00e8mes, cette saison, \u00e0 avoir fait chuter les joueurs de l\u2019Aube. Les Rouge et Noir ont ainsi sign\u00e9 un troisi\u00e8me succ\u00e8s cons\u00e9cutif et autant de \u00ab clean sheets \u00bb.<\/p>\n<p>Les joueurs de Sylvain Ripoll, f\u00e9briles et inconstants lors de la phase aller du championnat, ont donc entam\u00e9 la poule retour de la plus belle des mani\u00e8res et cela permet aux Costarmoricains de revoir leurs ambitions \u00e0 la hausse. Avec une septi\u00e8me place au classement et un total de 32 points, les prot\u00e9g\u00e9s de Sylvain Ripoll ne sont plus qu\u2019\u00e0 trois points du podium (Reims, 35 points) et \u00e0 quatre petits points du dauphin de Troyes, le Red Star (36 points).<\/p>\n<p>Montpellier relanc\u00e9 apr\u00e8s deux d\u00e9faites<\/p>\n<p>Pour continuer leur belle s\u00e9rie, les Guingampais devront s\u2019imposer \u00e0 Montpellier (9e, 28 points), vendredi. Les joueurs de Zoumana Camara se sont impos\u00e9s face \u00e0 la lanterne rouge Bastia (2-0) lors de la derni\u00e8re journ\u00e9e de championnat mais restaient, avant cela, sur deux d\u00e9faites cons\u00e9cutives, \u00e0 Boulogne (1-0) et face \u00e0 Dunkerque \u00e0 domicile (3-1).<\/p>\n<p>Le programme de la semaine<\/p>\n<p><strong class=\"tech\">Mardi 27 janvier : <\/strong>entra\u00eenement \u00e0 11 h 30.<\/p>\n<p><strong class=\"tech\">Mercredi 28 janvier : <\/strong>entra\u00eenement \u00e0 10 h 30.<\/p>\n<p><strong class=\"tech\">Jeudi 29 janvier :<\/strong> entra\u00eenement \u00e0 15 h 15.<\/p>\n<p><strong class=\"tech\">Vendredi 30 janvier : <\/strong>match contre Montpellier (20 h).<\/p>\n<p><strong class=\"tech\">Samedi 31 janvier : <\/strong>repos.<\/p>\n<p><strong class=\"tech\">Dimanche 1er f\u00e9vrier :<\/strong> repos.<\/p>\n","protected":false},"excerpt":{"rendered":"Ligue 2 (21e journ\u00e9e). Montpellier &#8211; EA Guingamp, vendredi 30 janvier (20 h) Les Guingampais ont r\u00e9alis\u00e9 la&hellip;\n","protected":false},"author":2,"featured_media":692754,"comment_status":"","ping_status":"","sticky":false,"template":"","format":"standard","meta":{"footnotes":""},"categories":[9599],"tags":[1111,11,9594,765,3166,1777,674,63,1011,27,4044,446,2208,12,2680,25,60],"class_list":{"0":"post-692753","1":"post","2":"type-post","3":"status-publish","4":"format-standard","5":"has-post-thumbnail","7":"category-montpellier","8":"tag-actu","9":"tag-actualites","10":"tag-en-avant-guingamp","11":"tag-en-continu","12":"tag-en-continu-sports","13":"tag-eu","14":"tag-europe","15":"tag-football","16":"tag-fr","17":"tag-france","18":"tag-guingamp","19":"tag-ligue-2","20":"tag-montpellier","21":"tag-news","22":"tag-occitanie","23":"tag-republique-francaise","24":"tag-sports"},"share_on_mastodon":{"url":"https:\/\/pubeurope.com\/@fr\/115967223622121202","error":""},"_links":{"self":[{"href":"https:\/\/www.europesays.com\/fr\/wp-json\/wp\/v2\/posts\/692753","targetHints":{"allow":["GET"]}}],"collection":[{"href":"https:\/\/www.europesays.com\/fr\/wp-json\/wp\/v2\/posts"}],"about":[{"href":"https:\/\/www.europesays.com\/fr\/wp-json\/wp\/v2\/types\/post"}],"author":[{"embeddable":true,"href":"https:\/\/www.europesays.com\/fr\/wp-json\/wp\/v2\/users\/2"}],"replies":[{"embeddable":true,"href":"https:\/\/www.europesays.com\/fr\/wp-json\/wp\/v2\/comments?post=692753"}],"version-history":[{"count":0,"href":"https:\/\/www.europesays.com\/fr\/wp-json\/wp\/v2\/posts\/692753\/revisions"}],"wp:featuredmedia":[{"embeddable":true,"href":"https:\/\/www.europesays.com\/fr\/wp-json\/wp\/v2\/media\/692754"}],"wp:attachment":[{"href":"https:\/\/www.europesays.com\/fr\/wp-json\/wp\/v2\/media?parent=692753"}],"wp:term":[{"taxonomy":"category","embeddable":true,"href":"https:\/\/www.europesays.com\/fr\/wp-json\/wp\/v2\/categories?post=692753"},{"taxonomy":"post_tag","embeddable":true,"href":"https:\/\/www.europesays.com\/fr\/wp-json\/wp\/v2\/tags?post=692753"}],"curies":[{"name":"wp","href":"https:\/\/api.w.org\/{rel}","templated":true}]}}