{"id":692772,"date":"2026-01-27T13:22:12","date_gmt":"2026-01-27T13:22:12","guid":{"rendered":"https:\/\/www.europesays.com\/fr\/692772\/"},"modified":"2026-01-27T13:22:12","modified_gmt":"2026-01-27T13:22:12","slug":"nantes-a-deux-heures-de-vol-des-cotes-croates","status":"publish","type":"post","link":"https:\/\/www.europesays.com\/fr\/692772\/","title":{"rendered":"Nantes \u00e0 deux heures de vol des c\u00f4tes croates"},"content":{"rendered":"<p><img decoding=\"async\" class=\"\" style=\"width:100%;max-width:100%\" src=\"https:\/\/www.europesays.com\/fr\/wp-content\/uploads\/2026\/01\/split1769507061235-format16by9.jpg\" alt=\"La compagnie Croatie Airlines propose des vols Nantes-Split deux fois par semaine d\u00e8s le mois de mai\"\/><\/p>\n<p>La compagnie Croatie Airlines propose des vols Nantes-Split deux fois par semaine d\u00e8s le mois de mai<\/p>\n<p>Cr\u00e9dit : Split &#8211; Envato DR<\/p>\n<p style=\"text-align: justify;\">Temp\u00eate, pluie, vent et temp\u00e9rature fra\u00eeche, le mauvais temps ambiant n\u2019aide pas vraiment \u00e0 garder le moral et\/ou la forme. Alors pour illuminer quelque peu cette fin janvier, quoi de mieux que de<strong> se projeter sur ses futures vacances au soleil <\/strong>? \u00c7a tombe bien, <strong>la compagnie a\u00e9rienne Croatia Airlines<\/strong> a annonc\u00e9 ce lundi 26 janvier <strong>s\u2019implanter \u00e0 l\u2019a\u00e9roport de Nantes<\/strong>.<\/p>\n<p style=\"text-align: justify;\">\u00a0<\/p>\n<p>Des vols directs entre Nantes et Split<\/p>\n<p style=\"text-align: justify;\">\u00c0 partir <strong>du 5 mai 2026 et jusqu\u2019au 9 octobre<\/strong>, la compagnie a\u00e9rienne proposera <strong>2 vols directs par semaine <\/strong>\u00e0 destination de Split, deuxi\u00e8me plus grande ville croate, situ\u00e9e sur les bords de la mer Adriatique. Il faut compter autour des <strong>190 euros aller-retour<\/strong> par personne au minimum.<\/p>\n<p style=\"text-align: justify;\">Cette offre vient compl\u00e9ter celle d\u00e9j\u00e0 en place \u00e0 l\u2019a\u00e9roport de Nantes propos\u00e9e par Volotea.\u00a0<\/p>\n","protected":false},"excerpt":{"rendered":"La compagnie Croatie Airlines propose des vols Nantes-Split deux fois par semaine d\u00e8s le mois de mai Cr\u00e9dit&hellip;\n","protected":false},"author":2,"featured_media":692773,"comment_status":"","ping_status":"","sticky":false,"template":"","format":"standard","meta":{"footnotes":""},"categories":[2818],"tags":[1111,11,78872,663,754,13796,3136,78871,21171,1777,674,1011,27,3047,2565,766,12,7518,5235,2636,25,380,2692,586],"class_list":{"0":"post-692772","1":"post","2":"type-post","3":"status-publish","4":"format-standard","5":"has-post-thumbnail","7":"category-nantes","8":"tag-actu","9":"tag-actualites","10":"tag-adriatique","11":"tag-aeroport","12":"tag-aeroport-de-nantes","13":"tag-avions","14":"tag-cote","15":"tag-croate","16":"tag-croatie","17":"tag-eu","18":"tag-europe","19":"tag-fr","20":"tag-france","21":"tag-loire-atlantique","22":"tag-mai","23":"tag-nantes","24":"tag-news","25":"tag-octobre","26":"tag-offre","27":"tag-pays-de-la-loire","28":"tag-republique-francaise","29":"tag-split","30":"tag-vols","31":"tag-voyage"},"share_on_mastodon":{"url":"https:\/\/pubeurope.com\/@fr\/115967278824806803","error":""},"_links":{"self":[{"href":"https:\/\/www.europesays.com\/fr\/wp-json\/wp\/v2\/posts\/692772","targetHints":{"allow":["GET"]}}],"collection":[{"href":"https:\/\/www.europesays.com\/fr\/wp-json\/wp\/v2\/posts"}],"about":[{"href":"https:\/\/www.europesays.com\/fr\/wp-json\/wp\/v2\/types\/post"}],"author":[{"embeddable":true,"href":"https:\/\/www.europesays.com\/fr\/wp-json\/wp\/v2\/users\/2"}],"replies":[{"embeddable":true,"href":"https:\/\/www.europesays.com\/fr\/wp-json\/wp\/v2\/comments?post=692772"}],"version-history":[{"count":0,"href":"https:\/\/www.europesays.com\/fr\/wp-json\/wp\/v2\/posts\/692772\/revisions"}],"wp:featuredmedia":[{"embeddable":true,"href":"https:\/\/www.europesays.com\/fr\/wp-json\/wp\/v2\/media\/692773"}],"wp:attachment":[{"href":"https:\/\/www.europesays.com\/fr\/wp-json\/wp\/v2\/media?parent=692772"}],"wp:term":[{"taxonomy":"category","embeddable":true,"href":"https:\/\/www.europesays.com\/fr\/wp-json\/wp\/v2\/categories?post=692772"},{"taxonomy":"post_tag","embeddable":true,"href":"https:\/\/www.europesays.com\/fr\/wp-json\/wp\/v2\/tags?post=692772"}],"curies":[{"name":"wp","href":"https:\/\/api.w.org\/{rel}","templated":true}]}}