{"id":692790,"date":"2026-01-27T13:31:09","date_gmt":"2026-01-27T13:31:09","guid":{"rendered":"https:\/\/www.europesays.com\/fr\/692790\/"},"modified":"2026-01-27T13:31:09","modified_gmt":"2026-01-27T13:31:09","slug":"en-mars-il-risque-de-ne-pas-passer-au-niveau-suivant","status":"publish","type":"post","link":"https:\/\/www.europesays.com\/fr\/692790\/","title":{"rendered":"En mars, il risque de ne pas passer au niveau suivant"},"content":{"rendered":"<p itemprop=\"description\"><strong>Ce lundi 26 janvier, les organisations patronales se r\u00e9unissaient pour une soir\u00e9e de voeux commune \u00e0 Lyon.<\/strong><\/p>\n<p>Pour \u00e9couter la CCI, le Medef, la CPME ou encore l&rsquo;U2P et la Chambre d&rsquo;agriculture du Rh\u00f4ne, de nombreuses personnalit\u00e9s se pressaient dans la soir\u00e9e \u00e0 l&rsquo;amphith\u00e9\u00e2tre 3000 \u00e0 la Cit\u00e9 internationale.<\/p>\n<p>En pleine p\u00e9riode \u00e9lectorale, c&rsquo;\u00e9tait \u00e9videmment le lieu de rendez-vous des pr\u00e9tendants \u00e0 la mairie lyonnaise ou \u00e0 la M\u00e9tropole de Lyon.<\/p>\n<p><a href=\"https:\/\/www.lyonmag.com\/profil-personnalite-lyonnaise\/518\/bruno-bernard\" target=\"_blank\" rel=\"noopener\">Bruno Bernard<\/a>, pr\u00e9sident \u00e9cologiste de la M\u00e9tropole, \u00e9tait \u00e9videmment plac\u00e9 au premier rang. Un emplacement strat\u00e9gique, puisqu&rsquo;il offre de la visibilit\u00e9 \u00e0 l&rsquo;int\u00e9ress\u00e9. Mais aussi dangereux, puisque 3000 personnes ou presque peuvent voir ce qu&rsquo;il fait derri\u00e8re son dos.<\/p>\n<p>Or, Bruno Bernard a d\u00e9gain\u00e9 son t\u00e9l\u00e9phone et a jou\u00e9 \u00e0 des jeux, visiblement peu int\u00e9ress\u00e9 par les nombreux discours des acteurs \u00e9conomiques.<\/p>\n<p>La sc\u00e8ne, captur\u00e9e par Allan Bouamrane, secr\u00e9taire g\u00e9n\u00e9ral de Renaissance dans le Rh\u00f4ne, a en tout cas r\u00e9gal\u00e9 le camp de Jean-Michel Aulas. \u00ab\u00a0Les acteurs \u00e9conomiques avaient plein de choses \u00e0 dire ce soir lors de leurs v\u0153ux \u00e0 Lyon. Qu\u2019a retenu Bruno Bernard de cette soir\u00e9e o\u00f9 il a tent\u00e9 d\u2019am\u00e9liorer son score \u00e0 Candy Crush ? En mars, il risque de ne pas passer au niveau suivant\u00a0\u00bb, a subtilement d\u00e9clar\u00e9 ce proche de l&rsquo;ex-d\u00e9put\u00e9 <a href=\"https:\/\/www.lyonmag.com\/profil-personnalite-lyonnaise\/14\/thomas-rudigoz\" target=\"_blank\" rel=\"noopener\">Thomas Rudigoz<\/a>.<\/p>\n<blockquote class=\"twitter-tweet\"><p>&#13;<\/p>\n<p dir=\"ltr\" lang=\"fr\">Le meilleur r\u00e9sum\u00e9 de la consid\u00e9ration que les EELV ont r\u00e9serv\u00e9 au monde \u00e9conomique depuis 2020 \u00e0 <a href=\"https:\/\/twitter.com\/hashtag\/Lyon?src=hash&amp;ref_src=twsrc%5Etfw\" target=\"_blank\" rel=\"noopener\">#Lyon<\/a> \ud83d\ude31\ud83d\ude31\ud83d\ude31 <a href=\"https:\/\/t.co\/hphY1KLRcv\">https:\/\/t.co\/hphY1KLRcv<\/a><\/p>\n<p>&#13;<br \/>\n\u2014 Coeur Lyonnais (@Coeur_Lyonnais_) <a href=\"https:\/\/twitter.com\/Coeur_Lyonnais_\/status\/2015914451283661045?ref_src=twsrc%5Etfw\" target=\"_blank\" rel=\"noopener\">January 26, 2026<\/a><\/p><\/blockquote>\n<p>\t\t  <script async src=\"https:\/\/platform.twitter.com\/widgets.js\" charset=\"utf-8\"><\/script><\/p>\n","protected":false},"excerpt":{"rendered":"Ce lundi 26 janvier, les organisations patronales se r\u00e9unissaient pour une soir\u00e9e de voeux commune \u00e0 Lyon. Pour&hellip;\n","protected":false},"author":2,"featured_media":692791,"comment_status":"","ping_status":"","sticky":false,"template":"","format":"standard","meta":{"footnotes":""},"categories":[1889],"tags":[1111,11,2813,2190,2430,1109,251,1112,2811,1777,674,118,1011,27,1922,1110,1114,2428,2810,12,241,316,25,2812,517,800],"class_list":{"0":"post-692790","1":"post","2":"type-post","3":"status-publish","4":"format-standard","5":"has-post-thumbnail","7":"category-lyon","8":"tag-actu","9":"tag-actualites","10":"tag-article","11":"tag-asvel","12":"tag-auvergne-rhone-alpes","13":"tag-breves","14":"tag-culture","15":"tag-depeches","16":"tag-economique","17":"tag-eu","18":"tag-europe","19":"tag-faits-divers","20":"tag-fr","21":"tag-france","22":"tag-info","23":"tag-informations","24":"tag-infos","25":"tag-lyon","26":"tag-lyonmag","27":"tag-news","28":"tag-ol","29":"tag-politique","30":"tag-republique-francaise","31":"tag-sociale","32":"tag-sport","33":"tag-transports"},"share_on_mastodon":{"url":"https:\/\/pubeurope.com\/@fr\/115967314138484009","error":""},"_links":{"self":[{"href":"https:\/\/www.europesays.com\/fr\/wp-json\/wp\/v2\/posts\/692790","targetHints":{"allow":["GET"]}}],"collection":[{"href":"https:\/\/www.europesays.com\/fr\/wp-json\/wp\/v2\/posts"}],"about":[{"href":"https:\/\/www.europesays.com\/fr\/wp-json\/wp\/v2\/types\/post"}],"author":[{"embeddable":true,"href":"https:\/\/www.europesays.com\/fr\/wp-json\/wp\/v2\/users\/2"}],"replies":[{"embeddable":true,"href":"https:\/\/www.europesays.com\/fr\/wp-json\/wp\/v2\/comments?post=692790"}],"version-history":[{"count":0,"href":"https:\/\/www.europesays.com\/fr\/wp-json\/wp\/v2\/posts\/692790\/revisions"}],"wp:featuredmedia":[{"embeddable":true,"href":"https:\/\/www.europesays.com\/fr\/wp-json\/wp\/v2\/media\/692791"}],"wp:attachment":[{"href":"https:\/\/www.europesays.com\/fr\/wp-json\/wp\/v2\/media?parent=692790"}],"wp:term":[{"taxonomy":"category","embeddable":true,"href":"https:\/\/www.europesays.com\/fr\/wp-json\/wp\/v2\/categories?post=692790"},{"taxonomy":"post_tag","embeddable":true,"href":"https:\/\/www.europesays.com\/fr\/wp-json\/wp\/v2\/tags?post=692790"}],"curies":[{"name":"wp","href":"https:\/\/api.w.org\/{rel}","templated":true}]}}