{"id":692796,"date":"2026-01-27T13:35:11","date_gmt":"2026-01-27T13:35:11","guid":{"rendered":"https:\/\/www.europesays.com\/fr\/692796\/"},"modified":"2026-01-27T13:35:11","modified_gmt":"2026-01-27T13:35:11","slug":"le-plan-local-durbanisme-de-paris-fait-debat","status":"publish","type":"post","link":"https:\/\/www.europesays.com\/fr\/692796\/","title":{"rendered":"Le plan local d&rsquo;urbanisme de Paris fait d\u00e9bat !"},"content":{"rendered":"<p>\n        C\u2019est ce que reproche l\u2019Union nationale des propri\u00e9taires immobiliers (UNPI) Paris M\u00e9tropole. Pour l\u2019association, les mesures appliqu\u00e9es par la mairie pour cr\u00e9er du logement social mettent en p\u00e9ril l\u2019offre locative priv\u00e9e.\n    <\/p>\n<p>\u00ab<strong>Est-ce le r\u00f4le de la Ville de devenir un fonci\u00e8re cons\u00e9quente ?<\/strong>\u00bb. Voil\u00e0 la question pos\u00e9e par Alexis Thomasson, pr\u00e9sident de l&rsquo;<strong>Union nationale des propri\u00e9taires immobiliers<\/strong> (UNPI) Paris M\u00e9tropole.\u00a0<\/p>\n<p>La f\u00e9d\u00e9ration des propri\u00e9taires immobiliers voit d\u2019un mauvais \u0153il <strong>le plan d&rsquo;urbanisme bioclimatique (PLUb) de la Ville de Paris<\/strong>.<\/p>\n<p>Parmi les objectifs de la mairie occup\u00e9e par Anne Hidalgo :<strong> atteindre 40 % de logement social et interm\u00e9diaire d&rsquo;ici 2035<\/strong>.\u00a0<\/p>\n<p>Des leviers sont envisag\u00e9s, comme le \u00ab pastillage \u00bb. Cette mesure urbanistique vise \u00e0 marquer certains immeubles ou terrains dans les PLU. Dans la capitale, <strong>800 adresses sont frapp\u00e9es d\u2019une obligation de cr\u00e9er du logement social dans le cadre d\u2019un permis de construire. <\/strong>Sinon, la mairie pourra pr\u00e9empter.<\/p>\n<p>Un risque de \u00ab nationalisation rampante \u00bb selon l\u2019UNPI Paris M\u00e9tropole<\/p>\n<p>\u00a0<\/p>\n<p>\u00ab La Ville de Paris est devenue le premier acqu\u00e9reur d&rsquo;immobilier \u00e0 Paris \u00bb, constate M. Thomasson, faisant \u00e9tat de \u00ab plus d&rsquo;un milliard d&rsquo;euros d\u00e9pens\u00e9s depuis d\u00e9but 2023 \u00bb.\u00a0<\/p>\n<p><strong>Le pr\u00e9sident de l\u2019UNPI Paris M\u00e9tropole d\u00e9nonce un d\u00e9tournement du l\u2019outil de pastillage \u00e0 des fins politiques<\/strong>, penchant vers \u00ab une nationalisation rampante \u00bb selon l\u2019association.<\/p>\n<p>Ma\u00eetre Fran\u00e7ois Morabito, avocat de la structure, parle d\u2019<strong>un pastillage \u00ab mal calibr\u00e9 \u00bb<\/strong> et d\u2019un manque d\u2019une \u00ab \u00e9chelle fine par quartier \u00bb.\u00a0<\/p>\n<p>En mai, l\u2019union a d\u00e9pos\u00e9 un recours aupr\u00e8s le tribunal administratif de Paris, afin de demander l&rsquo;annulation du PLUb. La f\u00e9d\u00e9ration craint derri\u00e8re ce plan \u00ab<strong>une atteinte grave et durable au droit de propri\u00e9t\u00e9<\/strong> \u00bb.<\/p>\n<p>Et de pointer du doigt d\u2019autres mesures, qui excluent les bailleurs priv\u00e9s du logement social.\u00a0Pire, certaines misent davantage sur le logement social, <strong>au d\u00e9triment de l&#8217;emploi et d&rsquo;une dynamique \u00e9conomique, notamment sur l&rsquo;offre locative priv\u00e9e,\u00a0<\/strong>estime l&rsquo;association.<\/p>\n<p>La faute \u00e0 la vacance et aux r\u00e9sidences secondaires, affirme la mairie<\/p>\n<p>\u00a0<\/p>\n<p>Ce que d\u00e9ment Jacques Baudrier. L\u2019adjoint PCF logement de la mairie de Paris affirme \u00e0 l\u2019AFP que l\u2019\u00ab attrition du parc locatif priv\u00e9 est due \u00e0<strong> la hausse du nombre de logements vacants et de r\u00e9sidences secondaires<\/strong> \u00bb.<\/p>\n<p>La Ville \u00ab<strong> cr\u00e9e du logement public pour que les individus soient log\u00e9s.<\/strong> Si on laisse faire le march\u00e9 \u00e0 Paris il y aura z\u00e9ro logement locatif priv\u00e9 et beaucoup plus de logements vacants \u00bb, avance l\u2019\u00e9lu.\u00a0<\/p>\n<p>Pour illustrer ses propos, M. Baudrier mentionne que <strong>sur les 3 900 logements sociaux cr\u00e9\u00e9s, 1 200 sont issus de rachat d&rsquo;immeubles<\/strong>, dont une majorit\u00e9 du 19\u00e8me si\u00e8cle, \u00e9nergivores et encore fois\u2026 vacants ! 1 200 autres ont \u00e9t\u00e9 cr\u00e9\u00e9s via <a href=\"https:\/\/www.batiweb.com\/actualites\/legislation\/bureaux-transformes-en-logements-la-loi-adoptee-46699\" target=\"_blank\" rel=\"noopener\">la transformation de bureaux<\/a>.<\/p>\n<p>Une pol\u00e9mique \u00e0 l\u2019approche des municipales 2026. En d\u00e9cembre dernier, <a href=\"https:\/\/www.batiweb.com\/actualites\/immobilier\/municipales-a-paris-gregoire-accuse-dati-de-duplicite-sur-les-logements-sociaux-47872\" target=\"_blank\" rel=\"noopener\">le candidat PS Emmanuel Gr\u00e9goire avait accus\u00e9 la candidate LR Rachida Dati de duplicit\u00e9 sur le logement social<\/a>.<\/p>\n<p>D\u2019apr\u00e8s un rapport en octobre de la Fondation pour le logement des d\u00e9favoris\u00e9s, <a href=\"https:\/\/www.batiweb.com\/actualites\/immobilier\/un-tiers-des-franciliens-sont-en-grande-fragilite-vis-a-vis-du-logement-47503\" target=\"_blank\" rel=\"noopener\">un tiers des Franciliens peinent \u00e0 se loger<\/a>.\u00a0<\/p>\n<p>Par Virginie Kroun (avec AFP)<\/p>\n","protected":false},"excerpt":{"rendered":"C\u2019est ce que reproche l\u2019Union nationale des propri\u00e9taires immobiliers (UNPI) Paris M\u00e9tropole. Pour l\u2019association, les mesures appliqu\u00e9es par&hellip;\n","protected":false},"author":2,"featured_media":692797,"comment_status":"","ping_status":"","sticky":false,"template":"","format":"standard","meta":{"footnotes":""},"categories":[1888],"tags":[1111,1928,11,1927,78876,11035,2761,8186,1777,674,1011,27,78877,16354,2846,6459,2381,12,1926,78873,78875,626,1925,68716,78878,316,20721,417,25,78874,1352],"class_list":{"0":"post-692796","1":"post","2":"type-post","3":"status-publish","4":"format-standard","5":"has-post-thumbnail","7":"category-paris","8":"tag-actu","9":"tag-actu-paris","10":"tag-actualites","11":"tag-actualites-paris","12":"tag-bailleur-prive","13":"tag-election","14":"tag-elections-municipales-2026","15":"tag-emmanuel-gregoire","16":"tag-eu","17":"tag-europe","18":"tag-fr","19":"tag-france","20":"tag-location-privee","21":"tag-logement-social","22":"tag-logements","23":"tag-logements-sociaux","24":"tag-mairie-de-paris","25":"tag-news","26":"tag-news-paris","27":"tag-offre-locative","28":"tag-offre-locative-privee","29":"tag-paris","30":"tag-paris-news","31":"tag-plu","32":"tag-plub","33":"tag-politique","34":"tag-proprietaires","35":"tag-rachida-dati","36":"tag-republique-francaise","37":"tag-unpi","38":"tag-urbanisme"},"share_on_mastodon":{"url":"https:\/\/pubeurope.com\/@fr\/115967329805713983","error":""},"_links":{"self":[{"href":"https:\/\/www.europesays.com\/fr\/wp-json\/wp\/v2\/posts\/692796","targetHints":{"allow":["GET"]}}],"collection":[{"href":"https:\/\/www.europesays.com\/fr\/wp-json\/wp\/v2\/posts"}],"about":[{"href":"https:\/\/www.europesays.com\/fr\/wp-json\/wp\/v2\/types\/post"}],"author":[{"embeddable":true,"href":"https:\/\/www.europesays.com\/fr\/wp-json\/wp\/v2\/users\/2"}],"replies":[{"embeddable":true,"href":"https:\/\/www.europesays.com\/fr\/wp-json\/wp\/v2\/comments?post=692796"}],"version-history":[{"count":0,"href":"https:\/\/www.europesays.com\/fr\/wp-json\/wp\/v2\/posts\/692796\/revisions"}],"wp:featuredmedia":[{"embeddable":true,"href":"https:\/\/www.europesays.com\/fr\/wp-json\/wp\/v2\/media\/692797"}],"wp:attachment":[{"href":"https:\/\/www.europesays.com\/fr\/wp-json\/wp\/v2\/media?parent=692796"}],"wp:term":[{"taxonomy":"category","embeddable":true,"href":"https:\/\/www.europesays.com\/fr\/wp-json\/wp\/v2\/categories?post=692796"},{"taxonomy":"post_tag","embeddable":true,"href":"https:\/\/www.europesays.com\/fr\/wp-json\/wp\/v2\/tags?post=692796"}],"curies":[{"name":"wp","href":"https:\/\/api.w.org\/{rel}","templated":true}]}}