{"id":69281,"date":"2025-05-02T12:05:12","date_gmt":"2025-05-02T12:05:12","guid":{"rendered":"https:\/\/www.europesays.com\/fr\/69281\/"},"modified":"2025-05-02T12:05:12","modified_gmt":"2025-05-02T12:05:12","slug":"loisirs-la-nature-en-fete-a-nancy-la-folie-velo-a-epinal-et-un-souffle-venitien-a-toul-9-idees-de-sorties-ce-week-end-en-lorraine","status":"publish","type":"post","link":"https:\/\/www.europesays.com\/fr\/69281\/","title":{"rendered":"Loisirs. La nature en f\u00eate \u00e0 Nancy, la folie v\u00e9lo \u00e0 Epinal et un souffle v\u00e9nitien \u00e0 Toul&#8230; 9 id\u00e9es de sorties ce week-end en Lorraine"},"content":{"rendered":"<p>  Nature en f\u00eate\u200a: 120 exposants attendus au parc Sainte-Marie de Nancy<\/p>\n<p>Le traditionnel march\u00e9 aux plantes et aux fleurs revient samedi et dimanche pour sa 28e\u00a0 \u00e9dition. Cette ann\u00e9e, 120\u2002exposants seront pr\u00e9sents pour vendre, conseiller et remporter un prix (le Prix Victoire Lemoine). L\u2019occasion de rencontrer grainetiers, horticulteurs, paysagistes, p\u00e9pini\u00e9ristes, fleuristes, artisans, potiers, apiculteurs, membres d\u2019associations. Leur point commun\u200a? Ils partagent tous une passion immod\u00e9r\u00e9e pour le jardinage. Et surtout, ils seront tous au parc Sainte-Marie pour vous la faire partager. \u00c0 noter aussi parmi les points forts de l\u2019\u00e9v\u00e8nement, une balade \u00e0 v\u00e9lo sera propos\u00e9e \u00e0 14\u200ah\u200a30 le samedi et le dimanche. L\u2019objectif sera de d\u00e9couvrir les curiosit\u00e9s botaniques de Nancy.<\/p>\n<p>    &#13;<br \/>\n    &#13;<br \/>\n    &#13;<br \/>\n    <a href=\"https:\/\/cdn-s-www.estrepublicain.fr\/images\/5b432ef9-6305-48ea-b601-318258a56031\/NW_raw\/photo-alexandre-marchi-1746113019.jpg\" title=\"Photo\u00a0Alexandre Marchi\" class=\"chocolat-image GA-tracking\" data-ga_type=\"click\" data-ga_category=\"D\u00e9tail\" data-ga_action=\"zoomer\" data-ga_label=\"aggrandir image\" target=\"_blank\" rel=\"noopener\">&#13;<br \/>\n        <img src=\"https:\/\/www.europesays.com\/fr\/wp-content\/uploads\/2025\/05\/photo-alexandre-marchi-1746113019.jpg\"   alt=\"Photo\u00a0Alexandre Marchi\" fetchpriority=\"high\" decoding=\"async\" data-mobile=\"NW_listA_M|1746113019\" data-base=\"NW_listA|1746113019\"\/>&#13;<br \/>\n    <\/a>&#13;<\/p>\n<p>Photo\u00a0Alexandre Marchi<\/p>\n<p class=\"insetTitle\">Les informations pratiques<\/p>\n<ul>\n<li><strong>Dates.<\/strong> Samedi 3 mai et dimanche 4 mai, de 10\u200ah \u00e0 19\u200ah<\/li>\n<li><strong>Lieu.<\/strong>\u00a0Parc Sainte-Marie, \u00e0 Nancy.\u00a0<\/li>\n<li><strong>Tarifs.<\/strong> Entr\u00e9e libre<\/li>\n<\/ul>\n<p>  <strong>\u00c9pinal :\u00a0le festival Enjoy V\u00e9los passe au braquet sup\u00e9rieur<br \/><\/strong><\/p>\n<p>Cr\u00e9\u00e9 l\u2019an dernier, le festival des plaisirs tous v\u00e9los Enjoy V\u00e9los \u00c9pinal avait remport\u00e9 un succ\u00e8s remarqu\u00e9, avec notamment pr\u00e8s de 2\u200a500 inscrits de tous \u00e2ges \u00e0 diverses courses. Le nombre des visiteurs a bien \u00e9videmment \u00e9t\u00e9 plus cons\u00e9quent sur ces deux jours qui ont fait date. Il a paru \u00e9vident aux organisateurs et partenaires de se remettre en selle et de passer au braquet sup\u00e9rieur.<br \/>C\u2019est ce qui se passera du 2 au 4\u00a0mai sur le petit Champs-de-Mars \u00e0 \u00c9pinal. Car trois jours ne seront pas de trop pour rassasier les amoureux du v\u00e9lo sous toutes ses formes. Sur le salon (en ext\u00e9rieur) plus d\u2019un millier de v\u00e9los (VTT, gravels, e-bikes, longtails, cargos\u2026) et accessoires seront \u00e0 tester sur un parcours adapt\u00e9.\u00a0Des courses et randonn\u00e9es sont aussi au programme, comme des animations gourmandes, cin\u00e9matographiques ou musicales\u200a!<\/p>\n<p>    &#13;<br \/>\n    &#13;<br \/>\n    &#13;<br \/>\n    <a href=\"https:\/\/cdn-s-www.estrepublicain.fr\/images\/0c5db57d-bbfa-4dcd-b6fc-bdf2291b14cf\/NW_raw\/la-course-de-draisienne-destinee-aux-plus-jeunes-est-l-un-temps-forts-du-festival-enjoy-velos-photo-d-archives-eric-thiebaut-1746113482.jpg\" title=\"La course de draisienne, destin\u00e9e aux plus jeunes, est l\u2019un temps forts du festival Enjoy V\u00e9los. Photo d\u2019archives Eric Thiebaut\" class=\"chocolat-image GA-tracking\" data-ga_type=\"click\" data-ga_category=\"D\u00e9tail\" data-ga_action=\"zoomer\" data-ga_label=\"aggrandir image\" target=\"_blank\" rel=\"noopener\">&#13;<br \/>\n        <img src=\"https:\/\/www.europesays.com\/fr\/wp-content\/uploads\/2025\/05\/la-course-de-draisienne-destinee-aux-plus-jeunes-est-l-un-temps-forts-du-festival-enjoy-velos-photo-.jpeg\"   alt=\"La course de draisienne, destin\u00e9e aux plus jeunes, est l\u2019un temps forts du festival Enjoy V\u00e9los. Photo d\u2019archives Eric Thiebaut\" fetchpriority=\"high\" decoding=\"async\" data-mobile=\"NW_listA_M|1746113482\" data-base=\"NW_listA|1746113482\"\/>&#13;<br \/>\n    <\/a>&#13;<\/p>\n<p>La course de draisienne, destin\u00e9e aux plus jeunes, est l\u2019un temps forts du festival Enjoy V\u00e9los. Photo d\u2019archives Eric Thiebaut<\/p>\n<p class=\"insetTitle\">Les informations pratiques<\/p>\n<ul>\n<li><strong>Dates.<\/strong>\u00a0Du vendredi 2 au dimanche 4 mai.<\/li>\n<li><strong>Lieu.<\/strong>\u00a0 Petit Champs-de-Mars \u00e0 \u00c9pinal (88)<\/li>\n<li><strong>Programme.<\/strong>\u00a0Tous les d\u00e9tails sur sur enjoyvelos.com<\/li>\n<\/ul>\n<p>  Toul : un carnaval v\u00e9nitien au centre-ville, les 3 et 4\u00a0mai<\/p>\n<p>L\u2019association Rencontres Intemporelles propose une nouvelle \u00e9dition de Venissimo, son carnaval v\u00e9nitien. La\u00a0 majorit\u00e9 des participants a cr\u00e9\u00e9 ses costumes. Certains viennent de Belgique, du Luxembourg, d\u2019Alsace. Ils vont d\u00e9ambuler aux abords de l\u2019h\u00f4tel de ville et de la cath\u00e9drale Saint-\u00c9tienne, les 3 et 4 mai entre 10 h et 17 h. Inutile de leur adresser la parole, tous ces personnages sont tenus au secret, en revanche, ils prennent volontiers la pose pour des photos. Un d\u00e9fil\u00e9 est annonc\u00e9 samedi 3 mai, \u00e0 partir de 15 h. Une exposition sur le carnaval v\u00e9nitien est en cours \u00e0 la m\u00e9diath\u00e8que Les Remp\u2019Arts jusqu\u2019au 4 mai. Un march\u00e9 d\u2019artisan proposera des articles v\u00e9nitiens avec des masques, des chapeaux etc.<\/p>\n<p>    &#13;<br \/>\n    &#13;<br \/>\n    &#13;<br \/>\n    <a href=\"https:\/\/cdn-s-www.estrepublicain.fr\/images\/cb028ad6-034d-49c9-aa5c-08a3bda0c2b1\/NW_raw\/photo-er-1746113709.jpg\" title=\"Photo ER\" class=\"chocolat-image GA-tracking\" data-ga_type=\"click\" data-ga_category=\"D\u00e9tail\" data-ga_action=\"zoomer\" data-ga_label=\"aggrandir image\" target=\"_blank\" rel=\"noopener\">&#13;<br \/>\n        <img src=\"https:\/\/www.europesays.com\/fr\/wp-content\/uploads\/2025\/05\/photo-er-1746113709.jpg\"   alt=\"Photo ER\" fetchpriority=\"high\" decoding=\"async\" data-mobile=\"NW_listA_M|1746113709\" data-base=\"NW_listA|1746113709\"\/>&#13;<br \/>\n    <\/a>&#13;<\/p>\n<p>Photo ER<\/p>\n<p class=\"insetTitle\">Les informations pratiques<\/p>\n<ul>\n<li><strong>Date.<\/strong> Samedi 3 mai et dimanche 4 mai, de 10\u200ah \u00e0 17h.<\/li>\n<li><strong>Lieu.<\/strong>\u00a0D\u00e9fil\u00e9 aux abords de l\u2019h\u00f4tel de ville, de la cath\u00e9drale Saint-\u00c9tienne et de son clo\u00eetre.<\/li>\n<\/ul>\n<p>  Metz : Man\u00e8ges et nouveaut\u00e9s attendent le public \u00e0 la foire de mai<\/p>\n<p>La foire de mai revient d\u00e8s ce samedi, sur le parking de Metz Expo. Jusqu\u2019au dimanche 25\u00a0mai, 60\u200a000 m2\u00a0de man\u00e8ges et de stands.De nouveaux man\u00e8ges viendront compl\u00e9ter l\u2019exp\u00e9rience, pour un total d\u2019environ 200 attractions.<br \/>L\u2019entr\u00e9e sera gratuite pour les visiteurs, tout comme le parking.<\/p>\n<p>    &#13;<br \/>\n    &#13;<br \/>\n    &#13;<br \/>\n    <a href=\"https:\/\/cdn-s-www.estrepublicain.fr\/images\/adf55593-7861-4c6b-a4e7-8b3a1884e3a6\/NW_raw\/photo-archives-frederic-lecocq-1746115131.jpg\" title=\"Photo\u00a0archives Fr\u00e9d\u00e9ric Lecocq.\" class=\"chocolat-image GA-tracking\" data-ga_type=\"click\" data-ga_category=\"D\u00e9tail\" data-ga_action=\"zoomer\" data-ga_label=\"aggrandir image\" target=\"_blank\" rel=\"noopener\">&#13;<br \/>\n        <img src=\"https:\/\/www.europesays.com\/fr\/wp-content\/uploads\/2025\/05\/photo-archives-frederic-lecocq-1746115131.jpg\"   alt=\"Photo\u00a0archives Fr\u00e9d\u00e9ric Lecocq.\" fetchpriority=\"high\" decoding=\"async\" data-mobile=\"NW_listA_M|1746115131\" data-base=\"NW_listA|1746115131\"\/>&#13;<br \/>\n    <\/a>&#13;<\/p>\n<p>Photo\u00a0archives Fr\u00e9d\u00e9ric Lecocq.<\/p>\n<p class=\"insetTitle\">Les informations pratiques<\/p>\n<ul>\n<li><strong>Dates.<\/strong>\u00a0Du samedi 3 au dimanche 25 mai.<\/li>\n<li><strong>Lieu.<\/strong> \u00a0sur le parking de Metz Expo..\u00a0<\/li>\n<li><strong>Horaires d\u00e9taill\u00e9s \u00a0:\u00a0<\/strong>Lundi, mardi et jeudi (16\u200ah-23\u200ah)\u200a; mercredi et dimanche (de 14\u200ah \u00e0 23\u200ah), vendredi (16\u200ah-0\u200ah). Samedi (14\u200ah-1\u200ah).<\/li>\n<\/ul>\n<p>  Meuse : 80 m\u00e9tiers reconstitu\u00e9s \u00e0 Azannes-et-Soumazannes<\/p>\n<p>Le village des Vieux M\u00e9tiers d\u2019Azannes souffle sa quaranti\u00e8me bougie cette ann\u00e9e. Une belle aventure qui r\u00e9unit quelque 450 b\u00e9n\u00e9voles \u00e2g\u00e9s de 7 mois \u00e0 98 ans. Ensemble, ils font revivre approximativement 80 m\u00e9tiers anciens ou disparus (tuilier, chaumier, vannier, sabotier\u2026) sur un terrain de 17 hectares de plaines et de for\u00eats \u00e0 Azannes-et-Soumazannes en Meuse.<br \/>Le grand public est invit\u00e9 \u00e0 voyager dans le temps \u00e0 l\u2019occasion de neuf dates\u00a0: les 4, 11, 18, 25 et 29\u00a0mai, le 1er\u00a0 juin ainsi que les 13, 20 et 27\u00a0juillet de 10\u00a0h \u00e0 18\u00a0h.<\/p>\n<p>    &#13;<br \/>\n    &#13;<br \/>\n    &#13;<br \/>\n    <a href=\"https:\/\/cdn-s-www.estrepublicain.fr\/images\/e02abead-065d-42c3-9851-19a411476a12\/NW_raw\/le-public-est-invite-a-rencontrer-de-nombreux-artisans-du-passe-photo-lea-didier-1746116246.jpg\" title=\"Le public est invit\u00e9 \u00e0 rencontrer de nombreux artisans du pass\u00e9. Photo L\u00e9a Didier\" class=\"chocolat-image GA-tracking\" data-ga_type=\"click\" data-ga_category=\"D\u00e9tail\" data-ga_action=\"zoomer\" data-ga_label=\"aggrandir image\" target=\"_blank\" rel=\"noopener\">&#13;<br \/>\n        <img src=\"https:\/\/www.europesays.com\/fr\/wp-content\/uploads\/2025\/05\/le-public-est-invite-a-rencontrer-de-nombreux-artisans-du-passe-photo-lea-didier-1746116246.jpg\"   alt=\"Le public est invit\u00e9 \u00e0 rencontrer de nombreux artisans du pass\u00e9. Photo L\u00e9a Didier\" fetchpriority=\"high\" decoding=\"async\" data-mobile=\"NW_listA_M|1746116246\" data-base=\"NW_listA|1746116246\"\/>&#13;<br \/>\n    <\/a>&#13;<\/p>\n<p>Le public est invit\u00e9 \u00e0 rencontrer de nombreux artisans du pass\u00e9. Photo L\u00e9a Didier<\/p>\n<p class=\"insetTitle\">Les informations pratiques<\/p>\n<ul>\n<li><strong>Date.<\/strong>\u00a0Les 4, 11, 18, 25 et 29 mai, le 1er\u00a0 juin ainsi que les 13, 20 et 27 juillet de 10 h \u00e0 18 h.<\/li>\n<li><strong>Lieu.<\/strong>\u00a0Dans les rues du village d&rsquo;Azannes-et-Soumazannes (Meuse).\u00a0<\/li>\n<li><strong>Tarif.<\/strong>\u00a0Adultes 18 \u20ac, r\u00e9duit 15 \u20ac et gratuit pour les moins de 16 ans.\u00a0<\/li>\n<\/ul>\n<p>  Meuse \u00a0: les livres \u00e0 l\u2019honneur\u00a0au ch\u00e2teau de Thillombois<\/p>\n<p>Ce dimanche 4 mai, c\u2019est la 3e \u00e9dition du festival litt\u00e9raire propos\u00e9e par Connaissance de la Meuse, avec des lectures de textes captivantes, un coin lecture pour enfants, un Graffomaton (offrez-vous un portrait litt\u00e9raire), une expo sur la BD, un studio d\u2019enregistrement \u00e0 tester\u00a0 et des siestes litt\u00e9raires. Dix auteurs aux styles tr\u00e8s diff\u00e9rents y sont attendus. Des ateliers cr\u00e9atifs et animations pour tous publics, ainsi que des visites guid\u00e9es du ch\u00e2teau\u00a0<\/p>\n<p>    &#13;<br \/>\n    &#13;<br \/>\n    &#13;<br \/>\n    <a href=\"https:\/\/cdn-s-www.estrepublicain.fr\/images\/718d2e4d-27ce-46bd-8267-6c2a11ccdb1b\/NW_raw\/la-3e-edition-de-livres-au-chateau-se-tiendra-le-4-mai-au-chateau-de-thillombois-photo-beatrice-francois-1746116439.jpg\" title=\"La 3e \u00e9dition de Livres au ch\u00e2teau se tiendra le 4\u00a0mai au ch\u00e2teau de Thillombois. Photo\u00a0B\u00e9atrice Francois\" class=\"chocolat-image GA-tracking\" data-ga_type=\"click\" data-ga_category=\"D\u00e9tail\" data-ga_action=\"zoomer\" data-ga_label=\"aggrandir image\" target=\"_blank\" rel=\"noopener\">&#13;<br \/>\n        <img src=\"https:\/\/www.europesays.com\/fr\/wp-content\/uploads\/2025\/05\/la-3e-edition-de-livres-au-chateau-se-tiendra-le-4-mai-au-chateau-de-thillombois-photo-beatrice-fran.jpeg\"   alt=\"La 3e \u00e9dition de Livres au ch\u00e2teau se tiendra le 4\u00a0mai au ch\u00e2teau de Thillombois. Photo\u00a0B\u00e9atrice Francois\" fetchpriority=\"high\" decoding=\"async\" data-mobile=\"NW_listA_M|1746116439\" data-base=\"NW_listA|1746116439\"\/>&#13;<br \/>\n    <\/a>&#13;<\/p>\n<p>La 3e \u00e9dition de Livres au ch\u00e2teau se tiendra le 4\u00a0mai au ch\u00e2teau de Thillombois. Photo\u00a0B\u00e9atrice Francois<\/p>\n<p class=\"insetTitle\">Les informations pratiques<\/p>\n<ul>\n<li><strong>Date.<\/strong>\u00a0Dimanche 4 mai, de 10\u200ah\u200a30 \u00e0 18\u200ah.<\/li>\n<li><strong>Lieu.<\/strong>\u00a0Au ch\u00e2teau de Thillombois.\u00a0<\/li>\n<li><strong>Tarifs.<\/strong>\u00a0Contact\u200a: Connaissance de la Meuse, Carri\u00e8res d\u2019Haudainville 55100 Verdun, t\u00e9l.\u200a03\u200a29\u200a84\u200a50\u200a00, cdm@cdm55.fr<\/li>\n<\/ul>\n<p>  Chanteheux \u00a0: 16e\u00a0\u00e9dition\u00a0du salon Vins et saveurs<\/p>\n<p>La 16e\u00a0\u00e9dition du salon des vins, organis\u00e9e par le Kiwanis club de Lun\u00e9ville r\u00e9unira d\u00e8s aujourd\u2019hui mais \u00e9galement samedi et dimanche, une cinquantaine d\u2019exposants repr\u00e9sentant les grandes r\u00e9gions viticoles fran\u00e7aises ou des artisans producteurs de sp\u00e9cialit\u00e9s culinaires.<br \/>Les portes de la salle polyvalente de Chanteheux seront ouvertes ce vendredi de 17\u200ah \u00e0 21\u200ah, samedi de 10\u200ah \u00e0 20 h et dimanche, de 10\u200ah \u00e0 18\u200ah.<br \/>\u00c0 noter que le\u00a0b\u00e9n\u00e9fice de cette manifestation est r\u00e9serv\u00e9 aux \u0153uvres sociales du club Kiwanis de Lun\u00e9ville tourn\u00e9es vers l\u2019enfance r\u00e9gionale en difficult\u00e9.<\/p>\n<p>    &#13;<br \/>\n    &#13;<br \/>\n    &#13;<br \/>\n    <a href=\"https:\/\/cdn-s-www.estrepublicain.fr\/images\/24db8dae-aa34-4e2a-9f94-2987e081b5a6\/NW_raw\/la-16e-edition-du-salon-vins-et-saveurs-se-deroule-durant-tout-le-week-end-a-la-salle-polyvalente-de-chanteheux-photo-adeline-asper-1746116917.jpg\" title=\"La 16e\u00a0\u00e9dition du salon Vins et saveurs se d\u00e9roule durant tout le week-end, \u00e0 la salle polyvalente de Chanteheux.\u00a0Photo Adeline Asper\" class=\"chocolat-image GA-tracking\" data-ga_type=\"click\" data-ga_category=\"D\u00e9tail\" data-ga_action=\"zoomer\" data-ga_label=\"aggrandir image\" target=\"_blank\" rel=\"noopener\">&#13;<br \/>\n        <img src=\"https:\/\/www.europesays.com\/fr\/wp-content\/uploads\/2025\/05\/la-16e-edition-du-salon-vins-et-saveurs-se-deroule-durant-tout-le-week-end-a-la-salle-polyvalente-de.jpeg\"   alt=\"La 16e\u00a0\u00e9dition du salon Vins et saveurs se d\u00e9roule durant tout le week-end, \u00e0 la salle polyvalente de Chanteheux.\u00a0Photo Adeline Asper\" fetchpriority=\"high\" decoding=\"async\" data-mobile=\"NW_listA_M|1746116917\" data-base=\"NW_listA|1746116917\"\/>&#13;<br \/>\n    <\/a>&#13;<\/p>\n<p>La 16e\u00a0\u00e9dition du salon Vins et saveurs se d\u00e9roule durant tout le week-end, \u00e0 la salle polyvalente de Chanteheux.\u00a0Photo Adeline Asper<\/p>\n<p class=\"insetTitle\">Les informations pratiques<\/p>\n<ul>\n<li><strong>Date.<\/strong>\u00a0Vendredi de 17\u200ah \u00e0 21\u200ah, samedi de 10\u200ah \u00e0 20 h et dimanche, de 10\u200ah \u00e0 18\u200ah.<\/li>\n<li><strong>Lieu.<\/strong> \u00a0Salle polyvalente de Chanteheux\u00a0(54)<\/li>\n<li><strong>Tarifs.<\/strong>\u00a0 Plein tarif : 5.00 \u20ac \u00a0;\u00a0porteurs invitation gratuite : 3.00 \u20ac<\/li>\n<\/ul>\n<p>  Moselle \u00a0: Grand concours de danses urbaines \u00e0 Talange<\/p>\n<p>Le Centre la\u00efque talangeois d\u2019\u00e9ducation permanente (CLTEP) organise son quatri\u00e8me \u00ab\u200ahip-hop contest\u200a\u00bb, un grand concours international de danses urbaines, samedi d\u00e8s 19\u200ah au gymnase Maurice-Baquet de Talange.\u00a0Les fonds seront utilis\u00e9s pour organiser un voyage pour les membres du CLTEP.<\/p>\n<p>    &#13;<br \/>\n    &#13;<br \/>\n    &#13;<br \/>\n    <a href=\"https:\/\/cdn-s-www.estrepublicain.fr\/images\/cfb5cbc1-a24a-4416-9224-c794e0eec898\/NW_raw\/photo-rl-1746117106.jpg\" title=\"Photo RL\" class=\"chocolat-image GA-tracking\" data-ga_type=\"click\" data-ga_category=\"D\u00e9tail\" data-ga_action=\"zoomer\" data-ga_label=\"aggrandir image\" target=\"_blank\" rel=\"noopener\">&#13;<br \/>\n        <img src=\"https:\/\/www.europesays.com\/fr\/wp-content\/uploads\/2025\/05\/photo-rl-1746117106.jpg\"   alt=\"Photo RL\" fetchpriority=\"high\" decoding=\"async\" data-mobile=\"NW_listA_M|1746117106\" data-base=\"NW_listA|1746117106\"\/>&#13;<br \/>\n    <\/a>&#13;<\/p>\n<p>Photo RL<\/p>\n<p class=\"insetTitle\">Les informations pratiques<\/p>\n<ul>\n<li>\n<p><strong>Date.<\/strong>\u00a0Samedi 3 mai, d\u00e8s 19\u200ah<\/p>\n<\/li>\n<li>\n<p><strong>Lieu.<\/strong>\u00a0Gymnase Maurice-Baquet de Talange (Moselle)<\/p>\n<\/li>\n<li><strong>Tarifs.<\/strong> Entr\u00e9e fix\u00e9e \u00e0 5 euros.<\/li>\n<\/ul>\n<p>  Moselle \u00a0:\u00a0Les s\u0153urs mara\u00eech\u00e8res ouvrent leurs champs, \u00e0 Inglange<\/p>\n<p>Meghann et Tamara Christen ouvrent leur jardin Aux s\u0153urs des champs dimanche, de 10\u200ah \u00e0 18\u200ah, \u00e0 Inglange. Leur exploitation bio proposera la vente de plants de fruits, l\u00e9gumes et fleurs, ainsi qu\u2019un march\u00e9 de producteurs locaux. Au programme\u200a: restauration, balades \u00e0 poney, ateliers cr\u00e9atifs pour enfants, stands bien-\u00eatre, visites guid\u00e9es de leur exploitation mara\u00eech\u00e8re et animations familiales. <\/p>\n<p>    &#13;<br \/>\n    &#13;<br \/>\n    &#13;<br \/>\n    <a href=\"https:\/\/cdn-s-www.estrepublicain.fr\/images\/49574573-02b4-41d5-958c-4c90d40d1ad9\/NW_raw\/photo-rl-1746117937.jpg\" title=\"Photo RL\" class=\"chocolat-image GA-tracking\" data-ga_type=\"click\" data-ga_category=\"D\u00e9tail\" data-ga_action=\"zoomer\" data-ga_label=\"aggrandir image\" target=\"_blank\" rel=\"noopener\">&#13;<br \/>\n        <img src=\"https:\/\/www.europesays.com\/fr\/wp-content\/uploads\/2025\/05\/photo-rl-1746117937.jpg\"   alt=\"Photo RL\" fetchpriority=\"high\" decoding=\"async\" data-mobile=\"NW_listA_M|1746117937\" data-base=\"NW_listA|1746117937\"\/>&#13;<br \/>\n    <\/a>&#13;<\/p>\n<p>Photo RL<\/p>\n<p class=\"insetTitle\">Les informations pratiques<\/p>\n<ul>\n<li>\n<ul>\n<li><strong>Date.<\/strong>\u00a0Dimanche 4 mai, de 10\u200ah \u00e0 18\u200ah<\/li>\n<li><strong>Lieu.<\/strong>\u00a0Ferme Aux s\u0153urs des champs, \u00e0 Inglange (Moselle)<\/li>\n<li><strong>Tarifs.<\/strong>\u00a0Entr\u00e9e libre<\/li>\n<\/ul>\n<\/li>\n<\/ul>\n","protected":false},"excerpt":{"rendered":"Nature en f\u00eate\u200a: 120 exposants attendus au parc Sainte-Marie de Nancy Le traditionnel march\u00e9 aux plantes et aux&hellip;\n","protected":false},"author":2,"featured_media":69282,"comment_status":"","ping_status":"","sticky":false,"template":"","format":"standard","meta":{"footnotes":""},"categories":[9635],"tags":[1111,11,3600,1687,3602,1704,1777,674,11210,11208,107,1011,27,775,3457,11209,1702,1703,12,3456,25,273,3140],"class_list":{"0":"post-69281","1":"post","2":"type-post","3":"status-publish","4":"format-standard","5":"has-post-thumbnail","7":"category-nancy","8":"tag-actu","9":"tag-actualites","10":"tag-bar-le-duc","11":"tag-culture-loisirs","12":"tag-edition-bar-le-duc","13":"tag-edition-nancy-et-agglomeration","14":"tag-eu","15":"tag-europe","16":"tag-fains-veel","17":"tag-faulx","18":"tag-fil-info","19":"tag-fr","20":"tag-france","21":"tag-grand-est","22":"tag-meurthe-et-moselle","23":"tag-meuse","24":"tag-nancy","25":"tag-nancy-ville-54b","26":"tag-news","27":"tag-region-lorraine","28":"tag-republique-francaise","29":"tag-selection-de-la-redaction","30":"tag-spectacle"},"share_on_mastodon":{"url":"https:\/\/pubeurope.com\/@fr\/114438152169541412","error":""},"_links":{"self":[{"href":"https:\/\/www.europesays.com\/fr\/wp-json\/wp\/v2\/posts\/69281","targetHints":{"allow":["GET"]}}],"collection":[{"href":"https:\/\/www.europesays.com\/fr\/wp-json\/wp\/v2\/posts"}],"about":[{"href":"https:\/\/www.europesays.com\/fr\/wp-json\/wp\/v2\/types\/post"}],"author":[{"embeddable":true,"href":"https:\/\/www.europesays.com\/fr\/wp-json\/wp\/v2\/users\/2"}],"replies":[{"embeddable":true,"href":"https:\/\/www.europesays.com\/fr\/wp-json\/wp\/v2\/comments?post=69281"}],"version-history":[{"count":0,"href":"https:\/\/www.europesays.com\/fr\/wp-json\/wp\/v2\/posts\/69281\/revisions"}],"wp:featuredmedia":[{"embeddable":true,"href":"https:\/\/www.europesays.com\/fr\/wp-json\/wp\/v2\/media\/69282"}],"wp:attachment":[{"href":"https:\/\/www.europesays.com\/fr\/wp-json\/wp\/v2\/media?parent=69281"}],"wp:term":[{"taxonomy":"category","embeddable":true,"href":"https:\/\/www.europesays.com\/fr\/wp-json\/wp\/v2\/categories?post=69281"},{"taxonomy":"post_tag","embeddable":true,"href":"https:\/\/www.europesays.com\/fr\/wp-json\/wp\/v2\/tags?post=69281"}],"curies":[{"name":"wp","href":"https:\/\/api.w.org\/{rel}","templated":true}]}}