{"id":692810,"date":"2026-01-27T13:42:20","date_gmt":"2026-01-27T13:42:20","guid":{"rendered":"https:\/\/www.europesays.com\/fr\/692810\/"},"modified":"2026-01-27T13:42:20","modified_gmt":"2026-01-27T13:42:20","slug":"le-royaume-uni-annonce-une-equipe-dia-soutenue-par-meta-pour-moderniser-les-services-publics","status":"publish","type":"post","link":"https:\/\/www.europesays.com\/fr\/692810\/","title":{"rendered":"Le Royaume-Uni annonce une \u00e9quipe d&rsquo;IA soutenue par Meta pour moderniser les services publics"},"content":{"rendered":"<p>Le gouvernement britannique a annonc\u00e9 mardi avoir recrut\u00e9 une \u00e9quipe de sp\u00e9cialistes de l&rsquo;intelligence artificielle afin de d\u00e9velopper des outils d&rsquo;IA destin\u00e9s \u00e0 am\u00e9liorer les transports, la s\u00e9curit\u00e9 publique et la d\u00e9fense, gr\u00e2ce \u00e0 un financement de Meta.<\/p>\n<p>Le Premier ministre Keir Starmer, \u00e0 l&rsquo;instar de nombreux autres dirigeants \u00e0 travers le monde, cherche \u00e0 exploiter l&rsquo;immense potentiel \u00e9conomique du secteur de l&rsquo;IA tout en utilisant cette technologie pour accro\u00eetre la productivit\u00e9 de l&rsquo;administration.<\/p>\n<p>Selon le gouvernement, ces experts en IA consacreront l&rsquo;ann\u00e9e \u00e0 venir au d\u00e9veloppement d&rsquo;outils open source visant \u00e0 optimiser la maintenance des routes et des r\u00e9seaux de transport, la gestion de la s\u00e9curit\u00e9 publique et la prise de d\u00e9cisions en mati\u00e8re de s\u00e9curit\u00e9 nationale.<\/p>\n<p>Ce groupe comprend un data scientist de l&rsquo;Alan Turing Institute ainsi que des chercheurs universitaires sp\u00e9cialis\u00e9s en vision par ordinateur, apprentissage automatique appliqu\u00e9 au secteur public, imagerie robotique et conception de syst\u00e8mes d&rsquo;IA fiables et critiques pour la s\u00e9curit\u00e9.<\/p>\n<p>Le programme se concentrera sur le d\u00e9veloppement de technologies que les organismes publics pourront exploiter sans d\u00e9pendre de syst\u00e8mes commerciaux \u00e0 code source ferm\u00e9, a pr\u00e9cis\u00e9 le gouvernement.<\/p>\n<p>Meta, qui avait annonc\u00e9 le financement du projet en juillet dernier, avait indiqu\u00e9 \u00e0 l&rsquo;\u00e9poque que les experts utiliseraient des mod\u00e8les open source tels que Llama, le syst\u00e8me d&rsquo;intelligence artificielle de Meta, un grand mod\u00e8le de langage capable de traiter des donn\u00e9es telles que du texte, de la vid\u00e9o, des images et de l&rsquo;audio.<\/p>\n<p>Il a \u00e9galement \u00e9t\u00e9 pr\u00e9cis\u00e9 que les outils d\u00e9velopp\u00e9s avec ces mod\u00e8les appartiendraient au gouvernement, permettant ainsi aux diff\u00e9rents minist\u00e8res de conserver les donn\u00e9es sensibles en interne et d&rsquo;adapter la technologie selon leurs besoins.<\/p>\n","protected":false},"excerpt":{"rendered":"Le gouvernement britannique a annonc\u00e9 mardi avoir recrut\u00e9 une \u00e9quipe de sp\u00e9cialistes de l&rsquo;intelligence artificielle afin de d\u00e9velopper&hellip;\n","protected":false},"author":2,"featured_media":692811,"comment_status":"","ping_status":"","sticky":false,"template":"","format":"standard","meta":{"footnotes":""},"categories":[1588],"tags":[11,340,1777,674,12,473,1853,1851,1850,1852],"class_list":{"0":"post-692810","1":"post","2":"type-post","3":"status-publish","4":"format-standard","5":"has-post-thumbnail","7":"category-royaume-uni","8":"tag-actualites","9":"tag-bourse","10":"tag-eu","11":"tag-europe","12":"tag-news","13":"tag-royaume-uni","14":"tag-royaume-uni-de-grande-bretagne-et-dirlande-du-nord","15":"tag-uk","16":"tag-united-kingdom","17":"tag-united-kingdom-of-great-britain-and-northern-ireland"},"share_on_mastodon":{"url":"https:\/\/pubeurope.com\/@fr\/115967357352281053","error":""},"_links":{"self":[{"href":"https:\/\/www.europesays.com\/fr\/wp-json\/wp\/v2\/posts\/692810","targetHints":{"allow":["GET"]}}],"collection":[{"href":"https:\/\/www.europesays.com\/fr\/wp-json\/wp\/v2\/posts"}],"about":[{"href":"https:\/\/www.europesays.com\/fr\/wp-json\/wp\/v2\/types\/post"}],"author":[{"embeddable":true,"href":"https:\/\/www.europesays.com\/fr\/wp-json\/wp\/v2\/users\/2"}],"replies":[{"embeddable":true,"href":"https:\/\/www.europesays.com\/fr\/wp-json\/wp\/v2\/comments?post=692810"}],"version-history":[{"count":0,"href":"https:\/\/www.europesays.com\/fr\/wp-json\/wp\/v2\/posts\/692810\/revisions"}],"wp:featuredmedia":[{"embeddable":true,"href":"https:\/\/www.europesays.com\/fr\/wp-json\/wp\/v2\/media\/692811"}],"wp:attachment":[{"href":"https:\/\/www.europesays.com\/fr\/wp-json\/wp\/v2\/media?parent=692810"}],"wp:term":[{"taxonomy":"category","embeddable":true,"href":"https:\/\/www.europesays.com\/fr\/wp-json\/wp\/v2\/categories?post=692810"},{"taxonomy":"post_tag","embeddable":true,"href":"https:\/\/www.europesays.com\/fr\/wp-json\/wp\/v2\/tags?post=692810"}],"curies":[{"name":"wp","href":"https:\/\/api.w.org\/{rel}","templated":true}]}}