{"id":692836,"date":"2026-01-27T14:01:10","date_gmt":"2026-01-27T14:01:10","guid":{"rendered":"https:\/\/www.europesays.com\/fr\/692836\/"},"modified":"2026-01-27T14:01:10","modified_gmt":"2026-01-27T14:01:10","slug":"mehdi-marvin-pellegrino-et-jasmine-zoi-sev","status":"publish","type":"post","link":"https:\/\/www.europesays.com\/fr\/692836\/","title":{"rendered":"Mehdi (Marvin Pellegrino) et Jasmine (Zo\u00ef S\u00e9v &#8230;"},"content":{"rendered":"<p>EN BREF<\/p>\n<ul class=\"bloc_resume_post_list\">\n<li>Diffus\u00e9 sur TF1 depuis 2020, \u00ab\u00a0Ici tout commence&rsquo; est un<br \/>\nspin-off de &lsquo;Demain nous appartient&rsquo;, diffus\u00e9 \u00e0 18h30 en<br \/>\nsemaine.<\/li>\n<li>Mehdi et Jasmine, interpr\u00e9t\u00e9s par Marvin Pellegrino et<br \/>\nZo\u00ef S\u00e9v\u00e9rin, feront leur retour \u00e0 l&rsquo;Institut Auguste Armand en<br \/>\nf\u00e9vrier 2026.<\/li>\n<li>Luigi Kr\u00f6ner revient dans la s\u00e9rie avec un personnage<br \/>\nplus manipulateur, promettant des intrigues captivantes \u00e0<br \/>\nl&rsquo;\u00e9cran.<\/li>\n<\/ul>\n<p data-paragraph-index=\"1\">Diffus\u00e9 pour la premi\u00e8re fois sur<br \/>\nl&rsquo;antenne de TF1 en 2020.\u00a0<a href=\"https:\/\/www.telestar.fr\/serie-tv\/ici-tout-commence\" data-mrf-link=\"https:\/\/www.telestar.fr\/serie-tv\/ici-tout-commence\" target=\"_blank\" rel=\"noopener\">Le feuilleton<br \/>\nquotidien<\/a>\u00a0intitul\u00e9\u00a0Ici tout<br \/>\ncommence\u00a0est devenu\u00a0<strong>l&rsquo;un des rendez-vous<br \/>\nincontournables de la premi\u00e8re cha\u00eene<\/strong>. Pour rappel, cette<br \/>\nfiction, qui est programm\u00e9e du lundi au vendredi \u00e0 18h30, est en<br \/>\nr\u00e9alit\u00e9 le spin-off d&rsquo;<a href=\"https:\/\/www.telestar.fr\/serie-tv\/demain-nous-appartient\/demain-nous-appartient-spoilers-vanessa-retrouve-georges-que-va-t-il-lui-arriver-827600\" target=\"_blank\" rel=\"noopener\">une<br \/>\nautre s\u00e9rie embl\u00e9matique de TF1<\/a> :\u00a0Demain nous<br \/>\nappartient.<\/p>\n<p data-paragraph-index=\"2\">Lanc\u00e9 sur l&rsquo;antenne de la premi\u00e8re<br \/>\ncha\u00eene en 2017. Cet autre feuilleton quotidien, qui est diffus\u00e9 du<br \/>\nlundi au vendredi \u00e0 partir de 19h10, a vu\u00a0<strong>certains de<br \/>\nses personnages partir pour rejoindre\u00a0Ici tout<br \/>\ncommence<\/strong>. Ce fut notamment le cas de\u00a0<a href=\"https:\/\/www.closermag.fr\/people\/clement-remiens-meconnaissable-lacteur-redonne-de-ses-nouvelles-avec-une-serie-de-photos-etonnantes-3356782\" target=\"_blank\" rel=\"noopener\">Cl\u00e9ment<br \/>\nRemiens<\/a>.\u00a0En effet, le personnage de Maxime Delcourt, qu&rsquo;il<br \/>\nincarnait depuis trois ans dans\u00a0Demain nous<br \/>\nappartient,\u00a0fut transf\u00e9r\u00e9 sur\u00a0Ici tout<br \/>\ncommence.<\/p>\n<p>Ici tout commence : Mehdi et<br \/>\nJasmine bient\u00f4t de retour au sein de l\u2019Institut Auguste Armand<\/p>\n<p data-paragraph-index=\"2\">Le jeune com\u00e9dien est ainsi devenu<br \/>\nl&rsquo;une des t\u00eates d&rsquo;affiche de cette nouvelle s\u00e9rie au moment de son<br \/>\nlancement en 2020. Avant de finalement quitter la fiction quelques<br \/>\nann\u00e9es plus tard. En plus des personnages provenant de Demain<br \/>\nnous appartient. De nouvelles figures ont fait leur apparition<br \/>\ndans cette fiction. <strong>C&rsquo;est notamment le cas de Marvin<br \/>\nPellegrino et Zo\u00ef S\u00e9v\u00e9rin.<\/strong> Qui interpr\u00e8te respectivement<br \/>\nles r\u00f4les de Mehdi et Jasmine.<\/p>\n<p data-paragraph-index=\"2\">Les deux personnages vont prochainement<br \/>\neffectuer leur retour \u00e0 l&rsquo;\u00e9cran.<br \/>\n<strong>D\u00e8s<\/strong>\u00a0<strong>le jeudi 12 f\u00e9vrier<br \/>\n2026<\/strong>, c&rsquo;est Zo\u00ef S\u00e9v\u00e9rin qui reprendra son r\u00f4le de Jasmine<br \/>\nKasmi. Absente d&rsquo;Ici tout commence depuis plusieurs<br \/>\nsemaines, elle va enfin r\u00e9int\u00e9grer l&rsquo;Institut Auguste Armand. Par<br \/>\nla suite, Marvin Pellegrino va lui aussi de nouveau interpr\u00e9ter le<br \/>\npersonnage de Mehdi au sein du feuilleton quotidien de TF1.<\/p>\n<p>Luigi Kr\u00f6ner a<br \/>\nr\u00e9cemment repris le r\u00f4le de Romain Valdine dans le feuilleton<br \/>\nquotidien de TF1<\/p>\n<p data-paragraph-index=\"2\">Pour rappel, il est seul \u00e9l\u00e8ve \u00e0 avoir<br \/>\nsorti deux desserts signature. Alors qu\u2019il n\u2019\u00e9tait qu\u2019\u00e9tudiant au<br \/>\nsein de l&rsquo;Institut Auguste Armand. Apr\u00e8s avoir termin\u00e9 son cursus<br \/>\nd&rsquo;apprentissage. Il avait d\u00e9cide <strong>suivre celle qui faisait<br \/>\nbattre son c\u0153ur du c\u00f4t\u00e9 de Bordeaux<\/strong>. Le personnage incarn\u00e9<br \/>\npar Marvin Pellegrino pourrait profiter de son retour pour donner<br \/>\ndes nouvelles de Hortense et Vic, sa belle-s\u0153ur.<\/p>\n<p data-paragraph-index=\"2\">Pour rappel, le com\u00e9dien Luigi Kr\u00f6ner a<br \/>\nlui aussi r\u00e9cemment effectu\u00e9 son retour dans Ici tout<br \/>\ncommence. En reprenant le r\u00f4le de Romain Valdine \u00e0 l&rsquo;\u00e9cran.<br \/>\n\u00ab\u00a0Il revient en position de force. Avec une volont\u00e9 manifeste de<br \/>\nreprendre le pouvoir. Il maitrise mieux sa col\u00e8re. Il est moins<br \/>\nimpulsif. <strong>Ce qui le rend encore plus manipulateur et<br \/>\npervers<\/strong>\u00ab\u00a0, avait ainsi r\u00e9v\u00e9l\u00e9 l&rsquo;acteur dans <a href=\"https:\/\/www.telestar.fr\/serie_tv\/exclu-ici-tout-commence-luigi-kroner-cash-sur-le-retour-de-valdine-encore-plus-manipulateur-et-pervers-1751600\" target=\"_blank\" rel=\"noopener\"><br \/>\nune interview exclusive<\/a> accord\u00e9e \u00e0 T\u00e9l\u00e9 Star.<\/p>\n","protected":false},"excerpt":{"rendered":"EN BREF Diffus\u00e9 sur TF1 depuis 2020, \u00ab\u00a0Ici tout commence&rsquo; est un spin-off de &lsquo;Demain nous appartient&rsquo;, diffus\u00e9&hellip;\n","protected":false},"author":2,"featured_media":692837,"comment_status":"","ping_status":"","sticky":false,"template":"","format":"standard","meta":{"footnotes":""},"categories":[1356],"tags":[548,58,59,1011,27,252,199,65861,1364],"class_list":{"0":"post-692836","1":"post","2":"type-post","3":"status-publish","4":"format-standard","5":"has-post-thumbnail","7":"category-television","8":"tag-article-simple","9":"tag-divertissement","10":"tag-entertainment","11":"tag-fr","12":"tag-france","13":"tag-television","14":"tag-tf1","15":"tag-trend","16":"tag-tv"},"share_on_mastodon":{"url":"https:\/\/pubeurope.com\/@fr\/115967432108252209","error":""},"_links":{"self":[{"href":"https:\/\/www.europesays.com\/fr\/wp-json\/wp\/v2\/posts\/692836","targetHints":{"allow":["GET"]}}],"collection":[{"href":"https:\/\/www.europesays.com\/fr\/wp-json\/wp\/v2\/posts"}],"about":[{"href":"https:\/\/www.europesays.com\/fr\/wp-json\/wp\/v2\/types\/post"}],"author":[{"embeddable":true,"href":"https:\/\/www.europesays.com\/fr\/wp-json\/wp\/v2\/users\/2"}],"replies":[{"embeddable":true,"href":"https:\/\/www.europesays.com\/fr\/wp-json\/wp\/v2\/comments?post=692836"}],"version-history":[{"count":0,"href":"https:\/\/www.europesays.com\/fr\/wp-json\/wp\/v2\/posts\/692836\/revisions"}],"wp:featuredmedia":[{"embeddable":true,"href":"https:\/\/www.europesays.com\/fr\/wp-json\/wp\/v2\/media\/692837"}],"wp:attachment":[{"href":"https:\/\/www.europesays.com\/fr\/wp-json\/wp\/v2\/media?parent=692836"}],"wp:term":[{"taxonomy":"category","embeddable":true,"href":"https:\/\/www.europesays.com\/fr\/wp-json\/wp\/v2\/categories?post=692836"},{"taxonomy":"post_tag","embeddable":true,"href":"https:\/\/www.europesays.com\/fr\/wp-json\/wp\/v2\/tags?post=692836"}],"curies":[{"name":"wp","href":"https:\/\/api.w.org\/{rel}","templated":true}]}}