{"id":692870,"date":"2026-01-27T14:19:10","date_gmt":"2026-01-27T14:19:10","guid":{"rendered":"https:\/\/www.europesays.com\/fr\/692870\/"},"modified":"2026-01-27T14:19:10","modified_gmt":"2026-01-27T14:19:10","slug":"toujours-blesse-au-coude-arthur-cazaux-forfait-a-montpellier-doha-et-dubai","status":"publish","type":"post","link":"https:\/\/www.europesays.com\/fr\/692870\/","title":{"rendered":"toujours bless\u00e9 au coude, Arthur Cazaux forfait \u00e0 Montpellier, Doha et Duba\u00ef"},"content":{"rendered":"<p>\n    Le joueur fran\u00e7ais de 23 ans, qui a d\u00fb d\u00e9clarer forfait avant le d\u00e9but de l\u2019Open d\u2019Australie qui se d\u00e9roule actuellement, ne pourra pas participer aux trois tournois qu\u2019il avait pr\u00e9vu de disputer en f\u00e9vrier.<\/p>\n<p class=\"fig-paragraph\">Un mois de f\u00e9vrier sans tournoi pour\u00a0<a href=\"http:\/\/www.lefigaro.fr\/sports\/tennis\/tennis-arthur-cazaux-remporte-le-challenger-de-jinan-en-chine-20251012\" target=\"_blank\" data-fig-type=\"NewsFlash\" rel=\"noopener\" data-gtm-custom-categorie=\"navigation\" data-gtm-custom-action=\"crossclick\" data-gtm-custom-label=\"Contextuel\" data-gtm-event=\"customEventSPE\" data-fig-domain=\"LEFIGARO\">Arthur Cazaux<\/a>. Le joueur de 23 ans a annonc\u00e9 ce mardi dans un communiqu\u00e9 qu\u2019il est forfait pour le tournoi ATP 250 de Montpellier, qui aura lieu la semaine prochaine (2-8 f\u00e9vrier) et les tournois ATP 500 de Doha (16-21 f\u00e9vrier) et Duba\u00ef (23-28 f\u00e9vrier). Le Fran\u00e7ais n\u2019est toujours pas remis de sa\u00a0<a href=\"http:\/\/www.lefigaro.fr\/sports\/tennis\/open-d-australie-blesse-au-coude-arthur-cazaux-declare-forfait-20260117\" target=\"_blank\" data-fig-type=\"NewsFlash\" rel=\"noopener\" data-gtm-custom-categorie=\"navigation\" data-gtm-custom-action=\"crossclick\" data-gtm-custom-label=\"Contextuel\" data-gtm-event=\"customEventSPE\" data-fig-domain=\"LEFIGARO\">blessure au coude droit<\/a>, qui l\u2019a d\u00e9j\u00e0 priv\u00e9 de l\u2019<a href=\"http:\/\/www.lefigaro.fr\/sports\/tennis\/open-australie\/open-d-australie-une-debacle-attendue-pour-le-tennis-francais-20260123\" target=\"_blank\" data-fig-type=\"NewsFlash\" rel=\"noopener\" data-gtm-custom-categorie=\"navigation\" data-gtm-custom-action=\"crossclick\" data-gtm-custom-label=\"Contextuel\" data-gtm-event=\"customEventSPE\" data-fig-domain=\"LEFIGARO\">Open d\u2019Australie<\/a>.<\/p>\n<p class=\"fig-paragraph\">Le 17 janvier dernier, \u00e0 la veille du d\u00e9but du premier Grand Chelem de la saison, l\u2019actuel 67e joueur mondial avait annonc\u00e9 souffrir d\u2019une fissure au niveau du tendon du coude droit. Une blessure qui va le tenir \u00e9loign\u00e9 des courts encore plusieurs semaines et qui va notamment lui faire manquer le tournoi d\u2019Occitanie, qui se d\u00e9roule chez lui, \u00e0 Montpellier.<\/p>\n<p>                                            <a class=\"fig-a11y-skip\" href=\"#fig-a11y-skip-main-inarticle\" data-module=\"a11y-skip\" data-context=\"was @visible\"><br \/>\n    Passer la publicit\u00e9<br \/>\n<\/a>            <\/p>\n<p class=\"fig-paragraph\">\u00abJe suis tr\u00e8s triste de rater une nouvelle fois ce tournoi \u00e0 cause d\u2019une blessure. Il fait partie, bien s\u00fbr, de ceux qui me tiennent le plus \u00e0 c\u0153ur\u00bb, a-t-il d\u00e9clar\u00e9 dans le communiqu\u00e9. \u00abJ\u2019adore jouer devant mon public, ma famille et mes amis. Je suis tr\u00e8s fier d\u2019\u00eatre Montpelli\u00e9rain, j\u2019essaie toujours de repr\u00e9senter au mieux ma ville, o\u00f9 que je sois. Mais dans l\u2019imm\u00e9diat, je dois poursuivre mes soins pour revenir en forme et faire une belle saison\u00bb, a-t-il poursuivi.<\/p>\n<p class=\"fig-paragraph\">Depuis son remarquable parcours \u00e0 l\u2019Open d\u2019Australie en 2024, o\u00f9 il avait atteint les huiti\u00e8mes de finale en \u00e9liminant notamment Holger Rune, le Fran\u00e7ais ne parvient pas \u00e0 encha\u00eener les tournois. R\u00e9guli\u00e8rement bless\u00e9, le joueur de 23 ans n\u2019a jamais pu rentrer dans le Top 50 au classement ATP, qui \u00e9tait son\u00a0<a href=\"http:\/\/www.lefigaro.fr\/sports\/tennis\/tennis-j-ai-envie-de-me-rapprocher-du-top-30-arthur-cazaux-se-confie-sur-ses-objectifs-de-l-annee-2025-20241129\" target=\"_blank\" data-fig-type=\"NewsFlash\" rel=\"noopener\" data-gtm-custom-categorie=\"navigation\" data-gtm-custom-action=\"crossclick\" data-gtm-custom-label=\"Contextuel\" data-gtm-event=\"customEventSPE\" data-fig-domain=\"LEFIGARO\">objectif<\/a>\u00a0apr\u00e8s son \u00e9pop\u00e9e \u00e0 Melbourne il y a deux ans.<\/p>\n","protected":false},"excerpt":{"rendered":"Le joueur fran\u00e7ais de 23 ans, qui a d\u00fb d\u00e9clarer forfait avant le d\u00e9but de l\u2019Open d\u2019Australie qui&hellip;\n","protected":false},"author":2,"featured_media":692871,"comment_status":"","ping_status":"","sticky":false,"template":"","format":"standard","meta":{"footnotes":""},"categories":[9599],"tags":[1111,11,1777,674,1011,3844,27,2208,12,2680,25,1467],"class_list":{"0":"post-692870","1":"post","2":"type-post","3":"status-publish","4":"format-standard","5":"has-post-thumbnail","7":"category-montpellier","8":"tag-actu","9":"tag-actualites","10":"tag-eu","11":"tag-europe","12":"tag-fr","13":"tag-francais","14":"tag-france","15":"tag-montpellier","16":"tag-news","17":"tag-occitanie","18":"tag-republique-francaise","19":"tag-tennis"},"share_on_mastodon":{"url":"https:\/\/pubeurope.com\/@fr\/115967502761704989","error":""},"_links":{"self":[{"href":"https:\/\/www.europesays.com\/fr\/wp-json\/wp\/v2\/posts\/692870","targetHints":{"allow":["GET"]}}],"collection":[{"href":"https:\/\/www.europesays.com\/fr\/wp-json\/wp\/v2\/posts"}],"about":[{"href":"https:\/\/www.europesays.com\/fr\/wp-json\/wp\/v2\/types\/post"}],"author":[{"embeddable":true,"href":"https:\/\/www.europesays.com\/fr\/wp-json\/wp\/v2\/users\/2"}],"replies":[{"embeddable":true,"href":"https:\/\/www.europesays.com\/fr\/wp-json\/wp\/v2\/comments?post=692870"}],"version-history":[{"count":0,"href":"https:\/\/www.europesays.com\/fr\/wp-json\/wp\/v2\/posts\/692870\/revisions"}],"wp:featuredmedia":[{"embeddable":true,"href":"https:\/\/www.europesays.com\/fr\/wp-json\/wp\/v2\/media\/692871"}],"wp:attachment":[{"href":"https:\/\/www.europesays.com\/fr\/wp-json\/wp\/v2\/media?parent=692870"}],"wp:term":[{"taxonomy":"category","embeddable":true,"href":"https:\/\/www.europesays.com\/fr\/wp-json\/wp\/v2\/categories?post=692870"},{"taxonomy":"post_tag","embeddable":true,"href":"https:\/\/www.europesays.com\/fr\/wp-json\/wp\/v2\/tags?post=692870"}],"curies":[{"name":"wp","href":"https:\/\/api.w.org\/{rel}","templated":true}]}}