{"id":692892,"date":"2026-01-27T14:32:10","date_gmt":"2026-01-27T14:32:10","guid":{"rendered":"https:\/\/www.europesays.com\/fr\/692892\/"},"modified":"2026-01-27T14:32:10","modified_gmt":"2026-01-27T14:32:10","slug":"bordeaux-alice-aux-pays-des-merveilles-inspire-une-patisserie-ephemere","status":"publish","type":"post","link":"https:\/\/www.europesays.com\/fr\/692892\/","title":{"rendered":"Bordeaux : Alice aux Pays des Merveilles inspire une p\u00e2tisserie \u00e9ph\u00e9m\u00e8re"},"content":{"rendered":"\n<p data-start=\"70\" data-end=\"355\"><strong data-start=\"70\" data-end=\"93\">La P\u00e2tisserie Alice<\/strong> va vous faire voyager dans le monde merveilleux de la gourmandise. \u00c0 partir du 10 f\u00e9vrier et pour une dur\u00e9e de 10 jours, des \u00e9tudiants en Bachelor 3 de l\u2019<a href=\"https:\/\/www.institutculinaire.fr\" rel=\"noopener\" target=\"_blank\">Institut Culinaire de France de Bordeaux<\/a> ouvrent leur p\u00e2tisserie \u00e9ph\u00e9m\u00e8re au <strong data-start=\"325\" data-end=\"352\">44 rue de la Fa\u00efencerie<\/strong>.<\/p>\n<p data-start=\"362\" data-end=\"558\">Avec une th\u00e9matique aussi originale que f\u00e9erique : <strong data-start=\"413\" data-end=\"445\">Alice au Pays des Merveilles<\/strong>. C\u2019est d\u2019ailleurs ce personnage embl\u00e9matique qui a \u00e9t\u00e9 choisi pour donner son nom \u00e0 cette p\u00e2tisserie \u00e9ph\u00e9m\u00e8re.<\/p>\n<p data-start=\"565\" data-end=\"656\">Sur leur site, l\u2019\u00e9quipe d\u2019\u00e9tudiants r\u00e9unie autour de ce projet commun explique avoir voulu<\/p>\n<p>\u00ab\u00a0cr\u00e9er une boutique culinaire originale \u00e0 travers l\u2019application p\u00e9dagogique de l\u2019\u00e9cole. Inspir\u00e9s par l\u2019univers d\u2019Alice au Pays des Merveilles, nous avons imagin\u00e9 un lieu o\u00f9 la gourmandise rencontre l\u2019imaginaire. Un monde d\u00e9cal\u00e9, po\u00e9tique et surprenant, o\u00f9 chaque cr\u00e9ation raconte une histoire et invite \u00e0 l\u2019\u00e9vasion. Ce projet incarne notre vision de la gastronomie : audacieuse, narrative et r\u00e9solument tourn\u00e9e vers l\u2019exp\u00e9rience client. Une invitation \u00e0 franchir le miroir, le temps d\u2019une d\u00e9gustation.\u00a0\u00bb<\/p>\n<p class=\"font_8 wixui-rich-text__text\">Les premi\u00e8res photos des cr\u00e9ations culinaires ont \u00e9t\u00e9 publi\u00e9es sur les r\u00e9seaux sociaux de la p\u00e2tisserie.<\/p>\n<p style=\"font-weight: 400;\">\ud83d\udccdP\u00e2tisserie Alice &#8211; Institut Culinaire de France &#8211; 44 rue de la Fa\u00efencerie &#8211; Bordeaux<\/p>\n<p style=\"font-weight: 400;\">\ud83d\udcc6 Du 10 au 20 f\u00e9vrier 2026<\/p>\n<p style=\"font-weight: 400;\">\u23f0 De 11h \u00e0 18h<\/p>\n","protected":false},"excerpt":{"rendered":"La P\u00e2tisserie Alice va vous faire voyager dans le monde merveilleux de la gourmandise. \u00c0 partir du 10&hellip;\n","protected":false},"author":2,"featured_media":692893,"comment_status":"","ping_status":"","sticky":false,"template":"","format":"standard","meta":{"footnotes":""},"categories":[2817],"tags":[1111,11,78886,1997,2904,1777,674,1011,27,32232,2905,78885,12,2219,15810,78884,25],"class_list":{"0":"post-692892","1":"post","2":"type-post","3":"status-publish","4":"format-standard","5":"has-post-thumbnail","7":"category-bordeaux","8":"tag-actu","9":"tag-actualites","10":"tag-alice-au-pays-des-merveilles","11":"tag-bordeaux","12":"tag-bordeaux-metropole","13":"tag-eu","14":"tag-europe","15":"tag-fr","16":"tag-france","17":"tag-gateaux","18":"tag-gironde","19":"tag-institut-culinaire-de-france","20":"tag-news","21":"tag-nouvelle-aquitaine","22":"tag-patisserie","23":"tag-patisserie-ephemere","24":"tag-republique-francaise"},"share_on_mastodon":{"url":"https:\/\/pubeurope.com\/@fr\/115967554045061202","error":""},"_links":{"self":[{"href":"https:\/\/www.europesays.com\/fr\/wp-json\/wp\/v2\/posts\/692892","targetHints":{"allow":["GET"]}}],"collection":[{"href":"https:\/\/www.europesays.com\/fr\/wp-json\/wp\/v2\/posts"}],"about":[{"href":"https:\/\/www.europesays.com\/fr\/wp-json\/wp\/v2\/types\/post"}],"author":[{"embeddable":true,"href":"https:\/\/www.europesays.com\/fr\/wp-json\/wp\/v2\/users\/2"}],"replies":[{"embeddable":true,"href":"https:\/\/www.europesays.com\/fr\/wp-json\/wp\/v2\/comments?post=692892"}],"version-history":[{"count":0,"href":"https:\/\/www.europesays.com\/fr\/wp-json\/wp\/v2\/posts\/692892\/revisions"}],"wp:featuredmedia":[{"embeddable":true,"href":"https:\/\/www.europesays.com\/fr\/wp-json\/wp\/v2\/media\/692893"}],"wp:attachment":[{"href":"https:\/\/www.europesays.com\/fr\/wp-json\/wp\/v2\/media?parent=692892"}],"wp:term":[{"taxonomy":"category","embeddable":true,"href":"https:\/\/www.europesays.com\/fr\/wp-json\/wp\/v2\/categories?post=692892"},{"taxonomy":"post_tag","embeddable":true,"href":"https:\/\/www.europesays.com\/fr\/wp-json\/wp\/v2\/tags?post=692892"}],"curies":[{"name":"wp","href":"https:\/\/api.w.org\/{rel}","templated":true}]}}