{"id":692905,"date":"2026-01-27T14:39:10","date_gmt":"2026-01-27T14:39:10","guid":{"rendered":"https:\/\/www.europesays.com\/fr\/692905\/"},"modified":"2026-01-27T14:39:10","modified_gmt":"2026-01-27T14:39:10","slug":"marseille-favori-presence-de-tudor-ce-quil-faut-retenir-de-la-conference-de-presse-divan-leko-et-aleksandar-stankovic","status":"publish","type":"post","link":"https:\/\/www.europesays.com\/fr\/692905\/","title":{"rendered":"Marseille favori, pr\u00e9sence de Tudor\u2026 ce qu&rsquo;il faut retenir de la conf\u00e9rence de presse d&rsquo;Ivan Leko et Aleksandar Stankovic"},"content":{"rendered":"<p>Le match est lanc\u00e9. Et dans un impeccable fran\u00e7ais, s\u2019il vous pla\u00eet. Le Croate Ivan Leko, entra\u00eeneur du Club Bruges depuis d\u00e9but d\u00e9cembre, manie tr\u00e8s bien la langue de Moli\u00e8re et ne s\u2019en est pas priv\u00e9 au moment d\u2019aborder le choc europ\u00e9en qui attend son \u00e9quipe, mercredi soir, face \u00e0 l\u2019OM\u2026 histoire de mettre la pression sur les \u00e9paules des Marseillais.<\/p>\n<p>\u00ab\u00a0On ne peut pas \u00eatre favori contre l\u2019OM, m\u00eame pas contre Roberto De Zerbi. C\u2019est simple, ils doivent rester en Ligue des champions, pour eux c\u2019est une obligation, pour nous ce n\u2019est qu\u2019une volont\u00e9. Mais on donnera tout notre c\u0153ur sur la pelouse, pour vaincre, a insist\u00e9 l\u2019ex-meneur de jeu. J\u2019ai confiance en nos chances de qualification, mais il faut \u00eatre honn\u00eate. On est tr\u00e8s conscient de contre qui on joue, c\u2019est un club fran\u00e7ais massif, \u00e9norme, qui veut continuer sa route en Champions. Il y a beaucoup de pression sur eux. On conna\u00eet l\u2019importance de jouer au stade Jan-Breydel, on a tous les ingr\u00e9dients pour jouer un match fantastique. J\u2019esp\u00e8re qu\u2019on sera content \u00e0 la fin. On sait qu\u2019\u00e0 Bruges tout est possible, m\u00eame contre les grandes \u00e9quipes qui ont tout. Mais on est pas mal aussi.\u00a0\u00bb<\/p>\n<p>Fils de Dejan, ancienne gloire de l\u2019Inter Milan, Aleksandar Stankovic avait ouvert la voie quelques minutes plus t\u00f4t en citant la devise du club \u00ab\u00a0no sweat, no glory\u00a0\u00bb (\u00ab\u00a0pas de sueur, pas de gloire\u00a0\u00bb). \u00ab\u00a0L\u2019on n\u2019a rien gratuitement dans la vie, il faut toujours faire de son mieux. Ce sera un match tr\u00e8s important pour la suite de la saison des deux clubs. On ressent d\u00e9j\u00e0 beaucoup d\u2019\u00e9motions, a conc\u00e9d\u00e9 le milieu double buteur le week-end dernier face \u00e0 Zulte Waregem. L\u2019OM est une grande \u00e9quipe qui joue tr\u00e8s bien. Mais si on \u00e9coute et applique ce que le coach attend de nous, on peut r\u00e9aliser ce que l\u2019on veut sur le terrain.\u00a0\u00bb<\/p>\n<p>\u00ab\u00a0Les deux ne sont pas \u00e0 100%, mais on aura bien un gardien dans les buts\u00a0\u00bb<\/p>\n<p><a href=\"https:\/\/www.laprovence.com\/article\/om\/68013230208383\/om-bruges-prochain-adversaire-en-ligue-des-champions-gagne-beaucoup-mais-prend-aussi-pas-mal-de-buts\" target=\"_blank\" rel=\"noopener\">Les Flamands seront aid\u00e9s par le retour de blessure de l\u2019attaquant grec Christos Tzolis (11 buts et 16 passes d\u00e9cisives cette saison)<\/a>, annonc\u00e9 par Leko. \u00ab\u00a0On a une tr\u00e8s bonne nouvelle. Il a pu s\u2019entra\u00eener avec nous pendant une semaine, c\u2019est un joueur tr\u00e8s important pour nous. On esp\u00e8re l\u2019avoir sur la pelouse contre l\u2019OM, m\u00eame s\u2019il n\u2019est pas pr\u00eat pour jouer 90 minutes, a pr\u00e9cis\u00e9 l\u2019entra\u00eeneur avant de d\u00e9rouler sur la concurrence ouverte au poste de gardien. Simon Mignolet est un international, a jou\u00e9 six ann\u00e9es \u00e0 Liverpool et a \u00e9t\u00e9 tellement de fois joueur du match ici \u00e0 Bruges, mais on a deux gardiens principaux avec Nordin Jackers (qui a encaiss\u00e9 7 buts sur les trois derniers matches, ndlr). Simon n\u2019a pas \u00e9t\u00e9 dans l\u2019\u00e9quipe pendant de nombreuses semaines, les deux ne sont pas \u00e0 100%, mais on aura bien un gardien dans les buts. Par contre, je l\u2019annoncerai d\u2019abord \u00e0 mes gars, avant vous.\u00a0\u00bb<\/p>\n<p>Et de conclure sur une notre plus l\u00e9g\u00e8re et amicale\u2026 alors que venait d\u2019\u00eatre gliss\u00e9 le nom de son camarade, l\u2019ex-coach de l\u2019OM Igor Tudor (2022-23), n\u00e9 la m\u00eame ann\u00e9e que lui \u00e0 Split (1978), avec lequel il a \u00e9t\u00e9 form\u00e9, a partag\u00e9 plusieurs matches en s\u00e9lection et une exp\u00e9rience sur le banc du Paok Salonique (2015-16). \u00ab\u00a0Igor est d\u00e9j\u00e0 en Belgique. <a href=\"https:\/\/www.laprovence.com\/article\/om\/27162274533727\/bilan-digor-tudor-a-lom-une-saison-en-clair-obscur\" target=\"_blank\" rel=\"noopener\">Tout le monde sait qu\u2019il a fait un grand travail \u00e0 Marseille, avec football tr\u00e8s int\u00e9ressant, offensif<\/a>, a-t-il rappel\u00e9. Il va venir assister \u00e0 ce match tr\u00e8s sp\u00e9cial pour lui, entre son ancienne \u00e9quipe et celle d\u2019un grand ami. J\u2019esp\u00e8re qu\u2019il va en profiter, prendre du plaisir devant du bon football.\u00a0\u00bb<\/p>\n","protected":false},"excerpt":{"rendered":"Le match est lanc\u00e9. Et dans un impeccable fran\u00e7ais, s\u2019il vous pla\u00eet. Le Croate Ivan Leko, entra\u00eeneur du&hellip;\n","protected":false},"author":2,"featured_media":692906,"comment_status":"","ping_status":"","sticky":false,"template":"","format":"standard","meta":{"footnotes":""},"categories":[2814],"tags":[5734,1111,11,78888,1777,674,8290,30127,1011,27,884,12,149,15492,882,18017,25,60204],"class_list":{"0":"post-692905","1":"post","2":"type-post","3":"status-publish","4":"format-standard","5":"has-post-thumbnail","7":"category-marseille","8":"tag-5734","9":"tag-actu","10":"tag-actualites","11":"tag-bruges-om","12":"tag-eu","13":"tag-europe","14":"tag-faut","15":"tag-favori","16":"tag-fr","17":"tag-france","18":"tag-marseille","19":"tag-news","20":"tag-om","21":"tag-presence","22":"tag-provence-alpes-cote-dazur","23":"tag-quil","24":"tag-republique-francaise","25":"tag-tudor"},"share_on_mastodon":{"url":"https:\/\/pubeurope.com\/@fr\/115967581597811271","error":""},"_links":{"self":[{"href":"https:\/\/www.europesays.com\/fr\/wp-json\/wp\/v2\/posts\/692905","targetHints":{"allow":["GET"]}}],"collection":[{"href":"https:\/\/www.europesays.com\/fr\/wp-json\/wp\/v2\/posts"}],"about":[{"href":"https:\/\/www.europesays.com\/fr\/wp-json\/wp\/v2\/types\/post"}],"author":[{"embeddable":true,"href":"https:\/\/www.europesays.com\/fr\/wp-json\/wp\/v2\/users\/2"}],"replies":[{"embeddable":true,"href":"https:\/\/www.europesays.com\/fr\/wp-json\/wp\/v2\/comments?post=692905"}],"version-history":[{"count":0,"href":"https:\/\/www.europesays.com\/fr\/wp-json\/wp\/v2\/posts\/692905\/revisions"}],"wp:featuredmedia":[{"embeddable":true,"href":"https:\/\/www.europesays.com\/fr\/wp-json\/wp\/v2\/media\/692906"}],"wp:attachment":[{"href":"https:\/\/www.europesays.com\/fr\/wp-json\/wp\/v2\/media?parent=692905"}],"wp:term":[{"taxonomy":"category","embeddable":true,"href":"https:\/\/www.europesays.com\/fr\/wp-json\/wp\/v2\/categories?post=692905"},{"taxonomy":"post_tag","embeddable":true,"href":"https:\/\/www.europesays.com\/fr\/wp-json\/wp\/v2\/tags?post=692905"}],"curies":[{"name":"wp","href":"https:\/\/api.w.org\/{rel}","templated":true}]}}