{"id":692925,"date":"2026-01-27T14:50:12","date_gmt":"2026-01-27T14:50:12","guid":{"rendered":"https:\/\/www.europesays.com\/fr\/692925\/"},"modified":"2026-01-27T14:50:12","modified_gmt":"2026-01-27T14:50:12","slug":"gms-dit-negocier-avec-les-usa-pour-acheter-les-navires-saisis-lies-au-venezuela-27-01-2026-a-1542","status":"publish","type":"post","link":"https:\/\/www.europesays.com\/fr\/692925\/","title":{"rendered":"GMS dit n\u00e9gocier avec les USA pour acheter les navires saisis li\u00e9s au Venezuela &#8211; 27\/01\/2026 \u00e0 15:42"},"content":{"rendered":"<p>\n par Jonathan Saul\n<\/p>\n<p>\n Le sp\u00e9cialiste de<br \/>\nrecyclage de navires GMS, bas\u00e9 \u00e0 Duba\u00ef, a demand\u00e9 une licence<br \/>\naupr\u00e8s des Etats-Unis pour acheter et d\u00e9molir des navires saisis<br \/>\npar le gouvernement am\u00e9ricain et li\u00e9s au commerce du p\u00e9trole<br \/>\nv\u00e9n\u00e9zu\u00e9lien, a d\u00e9clar\u00e9 \u00e0 Reuters son directeur g\u00e9n\u00e9ral.\n<\/p>\n<p>\n L&rsquo;arm\u00e9e et les garde-c\u00f4tes am\u00e9ricains ont saisi ces<br \/>\nderni\u00e8res semaines sept navires dans les eaux internationales<br \/>\nqui transportaient, ou ont transport\u00e9 par le pass\u00e9, du p\u00e9trole<br \/>\nv\u00e9n\u00e9zu\u00e9lien.\n<\/p>\n<p>\n Les navires vieillissants, qui font partie de ce que l&rsquo;on<br \/>\nappelle la flotte fant\u00f4me et qui n&rsquo;ont g\u00e9n\u00e9ralement pas<br \/>\nd&rsquo;assurance connue ni de certificat de s\u00e9curit\u00e9, pr\u00e9sentent un<br \/>\nrisque de mar\u00e9e noire tant qu&rsquo;ils restent sur l&rsquo;eau.\n<\/p>\n<p>\n Pour le fondateur et directeur g\u00e9n\u00e9ral de GMS, Anil Sharma,<br \/>\ncette flotte constitue une \u00ab\u00a0bombe \u00e0 retardement\u00a0\u00bb. Les navires en<br \/>\nquestion \u00e9tant sous le coup de sanctions, ils ne peuvent \u00eatre<br \/>\nrecycl\u00e9s que via l&rsquo;obtention d&rsquo;une licence, explique-t-il.\n<\/p>\n<p>\n \u00ab\u00a0Il faut esp\u00e9rer que le gouvernement (am\u00e9ricain) acc\u00e9l\u00e8re le<br \/>\nprocessus\u00a0\u00bb, dit-il, pr\u00e9cisant que des discussions ont eu lieu<br \/>\nces derni\u00e8res semaines avec le d\u00e9partement d&rsquo;\u00c9tat am\u00e9ricain.\n<\/p>\n<p>\n Le Tr\u00e9sor am\u00e9ricain, qui ne commente g\u00e9n\u00e9ralement pas les<br \/>\ndemandes de licence, a d\u00e9clar\u00e9 s&rsquo;\u00eatre engag\u00e9 \u00e0 retirer de l&rsquo;eau<br \/>\nles navires.\n<\/p>\n<p>\n GMS, qui se pr\u00e9sente comme le plus grand acheteur mondial de<br \/>\nnavires \u00e0 recycler, ach\u00e8te des bateaux qu&rsquo;il vend ensuite \u00e0 des<br \/>\nchantiers de d\u00e9molition navale, notamment en Inde et au<br \/>\nBangladesh.\n<\/p>\n<p>\n (R\u00e9dig\u00e9 par Jonathan Saul et Timothy Gardner ; version<br \/>\nfran\u00e7aise Etienne Breban ; \u00e9dit\u00e9 par Blandine H\u00e9nault)<\/p>\n","protected":false},"excerpt":{"rendered":"par Jonathan Saul Le sp\u00e9cialiste de recyclage de navires GMS, bas\u00e9 \u00e0 Duba\u00ef, a demand\u00e9 une licence aupr\u00e8s&hellip;\n","protected":false},"author":2,"featured_media":7013,"comment_status":"","ping_status":"","sticky":false,"template":"","format":"standard","meta":{"footnotes":""},"categories":[1589],"tags":[400,11,398,408,405,73,1866,403,402,399,404,12,401,406,1864,1865,1863,308,407],"class_list":{"0":"post-692925","1":"post","2":"type-post","3":"status-publish","4":"format-standard","5":"has-post-thumbnail","7":"category-etats-unis","8":"tag-action-cac-40","9":"tag-actualites","10":"tag-bourse-de-paris","11":"tag-boursorama","12":"tag-cotations","13":"tag-etats-unis","14":"tag-etats-unis-damerique","15":"tag-indices-devises","16":"tag-investir","17":"tag-investissement","18":"tag-marche-boursier","19":"tag-news","20":"tag-sicav","21":"tag-trackers","22":"tag-united-states","23":"tag-united-states-of-america","24":"tag-us","25":"tag-usa","26":"tag-warrants"},"share_on_mastodon":{"url":"https:\/\/pubeurope.com\/@fr\/115967624703893324","error":""},"_links":{"self":[{"href":"https:\/\/www.europesays.com\/fr\/wp-json\/wp\/v2\/posts\/692925","targetHints":{"allow":["GET"]}}],"collection":[{"href":"https:\/\/www.europesays.com\/fr\/wp-json\/wp\/v2\/posts"}],"about":[{"href":"https:\/\/www.europesays.com\/fr\/wp-json\/wp\/v2\/types\/post"}],"author":[{"embeddable":true,"href":"https:\/\/www.europesays.com\/fr\/wp-json\/wp\/v2\/users\/2"}],"replies":[{"embeddable":true,"href":"https:\/\/www.europesays.com\/fr\/wp-json\/wp\/v2\/comments?post=692925"}],"version-history":[{"count":0,"href":"https:\/\/www.europesays.com\/fr\/wp-json\/wp\/v2\/posts\/692925\/revisions"}],"wp:featuredmedia":[{"embeddable":true,"href":"https:\/\/www.europesays.com\/fr\/wp-json\/wp\/v2\/media\/7013"}],"wp:attachment":[{"href":"https:\/\/www.europesays.com\/fr\/wp-json\/wp\/v2\/media?parent=692925"}],"wp:term":[{"taxonomy":"category","embeddable":true,"href":"https:\/\/www.europesays.com\/fr\/wp-json\/wp\/v2\/categories?post=692925"},{"taxonomy":"post_tag","embeddable":true,"href":"https:\/\/www.europesays.com\/fr\/wp-json\/wp\/v2\/tags?post=692925"}],"curies":[{"name":"wp","href":"https:\/\/api.w.org\/{rel}","templated":true}]}}