{"id":692943,"date":"2026-01-27T15:05:11","date_gmt":"2026-01-27T15:05:11","guid":{"rendered":"https:\/\/www.europesays.com\/fr\/692943\/"},"modified":"2026-01-27T15:05:11","modified_gmt":"2026-01-27T15:05:11","slug":"cc-championnat-du-monde-la-selection-luxembourgeoise-actualite","status":"publish","type":"post","link":"https:\/\/www.europesays.com\/fr\/692943\/","title":{"rendered":"CC &#8211; Championnat du Monde : La s\u00e9lection luxembourgeoise &#8211; Actualit\u00e9"},"content":{"rendered":"<p>Le Championnat du Monde de cyclo-cross aura lieu \u00e0 Hulst (Pays-Bas) de vendredi jusqu&rsquo;\u00e0 dimanche. La f\u00e9d\u00e9ration du Luxembourg a d\u00e9voil\u00e9 sa s\u00e9lection. En plus des courses individuelles, elle a engag\u00e9 une \u00e9quipe pour le relais.<\/p>\n<p><strong>La s\u00e9lection luxembourgeoise<\/strong> :\u00a0<\/p>\n<p><strong>Femmes Elites<\/strong><br \/><a href=\"https:\/\/www.directvelo.com\/coureur\/38209\/marie-schreiber\" target=\"_blank\" rel=\"noopener\">Marie SCHREIBER<\/a>\u00a0&#8211; notre photo &#8211;<br \/><strong><br \/>Hommes Elites<\/strong><br \/><a href=\"https:\/\/www.directvelo.com\/coureur\/25363\/loic-bettendorff\" target=\"_blank\" rel=\"noopener\">Lo\u00efc BETTENDORFF<\/a>\u00a0<\/p>\n<p><strong>Femmes Espoirs<\/strong><br \/><a href=\"https:\/\/www.directvelo.com\/coureur\/42780\/layla-barthels\" target=\"_blank\" rel=\"noopener\">Layla BARTHELS<\/a><br \/><a href=\"https:\/\/www.directvelo.com\/coureur\/42781\/liv-wenzel\" target=\"_blank\" rel=\"noopener\">Liv WENZEL<\/a>\u00a0<\/p>\n<p><strong>Hommes Espoirs<\/strong><br \/><a href=\"https:\/\/www.directvelo.com\/coureur\/58414\/lennox-papi\" target=\"_blank\" rel=\"noopener\">Lennox PAPI<\/a>\u00a0<\/p>\n<p><strong>Femmes Juniors<\/strong><br \/><a href=\"https:\/\/www.directvelo.com\/coureur\/69626\/june-nothum\" target=\"_blank\" rel=\"noopener\">June NOTHUM<\/a>\u00a0<\/p>\n<p><strong>Hommes Juniors<\/strong><br \/><a href=\"https:\/\/www.directvelo.com\/coureur\/69891\/ben-fleming\" target=\"_blank\" rel=\"noopener\">Ben FLEMMING<\/a>\u00a0<br \/><a href=\"https:\/\/www.directvelo.com\/coureur\/70262\/ben-koenig\" target=\"_blank\" rel=\"noopener\">Ben KOENIG<\/a>\u00a0<\/p>\n<p><strong>Relais<\/strong><br \/><a href=\"https:\/\/www.directvelo.com\/coureur\/69626\/june-nothum\" target=\"_blank\" rel=\"noopener\">June NOTHUM<\/a>\u00a0<br \/><a href=\"https:\/\/www.directvelo.com\/coureur\/70262\/ben-koenig\" target=\"_blank\" rel=\"noopener\">Ben KOENIG<\/a>\u00a0<br \/><a href=\"https:\/\/www.directvelo.com\/coureur\/42781\/liv-wenzel\" target=\"_blank\" rel=\"noopener\">Liv WENZEL<\/a>\u00a0<br \/><a href=\"https:\/\/www.directvelo.com\/coureur\/58414\/lennox-papi\" target=\"_blank\" rel=\"noopener\">Lennox PAPI<\/a>\u00a0<br \/><a href=\"https:\/\/www.directvelo.com\/coureur\/38209\/marie-schreiber\" target=\"_blank\" rel=\"noopener\">Marie SCHREIBER<\/a><br \/><a href=\"https:\/\/www.directvelo.com\/coureur\/25363\/loic-bettendorff\" target=\"_blank\" rel=\"noopener\">Lo\u00efc BETTENDORFF<\/a>\u00a0<\/p>\n","protected":false},"excerpt":{"rendered":"Le Championnat du Monde de cyclo-cross aura lieu \u00e0 Hulst (Pays-Bas) de vendredi jusqu&rsquo;\u00e0 dimanche. La f\u00e9d\u00e9ration du&hellip;\n","protected":false},"author":2,"featured_media":692944,"comment_status":"","ping_status":"","sticky":false,"template":"","format":"standard","meta":{"footnotes":""},"categories":[1411],"tags":[834,828,836,829,837,827,83,826,824,823,1154,207,814,817,815,816,822,821,832,211,839,1011,27,820,818,819,835,831,830,833,838,60,212,208,825],"class_list":{"0":"post-692943","1":"post","2":"type-post","3":"status-publish","4":"format-standard","5":"has-post-thumbnail","7":"category-cyclisme","8":"tag-attaque","9":"tag-belgique","10":"tag-braquet","11":"tag-bretagne","12":"tag-chute","13":"tag-competition","14":"tag-coupe-de-france","15":"tag-coureur","16":"tag-course-cyclisme","17":"tag-course-cycliste","18":"tag-cycling","19":"tag-cyclisme","20":"tag-direct","21":"tag-direct-velo","22":"tag-directvelo","23":"tag-directvelo-com","24":"tag-epreuve","25":"tag-epreuve-cycliste","26":"tag-federation-francaise-de-cyclisme","27":"tag-ffc","28":"tag-flandres","29":"tag-fr","30":"tag-france","31":"tag-live","32":"tag-live-course","33":"tag-live-epreuve","34":"tag-peloton","35":"tag-radio-peloton","36":"tag-radio-tour","37":"tag-ravitaillement","38":"tag-relance","39":"tag-sports","40":"tag-uci","41":"tag-velo","42":"tag-velos"},"share_on_mastodon":{"url":"https:\/\/pubeurope.com\/@fr\/115967683667921337","error":""},"_links":{"self":[{"href":"https:\/\/www.europesays.com\/fr\/wp-json\/wp\/v2\/posts\/692943","targetHints":{"allow":["GET"]}}],"collection":[{"href":"https:\/\/www.europesays.com\/fr\/wp-json\/wp\/v2\/posts"}],"about":[{"href":"https:\/\/www.europesays.com\/fr\/wp-json\/wp\/v2\/types\/post"}],"author":[{"embeddable":true,"href":"https:\/\/www.europesays.com\/fr\/wp-json\/wp\/v2\/users\/2"}],"replies":[{"embeddable":true,"href":"https:\/\/www.europesays.com\/fr\/wp-json\/wp\/v2\/comments?post=692943"}],"version-history":[{"count":0,"href":"https:\/\/www.europesays.com\/fr\/wp-json\/wp\/v2\/posts\/692943\/revisions"}],"wp:featuredmedia":[{"embeddable":true,"href":"https:\/\/www.europesays.com\/fr\/wp-json\/wp\/v2\/media\/692944"}],"wp:attachment":[{"href":"https:\/\/www.europesays.com\/fr\/wp-json\/wp\/v2\/media?parent=692943"}],"wp:term":[{"taxonomy":"category","embeddable":true,"href":"https:\/\/www.europesays.com\/fr\/wp-json\/wp\/v2\/categories?post=692943"},{"taxonomy":"post_tag","embeddable":true,"href":"https:\/\/www.europesays.com\/fr\/wp-json\/wp\/v2\/tags?post=692943"}],"curies":[{"name":"wp","href":"https:\/\/api.w.org\/{rel}","templated":true}]}}