{"id":69298,"date":"2025-05-02T12:17:09","date_gmt":"2025-05-02T12:17:09","guid":{"rendered":"https:\/\/www.europesays.com\/fr\/69298\/"},"modified":"2025-05-02T12:17:09","modified_gmt":"2025-05-02T12:17:09","slug":"strasbourg-phelto-et-le-trio-camp-claude-font-chavirer-la-maison-bleue","status":"publish","type":"post","link":"https:\/\/www.europesays.com\/fr\/69298\/","title":{"rendered":"Strasbourg. Phelto et le trio Camp Claude font chavirer la Maison Bleue"},"content":{"rendered":"<p>T\u00eate d\u2019affiche de la soir\u00e9e, Camp Claude \u00e9tait tr\u00e8s attendu ce mercredi soir 30\u00a0avril. Le trio a fait salle comble et pour cause\u00a0: \ufeffdepuis son premier EP Hurricanes , les fans sont sous le charme de ce m\u00e9lange des genres et des styles\u00a0: la Fran\u00e7aise Diane Sagnier au chant, le Su\u00e9dois Leo Hellden \u00e0 la guitare et le britannique Michael Giffts au clavier distillent un rock-\u00e9lectro m\u00e9lancolique et qui, en dansant, donne la banane. Des sons \u00e0 la Massive Attack \u00e0 vous propulser sur un plateau de David Lynch soudainement anim\u00e9 par des ressorts comiques.<\/p>\n<p>Et un cadre dans lequel la toute jeune Phelto s\u2019est parfaitement int\u00e9gr\u00e9e en premi\u00e8re partie de soir\u00e9e. Seule \u00e0 la guitare, elle s\u2019est jou\u00e9e des petites imperfections de d\u00e9but de set dans le retour son, avant de balancer sa vie sur des notes pop-\u00e9lectro. Authentique, spontan\u00e9e, la jeune artiste a altern\u00e9 les morceaux pure-voix fa\u00e7on chanson fran\u00e7aise avec des riffs endiabl\u00e9s \u00e9lectrisant toute la salle. Une tr\u00e8s belle d\u00e9couverte pour un public qui, ce soir-l\u00e0, \u00e0 la Maison Bleue balayait un peu toutes les g\u00e9n\u00e9rations.<\/p>\n","protected":false},"excerpt":{"rendered":"T\u00eate d\u2019affiche de la soir\u00e9e, Camp Claude \u00e9tait tr\u00e8s attendu ce mercredi soir 30\u00a0avril. Le trio a fait&hellip;\n","protected":false},"author":2,"featured_media":69299,"comment_status":"","ping_status":"","sticky":false,"template":"","format":"standard","meta":{"footnotes":""},"categories":[2820],"tags":[1111,11,2389,1687,2880,1777,674,107,1011,27,775,873,12,25,640,2879],"class_list":{"0":"post-69298","1":"post","2":"type-post","3":"status-publish","4":"format-standard","5":"has-post-thumbnail","7":"category-strasbourg","8":"tag-actu","9":"tag-actualites","10":"tag-alsace","11":"tag-culture-loisirs","12":"tag-edition-strasbourg","13":"tag-eu","14":"tag-europe","15":"tag-fil-info","16":"tag-fr","17":"tag-france","18":"tag-grand-est","19":"tag-musique","20":"tag-news","21":"tag-republique-francaise","22":"tag-strasbourg","23":"tag-strasbourg-ville"},"share_on_mastodon":{"url":"https:\/\/pubeurope.com\/@fr\/114438199281154496","error":""},"_links":{"self":[{"href":"https:\/\/www.europesays.com\/fr\/wp-json\/wp\/v2\/posts\/69298","targetHints":{"allow":["GET"]}}],"collection":[{"href":"https:\/\/www.europesays.com\/fr\/wp-json\/wp\/v2\/posts"}],"about":[{"href":"https:\/\/www.europesays.com\/fr\/wp-json\/wp\/v2\/types\/post"}],"author":[{"embeddable":true,"href":"https:\/\/www.europesays.com\/fr\/wp-json\/wp\/v2\/users\/2"}],"replies":[{"embeddable":true,"href":"https:\/\/www.europesays.com\/fr\/wp-json\/wp\/v2\/comments?post=69298"}],"version-history":[{"count":0,"href":"https:\/\/www.europesays.com\/fr\/wp-json\/wp\/v2\/posts\/69298\/revisions"}],"wp:featuredmedia":[{"embeddable":true,"href":"https:\/\/www.europesays.com\/fr\/wp-json\/wp\/v2\/media\/69299"}],"wp:attachment":[{"href":"https:\/\/www.europesays.com\/fr\/wp-json\/wp\/v2\/media?parent=69298"}],"wp:term":[{"taxonomy":"category","embeddable":true,"href":"https:\/\/www.europesays.com\/fr\/wp-json\/wp\/v2\/categories?post=69298"},{"taxonomy":"post_tag","embeddable":true,"href":"https:\/\/www.europesays.com\/fr\/wp-json\/wp\/v2\/tags?post=69298"}],"curies":[{"name":"wp","href":"https:\/\/api.w.org\/{rel}","templated":true}]}}