{"id":692984,"date":"2026-01-27T15:28:11","date_gmt":"2026-01-27T15:28:11","guid":{"rendered":"https:\/\/www.europesays.com\/fr\/692984\/"},"modified":"2026-01-27T15:28:11","modified_gmt":"2026-01-27T15:28:11","slug":"tout-menerve-le-bon-comme-le-mal-sarah-anna-pratique-lhumour-noir-au-kawa-a-montpellier","status":"publish","type":"post","link":"https:\/\/www.europesays.com\/fr\/692984\/","title":{"rendered":"\u00ab\u00a0Tout m\u2019\u00e9nerve, le bon comme le mal\u00a0\u00bb, Sarah-Anna pratique l\u2019humour noir au Kawa \u00e0 Montpellier"},"content":{"rendered":"<p>\n                                                                Dans son spectacle \u00ab\u00a0Sal\u00e9\u00a0\u00bb, l\u2019ancienne infirmi\u00e8re pass\u00e9e par le CHU de Rennes aborde, sans tabou, le corps, l\u2019\u00e9cologie ou les violences sexuelles, dans un stand-up franc et provocateur. Sal\u00e9 sera jou\u00e9 jeudi 29\u00a0janvier \u00e0 20\u00a0h\u00a030 au Kawa Th\u00e9\u00e2tre, \u00e0 Montpellier.\n                            <\/p>\n<p class=\"txt-question\" data-path-to-node=\"0\">Pourquoi votre spectacle s\u2019intitule\u00a0Sal\u00e9\u00a0? C\u2019est un titre plut\u00f4t intriguant. Qu\u2019est-ce que \u00e7a raconte de vous et de votre humour\u00a0?<\/p>\n<p data-path-to-node=\"2\">C\u2019est un spectacle d\u2019humour noir principalement, avec un peu d\u2019absurde. Sal\u00e9, c\u2019est parce que \u00e7a va \u00eatre sal\u00e9, \u00e7a va secouer. Je brasse plusieurs th\u00e8mes qui pourraient \u00e9nerver une femme dans sa trentaine\u00a0: les incoh\u00e9rences de la soci\u00e9t\u00e9 regard\u00e9es avec cynisme et un c\u00f4t\u00e9 faussement na\u00eff.<\/p>\n<blockquote data-instgrm-captioned=\"\" data-instgrm-permalink=\"https:\/\/www.instagram.com\/reel\/DFkqRz2oG6t\/?utm_source=ig_embed&amp;utm_campaign=loading\" data-instgrm-version=\"14\" style=\" background:#FFF; border:0; border-radius:3px; box-shadow:0 0 1px 0 rgba(0,0,0,0.5),0 1px 10px 0 rgba(0,0,0,0.15); margin: 1px; max-width:540px; min-width:326px; padding:0; width:99.375%; width:-webkit-calc(100% - 2px); width:calc(100% - 2px);\" data-class=\"instagram-media\"\/>\n<p class=\"txt-question\" data-path-to-node=\"3\">Quels sont les grands th\u00e8mes du spectacle\u00a0?<\/p>\n<p data-path-to-node=\"4\">Je n\u2019ai jamais trop envie d\u2019en dire car je veux qu\u2019il y ait de la surprise, mais je vais brasser plein de th\u00e8mes comme mes r\u00e8gles, mon chien, l\u2019\u00e9cologie ou les agressions sexuelles. \u00c7a va de tout \u00e0 rien. Quelques extraits sont d\u2019ailleurs disponibles sur mon Instagram.<\/p>\n<p class=\"txt-question\" data-path-to-node=\"5\">Comment est n\u00e9 ce spectacle\u00a0? Est-ce le fruit d\u2019exp\u00e9riences personnelles ou une urgence de dire les choses\u00a0?<\/p>\n<p data-path-to-node=\"6\">C\u2019est un m\u00e9lange de tout \u00e7a. C\u2019est ce qui se passe dans ma t\u00eate, mes id\u00e9es farfelues et les choses que j\u2019ai envie de pointer du doigt ou de crier avec humour. J\u2019ai commenc\u00e9 le stand-up il y a bient\u00f4t quatre ans. Mon tout premier sketch expliquait comment je voulais buter une prof de yoga pour d\u00e9noncer la bien-pensance. Il n\u2019est plus dans le spectacle, mais le postulat reste que tout m\u2019\u00e9nerve, le bon comme le mal.<\/p>\n<p class=\"txt-question\" data-path-to-node=\"7\">Votre humour est souvent qualifi\u00e9 de franc, parfois grin\u00e7ant, notamment sur le handicap. Est-ce la meilleure mani\u00e8re que vous avez trouv\u00e9e pour transmettre et faire rire\u00a0?<\/p>\n<p data-path-to-node=\"8\">C\u2019est en tout cas celle qui me correspond le plus. Je ne me verrais pas faire un autre style d\u2019humour car j\u2019aime provoquer, ne pas prendre de pincettes et tutoyer tout le monde. Personne n\u2019est au-dessus de personne dans ma salle. Je vais me moquer de tout et de tout le monde, moi comprise, car il faut savoir rire de soi avant de rire des autres.<\/p>\n<p>Ancienne infirmi\u00e8re<\/p>\n<p class=\"txt-question\" data-path-to-node=\"9\">Vous ne venez pas des r\u00e9seaux sociaux. Vous avez \u00e9t\u00e9 manager chez McDo, infirmi\u00e8re\u2026 Quel a \u00e9t\u00e9 le d\u00e9clic pour devenir humoriste\u00a0?<\/p>\n<p data-path-to-node=\"16\">Le d\u00e9clic est venu d\u00e8s la premi\u00e8re fois o\u00f9 je suis mont\u00e9e sur sc\u00e8ne. J\u2019ai eu l\u2019impression d\u2019avoir un superpouvoir en faisant rire les gens avec ce qui sort de mon cerveau. Ensuite, je me suis inscrite \u00e0 un tremplin un an plus tard pour me tester. J\u2019ai gagn\u00e9 le prix du jury et rencontr\u00e9 mon producteur. C\u2019est lui qui m\u2019a propos\u00e9 de travailler avec lui. Sans cela, je serais probablement encore infirmi\u00e8re.<\/p>\n<p class=\"txt-question\" data-path-to-node=\"17\">Est-ce que votre exp\u00e9rience dans la sant\u00e9 a influenc\u00e9 votre \u00e9criture\u00a0?<\/p>\n<p data-path-to-node=\"18\">Oui, car il y a \u00e9norm\u00e9ment d\u2019humour noir \u00e0 l\u2019h\u00f4pital. C\u2019est une mani\u00e8re pour les soignants de d\u00e9samorcer des situations horribles et de mieux dig\u00e9rer ce qu\u2019ils vivent. On fait parfois des blagues tr\u00e8s limites pour d\u00e9charger la pression, sinon on ne tiendrait pas longtemps. L\u2019h\u00f4pital a rajout\u00e9 une couche de cynisme \u00e0 ma nature de base.<\/p>\n<p class=\"txt-question\" data-path-to-node=\"19\">Du CHU de Rennes \u00e0 la sc\u00e8ne, qu\u2019est-ce qui a \u00e9t\u00e9 le plus difficile \u00e0 franchir\u00a0?<\/p>\n<p data-path-to-node=\"20\">Ce qui a \u00e9t\u00e9 dur, c\u2019est de travailler seule. Dans la sant\u00e9, on est toujours en \u00e9quipe. L\u00e0, on se retrouve seule dans le train, \u00e0 l\u2019h\u00f4tel, et on vit un moment intense avec le public avant de se retrouver de nouveau seule. C\u2019est le revers de la m\u00e9daille, m\u00eame si je prends beaucoup de plaisir \u00e0 \u00e9crire et \u00e0 \u00eatre seule sur sc\u00e8ne. Heureusement, il y a les plateaux et les premi\u00e8res parties qui permettent de retrouver des moments en \u00e9quipe.<\/p>\n<p>Jeudi 29\u00a0janvier \u00e0 20\u00a0h\u00a030. Kawa Th\u00e9\u00e2tre, 18, rue fouques, Montpellier. Tarif\u00a0: 26 et 28\u00a0\u20ac.<\/p>\n<p>                                                                                                                                                                                                        <script async src=\"\/\/www.instagram.com\/embed.js\"><\/script><\/p>\n","protected":false},"excerpt":{"rendered":"Dans son spectacle \u00ab\u00a0Sal\u00e9\u00a0\u00bb, l\u2019ancienne infirmi\u00e8re pass\u00e9e par le CHU de Rennes aborde, sans tabou, le corps, l\u2019\u00e9cologie&hellip;\n","protected":false},"author":2,"featured_media":692985,"comment_status":"","ping_status":"","sticky":false,"template":"","format":"standard","meta":{"footnotes":""},"categories":[9599],"tags":[1111,11,872,1777,674,1011,27,7089,2208,12,2680,25],"class_list":{"0":"post-692984","1":"post","2":"type-post","3":"status-publish","4":"format-standard","5":"has-post-thumbnail","7":"category-montpellier","8":"tag-actu","9":"tag-actualites","10":"tag-culture-et-loisirs","11":"tag-eu","12":"tag-europe","13":"tag-fr","14":"tag-france","15":"tag-herault","16":"tag-montpellier","17":"tag-news","18":"tag-occitanie","19":"tag-republique-francaise"},"share_on_mastodon":{"url":"https:\/\/pubeurope.com\/@fr\/115967774176031684","error":""},"_links":{"self":[{"href":"https:\/\/www.europesays.com\/fr\/wp-json\/wp\/v2\/posts\/692984","targetHints":{"allow":["GET"]}}],"collection":[{"href":"https:\/\/www.europesays.com\/fr\/wp-json\/wp\/v2\/posts"}],"about":[{"href":"https:\/\/www.europesays.com\/fr\/wp-json\/wp\/v2\/types\/post"}],"author":[{"embeddable":true,"href":"https:\/\/www.europesays.com\/fr\/wp-json\/wp\/v2\/users\/2"}],"replies":[{"embeddable":true,"href":"https:\/\/www.europesays.com\/fr\/wp-json\/wp\/v2\/comments?post=692984"}],"version-history":[{"count":0,"href":"https:\/\/www.europesays.com\/fr\/wp-json\/wp\/v2\/posts\/692984\/revisions"}],"wp:featuredmedia":[{"embeddable":true,"href":"https:\/\/www.europesays.com\/fr\/wp-json\/wp\/v2\/media\/692985"}],"wp:attachment":[{"href":"https:\/\/www.europesays.com\/fr\/wp-json\/wp\/v2\/media?parent=692984"}],"wp:term":[{"taxonomy":"category","embeddable":true,"href":"https:\/\/www.europesays.com\/fr\/wp-json\/wp\/v2\/categories?post=692984"},{"taxonomy":"post_tag","embeddable":true,"href":"https:\/\/www.europesays.com\/fr\/wp-json\/wp\/v2\/tags?post=692984"}],"curies":[{"name":"wp","href":"https:\/\/api.w.org\/{rel}","templated":true}]}}