{"id":692988,"date":"2026-01-27T15:31:57","date_gmt":"2026-01-27T15:31:57","guid":{"rendered":"https:\/\/www.europesays.com\/fr\/692988\/"},"modified":"2026-01-27T15:31:57","modified_gmt":"2026-01-27T15:31:57","slug":"tennis-lois-boisson-participera-au-tournoi-de-rouen-pour-preparer-roland-garros-sport","status":"publish","type":"post","link":"https:\/\/www.europesays.com\/fr\/692988\/","title":{"rendered":"Tennis. Lo\u00efs Boisson participera au tournoi de Rouen pour pr\u00e9parer Roland Garros . Sport"},"content":{"rendered":"<p>R\u00e9v\u00e9lation du tennis fran\u00e7ais, lors de Roland Garros 2025, <a href=\"https:\/\/rennes.maville.com\/sport\/detail_--tout-est-possible-en-travaillant-avec-lois-boisson-le-retour-des-frissons-a-roland-garros-_54135-7124851_actu.Htm\" target=\"_self\" rel=\"noopener\">o\u00f9 elle avait atteint les demi-finales<\/a>, Lo\u00efs Boisson ne manque pas d\u2019ambition pour 2026. La Dijonnaise, 36e mondiale, n\u2019a cess\u00e9 de clamer depuis son \u00e9closion sur la terre battue parisienne qu\u2019elle faisait de son objectif une victoire finale Porte d\u2019Auteuil.<\/p>\n<p>Pour y parvenir, celle qui a chang\u00e9 d\u2019entra\u00eeneur en fin d\u2019ann\u00e9e derni\u00e8re, a d\u00e9j\u00e0 balis\u00e9 la route. En avril\u00a02026, elle participera, sauf changement de derni\u00e8re minute, au tournoi de Rouen. \u00a0Nous sommes tr\u00e8s heureux et fiers d\u2019accueillir \u00e0 nouveau Lo\u00efs. Sa pr\u00e9sence est une formidable nouvelle. Lo\u00efs incarne l\u2019excellence du tennis f\u00e9minin fran\u00e7ais\u00a0, a r\u00e9agi l\u2019organisation du tournoi.<\/p>\n<p>\u00c9limin\u00e9e au deuxi\u00e8me tour en 2025<\/p>\n<p>Il y a pr\u00e8s d\u2019un an, c\u2019est sous le toit de la Kindarena que Boisson avait d\u00e9croch\u00e9 sa premi\u00e8re victoire sur le circuit WTA, en dominant Harriet Dart\u00a0(6-0, 6-3), 110e mondiale. La Fran\u00e7aise avait ensuite \u00e9t\u00e9 \u00e9limin\u00e9e par Moyuka Uchijima\u00a0(1-6, 7-6\u00a0(4), 6-4), alors qu\u2019elle menait 6-1, 5-1.<\/p>\n<p>Son retour \u00e0 Rouen en 2026 devrait donc lancer sa saison sur terre battue, alors que son ann\u00e9e n\u2019a pas encore r\u00e9ellement commenc\u00e9. <a href=\"https:\/\/rennes.maville.com\/sport\/detail_-open-d-australie.-lois-boisson-annonce-son-forfait-pour-le-premier-grand-chelem-de-la-saison-_54135-7140574_actu.Htm\" target=\"_self\" rel=\"noopener\">Elle avait en effet renonc\u00e9 \u00e0 participer \u00e0 l\u2019Open d\u2019Australie, en raison de p\u00e9pins physiques.<\/a> Un souci r\u00e9current qui freine pour le moment son \u00e9closion totale sur la sc\u00e8ne mondiale.<\/p>\n<p>\u00a0<\/p>\n","protected":false},"excerpt":{"rendered":"R\u00e9v\u00e9lation du tennis fran\u00e7ais, lors de Roland Garros 2025, o\u00f9 elle avait atteint les demi-finales, Lo\u00efs Boisson ne&hellip;\n","protected":false},"author":2,"featured_media":692989,"comment_status":"","ping_status":"","sticky":false,"template":"","format":"standard","meta":{"footnotes":""},"categories":[9587],"tags":[1111,11,2063,5492,1777,674,1011,27,1922,1393,2487,12,5161,1404,25,2923,9590,4251,853],"class_list":{"0":"post-692988","1":"post","2":"type-post","3":"status-publish","4":"format-standard","5":"has-post-thumbnail","7":"category-rouen","8":"tag-actu","9":"tag-actualites","10":"tag-annonces","11":"tag-caen","12":"tag-eu","13":"tag-europe","14":"tag-fr","15":"tag-france","16":"tag-info","17":"tag-loisirs","18":"tag-meteo","19":"tag-news","20":"tag-normandie","21":"tag-quotidien","22":"tag-republique-francaise","23":"tag-restaurants","24":"tag-rouen","25":"tag-sortir","26":"tag-spectacles"},"share_on_mastodon":{"url":"https:\/\/pubeurope.com\/@fr\/115967789807215530","error":""},"_links":{"self":[{"href":"https:\/\/www.europesays.com\/fr\/wp-json\/wp\/v2\/posts\/692988","targetHints":{"allow":["GET"]}}],"collection":[{"href":"https:\/\/www.europesays.com\/fr\/wp-json\/wp\/v2\/posts"}],"about":[{"href":"https:\/\/www.europesays.com\/fr\/wp-json\/wp\/v2\/types\/post"}],"author":[{"embeddable":true,"href":"https:\/\/www.europesays.com\/fr\/wp-json\/wp\/v2\/users\/2"}],"replies":[{"embeddable":true,"href":"https:\/\/www.europesays.com\/fr\/wp-json\/wp\/v2\/comments?post=692988"}],"version-history":[{"count":0,"href":"https:\/\/www.europesays.com\/fr\/wp-json\/wp\/v2\/posts\/692988\/revisions"}],"wp:featuredmedia":[{"embeddable":true,"href":"https:\/\/www.europesays.com\/fr\/wp-json\/wp\/v2\/media\/692989"}],"wp:attachment":[{"href":"https:\/\/www.europesays.com\/fr\/wp-json\/wp\/v2\/media?parent=692988"}],"wp:term":[{"taxonomy":"category","embeddable":true,"href":"https:\/\/www.europesays.com\/fr\/wp-json\/wp\/v2\/categories?post=692988"},{"taxonomy":"post_tag","embeddable":true,"href":"https:\/\/www.europesays.com\/fr\/wp-json\/wp\/v2\/tags?post=692988"}],"curies":[{"name":"wp","href":"https:\/\/api.w.org\/{rel}","templated":true}]}}