{"id":692996,"date":"2026-01-27T15:37:10","date_gmt":"2026-01-27T15:37:10","guid":{"rendered":"https:\/\/www.europesays.com\/fr\/692996\/"},"modified":"2026-01-27T15:37:10","modified_gmt":"2026-01-27T15:37:10","slug":"a-rennes-risque-t-on-des-inondations-les-previsions-de-ces-prochains-jours","status":"publish","type":"post","link":"https:\/\/www.europesays.com\/fr\/692996\/","title":{"rendered":"\u00e0 Rennes, risque-t-on des inondations ? Les pr\u00e9visions de ces prochains jours"},"content":{"rendered":"<p>                    Par<br \/>\n        <strong><br \/>\n            <a href=\"https:\/\/actu.fr\/auteur\/clemence-pays02-actu-fr\" title=\"Consulter tous les articles de Cl\u00e9mence Pays\" target=\"_blank\" rel=\"noopener\">Cl\u00e9mence Pays<\/a><br \/>\n                    <\/strong><\/p>\n<p>        Publi\u00e9 le<\/p>\n<p>            27 janv. 2026 \u00e0 16h27        <\/p>\n<p><a href=\"https:\/\/actu.fr\/tag\/meteo-france\" target=\"_blank\" rel=\"noopener\">M\u00e9t\u00e9o France<\/a> maintient le placement des <strong>quatre d\u00e9partements bretons en vigilance orange crues,<\/strong> mardi\u00a027 et mercredi 28\u00a0janvier 2026. Pour l\u2019heure, le Finist\u00e8re et le Morbihan sont les plus touch\u00e9s par cet \u00e9pisode. \u00c0 Quimper, par exemple, <a href=\"https:\/\/actu.fr\/bretagne\/quimper_29232\/inondations-le-steir-est-de-nouveau-sorti-de-son-lit-a-quimper_63754387.html\" target=\"_blank\" rel=\"noopener\">le Steir est sorti de son lit<\/a>, tandis que <a href=\"https:\/\/actu.fr\/bretagne\/quistinic_56188\/morbihan-quelles-sont-les-routes-bloquees-en-raison-des-inondations_63748958.html\" target=\"_blank\" rel=\"noopener\">plusieurs routes morbihannaises sont inond\u00e9es<\/a>. <strong>L\u2019Ille-et-Vilaine reste relativement \u00e9pargn\u00e9e<\/strong> \u00e0 l\u2019heure o\u00f9 nous publions ces lignes, malgr\u00e9 un niveau \u00e9lev\u00e9 des cours d\u2019eau. Mais les m\u00e9t\u00e9orologues restent prudents. \u00c0 <a href=\"https:\/\/actu.fr\/rennes\/\" target=\"_blank\" rel=\"noopener\">Rennes<\/a>, de nouvelles pr\u00e9cipitations sont attendues ces prochaines heures.<\/p>\n<p class=\" wall-content\">\u00ab\u2009Le niveau de l\u2019eau est tr\u00e8s haut en Ille-et-Vilaine, surtout la partie aval, donc au sud de Rennes. <strong>Aujourd\u2019hui, \u00e7a continue de monter\u2009\u00bb,<\/strong> remarque S\u00e9bastien Decaux, m\u00e9t\u00e9orologue pour M\u00e9t\u00e9o Bretagne.<\/p>\n<p>Une accalmie de courte dur\u00e9e<\/p>\n<p class=\" wall-content\">La situation va<strong> se stabiliser mercredi<\/strong> 28\u00a0janvier d\u2019apr\u00e8s le pr\u00e9visionniste. \u00ab\u2009Ce mardi apr\u00e8s-midi, des averses sont attendues, mais elles ne seront pas importantes. Demain, le temps sera plus variable. Il faudra sortir les lunettes de soleil, mais garder le cir\u00e9 \u00e0 proximit\u00e9.\u2009\u00bb<\/p>\n<p class=\" wall-content\">Le <strong>retour du soleil<\/strong> mercredi en journ\u00e9e, \u00ab\u2009ce sera juste une tr\u00eave\u2009\u00bb, note S\u00e9bastien Decaux. \u00ab\u2009D\u00e8s le soir, le ciel va se voiler, avec des <strong>averses en soir\u00e9e et dans la nuit de mercredi \u00e0 jeudi.\u2009\u00bb<\/strong><\/p>\n<p class=\" wall-content\">Une<strong> faible perturbation<\/strong> va traverser l\u2019<a href=\"https:\/\/actu.fr\/bretagne\/ille-et-vilaine_35\" target=\"_blank\" rel=\"noopener\">Ille-et-Vilaine<\/a>, jeudi 29\u00a0janvier, \u00ab\u2009mais sans cons\u00e9quence importante sur les crues\u2009\u00bb.<\/p>\n<blockquote class=\"ac-article-quote wall-content\">\n<p>Jeudi, 2 \u00e0 3 mm de pr\u00e9cipitations sont attendues sur le bassin rennais. Tout comme vendredi.<\/p>\n<p>    <strong>S\u00e9bastien Decaux<\/strong><br \/>\n        M\u00e9t\u00e9orologue \u00e0 M\u00e9t\u00e9o Bretagne    <\/p><\/blockquote>\n<p class=\" wall-content\">Si ces pluies ne seront pas importantes, elles <strong>ne permettront pas la d\u00e9crue.<\/strong> \u00ab\u2009Pour que le niveau d\u2019un cours d\u2019eau baisse, il faut deux \u00e0 trois journ\u00e9es sans pluies. Mais nous n\u2019aurons pas ces quelques journ\u00e9es\u2009\u00bb, pr\u00e9vient S\u00e9bastien Decaux.<\/p>\n<p>Votre r\u00e9gion, votre actu !<\/p>\n<p>Recevez chaque jour les infos qui comptent pour vous.<\/p>\n<p>\t<a href=\"https:\/\/actu.fr\/newsletter\" class=\"ac-btn ac-btn--corner ac-btn--medium ac-btn--blue800\" target=\"_blank\" rel=\"noopener\">S&rsquo;incrire<\/a><br \/>\nUn pic de pr\u00e9cipitations \u00e0 Rennes<\/p>\n<p class=\" wall-content\">En effet, \u00ab\u2009les cours d\u2019eau ne vont pas voir leur niveau baisser significativement et celui-ci <strong>va remonter<\/strong> rapidement\u2009\u00bb. Samedi 31\u00a0janvier, le ciel sera couvert, avec des cumuls de pluie de 3 \u00e0 4\u00a0mm en journ\u00e9e.<\/p>\n<blockquote class=\"ac-article-quote wall-content\">\n<p>Dans la nuit de samedi \u00e0 dimanche, une nouvelle perturbation active va traverser la Bretagne et l&rsquo;Ille-et-Vilaine.<\/p>\n<p>    <strong>S\u00e9bastien Decaux<\/strong><br \/>\n        M\u00e9t\u00e9orologue \u00e0 M\u00e9t\u00e9o Bretagne    <\/p><\/blockquote>\n<p class=\" wall-content\">R\u00e9sultat, il faut s\u2019attendre \u00e0 \u00ab\u2009des <strong>cumuls assez importants<\/strong> quand on additionne les pr\u00e9cipitations de ce mardi et dimanche, avec 20\u00a0mm dans le d\u00e9partement et <strong>un pic \u00e0 25\u00a0mm entre Rennes et Redon<\/strong>\u2009\u00bb.<\/p>\n<p>Le record de 2025 in\u00e9gal\u00e9<\/p>\n<p class=\" wall-content\">\u00ab\u2009La <strong>semaine prochaine,<\/strong> le d\u00e9fil\u00e9 se poursuit\u2009\u00bb, annonce le m\u00e9t\u00e9orologue. En effet, <strong>des d\u00e9pressions vont circuler \u00ab\u2009\u00e0 intervalle rapproch\u00e9\u2009\u00bb.<\/strong> \u00ab\u2009Cela ne va pas arranger le niveau des crues en Bretagne, cela peut m\u00eame <strong>se d\u00e9t\u00e9riorer.<\/strong>\u2009\u00bb<\/p>\n<p class=\" wall-content\">\u00c0 ce stade, il est difficile de pr\u00e9dire si Rennes sera inond\u00e9e comme l\u2019an pass\u00e9. Le sud de la capitale bretonne et particuli\u00e8rement le sud du d\u00e9partement sont les zones les plus \u00e0 risque.<\/p>\n<p class=\" wall-content\">\u00ab\u2009\u00c0 Redon, <a href=\"https:\/\/actu.fr\/bretagne\/redon_35236\/loust-en-vigilance-orange-entre-30-et-50-mm-de-pluie-sur-loust-ce-lundi-26-janvier-dans-lapres-midi_63749259.html\" target=\"_blank\" rel=\"noopener\">l\u2019Oust est en vigilance orange<\/a>. C\u2019est aussi la confluence avec la Vilaine, donc il y a un effet cumulatif. <strong>Ce secteur g\u00e9ographique est le plus vuln\u00e9rable<\/strong>\u2009\u00bb, souligne S\u00e9bastien Decaux.<\/p>\n<p class=\" wall-content\">Pour m\u00e9moire, <a href=\"https:\/\/actu.fr\/bretagne\/rennes_35238\/pluie-a-rennes-janvier-2025-est-le-mois-le-plus-arrose-de-l-histoire-dans-la-capitale-bretonne_62187036.html\" target=\"_blank\" rel=\"noopener\">en janvier\u00a02025, la station de Rennes-Saint-Jacques avait enregistr\u00e9 202,5\u00a0mm de pluie<\/a> \u00e0 Rennes. <a href=\"https:\/\/actu.fr\/bretagne\/rennes_35238\/a-rennes-il-n-avait-pas-autant-plu-depuis-1995-le-record-de-pluviometrie-battu_62171767.html\" target=\"_blank\" rel=\"noopener\">\u00ab\u2009Un record depuis l\u2019ouverture de la station en 1945.\u2009\u00bb<\/a> \u00c0 ce jour, \u00ab\u2009on en est loin, avec<strong> 112\u00a0mm de pluie \u00e0 Rennes,<\/strong> au 27\u00a0janvier\u2009\u00bb, d\u00e9taille S\u00e9bastien Decaux.<\/p>\n<p class=\" wall-content\">\u00ab\u2009M\u00eame en ajoutant les pr\u00e9cipitations attendues ce week-end, on devrait atteindre 135 \u00e0 140\u00a0mm le 31\u00a0janvier 2026.\u2009\u00bb <strong>Une valeur qui reste \u00e9lev\u00e9e<\/strong> puisque la norme pour un mois de janvier \u00e0 Rennes se situe entre 66 et 67\u00a0mm.<\/p>\n<p class=\" wall-content\">Personnalisez votre actualit\u00e9 en ajoutant vos villes et m\u00e9dias en favori avec <a href=\"https:\/\/moncompte.actu.fr\" title=\"D\u00e9couvez Mon Actu\" rel=\"nofollow noopener\" data-trk=\"{&quot;cta&quot;:{&quot;action&quot;:&quot;https:\\\/\\\/moncompte.actu.fr&quot;,&quot;category&quot;:&quot;mon compte&quot;,&quot;from&quot;:&quot;article footer&quot;,&quot;name&quot;:&quot;Mon actu&quot;,&quot;type&quot;:&quot;cta&quot;}}\" target=\"_blank\">Mon Actu<\/a>.<\/p>\n","protected":false},"excerpt":{"rendered":"Par Cl\u00e9mence Pays Publi\u00e9 le 27 janv. 2026 \u00e0 16h27 M\u00e9t\u00e9o France maintient le placement des quatre d\u00e9partements&hellip;\n","protected":false},"author":2,"featured_media":692997,"comment_status":"","ping_status":"","sticky":false,"template":"","format":"standard","meta":{"footnotes":""},"categories":[2821],"tags":[1111,11,829,1777,674,1011,27,2839,3059,2487,12,4459,584,25],"class_list":{"0":"post-692996","1":"post","2":"type-post","3":"status-publish","4":"format-standard","5":"has-post-thumbnail","7":"category-rennes","8":"tag-actu","9":"tag-actualites","10":"tag-bretagne","11":"tag-eu","12":"tag-europe","13":"tag-fr","14":"tag-france","15":"tag-inondations","16":"tag-intemperies","17":"tag-meteo","18":"tag-news","19":"tag-pluie","20":"tag-rennes","21":"tag-republique-francaise"},"share_on_mastodon":{"url":"https:\/\/pubeurope.com\/@fr\/115967809538419744","error":""},"_links":{"self":[{"href":"https:\/\/www.europesays.com\/fr\/wp-json\/wp\/v2\/posts\/692996","targetHints":{"allow":["GET"]}}],"collection":[{"href":"https:\/\/www.europesays.com\/fr\/wp-json\/wp\/v2\/posts"}],"about":[{"href":"https:\/\/www.europesays.com\/fr\/wp-json\/wp\/v2\/types\/post"}],"author":[{"embeddable":true,"href":"https:\/\/www.europesays.com\/fr\/wp-json\/wp\/v2\/users\/2"}],"replies":[{"embeddable":true,"href":"https:\/\/www.europesays.com\/fr\/wp-json\/wp\/v2\/comments?post=692996"}],"version-history":[{"count":0,"href":"https:\/\/www.europesays.com\/fr\/wp-json\/wp\/v2\/posts\/692996\/revisions"}],"wp:featuredmedia":[{"embeddable":true,"href":"https:\/\/www.europesays.com\/fr\/wp-json\/wp\/v2\/media\/692997"}],"wp:attachment":[{"href":"https:\/\/www.europesays.com\/fr\/wp-json\/wp\/v2\/media?parent=692996"}],"wp:term":[{"taxonomy":"category","embeddable":true,"href":"https:\/\/www.europesays.com\/fr\/wp-json\/wp\/v2\/categories?post=692996"},{"taxonomy":"post_tag","embeddable":true,"href":"https:\/\/www.europesays.com\/fr\/wp-json\/wp\/v2\/tags?post=692996"}],"curies":[{"name":"wp","href":"https:\/\/api.w.org\/{rel}","templated":true}]}}