{"id":692998,"date":"2026-01-27T15:38:12","date_gmt":"2026-01-27T15:38:12","guid":{"rendered":"https:\/\/www.europesays.com\/fr\/692998\/"},"modified":"2026-01-27T15:38:12","modified_gmt":"2026-01-27T15:38:12","slug":"lassociation-accordeona-fete-son-anniversaire-en-musique-a-lilliade","status":"publish","type":"post","link":"https:\/\/www.europesays.com\/fr\/692998\/","title":{"rendered":"l\u2019association Accord\u00e9ona f\u00eate son anniversaire en musique \u00e0 l\u2019Illiade"},"content":{"rendered":"<p>\u00c0 l\u2019occasion de ses 90 ans, les membres de l\u2019association Accord\u00e9ona invite ce dimanche 1er \u00a0f\u00e9vrier \u00e0 15\u00a0h <a href=\"https:\/\/www.dna.fr\/culture-loisirs\/2025\/12\/02\/l-illiade-30-annees-de-creativite-au-coeur-de-la-ville\" target=\"_blank\" rel=\"noopener\">\u00e0 l\u2019Illiade<\/a> \u00e0 feuilleter un album photo en musique en allant du classique au rock, et des grands interpr\u00e8tes aux compositeurs c\u00e9l\u00e8bres. Un bel apr\u00e8s-midi en perspective.<\/p>\n<p>C\u2019est en 1936, \u00e0 une \u00e9poque o\u00f9 l\u2019instrument \u00e9tait de tous les bals ou guinguettes, que des accord\u00e9onistes locaux se sont regroup\u00e9s pour fonder l\u2019Accord\u00e9ona 1936. H\u00e9las la Deuxi\u00e8me Guerre mondiale mit \u00e0 l\u2019arr\u00eat la jeune soci\u00e9t\u00e9 musicale, comme beaucoup d\u2019autres.<\/p>\n<p>  Une cinquantaine d\u2019\u00e9l\u00e8ves<\/p>\n<p>Elle rena\u00eet de ses cendres en 1946 et n\u2019a cess\u00e9 de grandir, anim\u00e9e par des chefs d\u00e9vou\u00e9s. Entr\u00e9e comme \u00e9l\u00e8ve en 1972, Patricia Hartmann a gravi tous les \u00e9chelons et pris la direction en 1984. Aujourd\u2019hui, c\u2019est Jean-Jacques Riebel pr\u00e9side l\u2019association. Patricia Hartmann continue de diriger les diff\u00e9rents orchestres et l\u2019\u00e9cole de musique, compos\u00e9s respectivement d\u2019une vingtaine de musiciens fid\u00e8les et d\u2019une cinquantaine d\u2019\u00e9l\u00e8ves qui apprennent outre l\u2019accord\u00e9on, le piano, le clavier num\u00e9rique et la guitare.<\/p>\n<p class=\"note\">Entr\u00e9e 10\u00a0euros, tarif r\u00e9duit pour les moins de 18 ans et les \u00e9tudiants, gratuit pour les moins de 12 ans. Pr\u00e9vente des billets assur\u00e9e le samedi 31\u00a0janvier de 14\u00a0h \u00e0 18\u00a0h \u00e0 l\u2019Illiade, 11 all\u00e9e Fran\u00e7ois-Mitterrand \u00e0 Illkirch-Graffenstaden.<\/p>\n","protected":false},"excerpt":{"rendered":"\u00c0 l\u2019occasion de ses 90 ans, les membres de l\u2019association Accord\u00e9ona invite ce dimanche 1er \u00a0f\u00e9vrier \u00e0 15\u00a0h&hellip;\n","protected":false},"author":2,"featured_media":692999,"comment_status":"","ping_status":"","sticky":false,"template":"","format":"standard","meta":{"footnotes":""},"categories":[2820],"tags":[1111,11,1687,2880,1777,674,107,1011,27,775,3088,873,12,25,3140,640,3089],"class_list":{"0":"post-692998","1":"post","2":"type-post","3":"status-publish","4":"format-standard","5":"has-post-thumbnail","7":"category-strasbourg","8":"tag-actu","9":"tag-actualites","10":"tag-culture-loisirs","11":"tag-edition-strasbourg","12":"tag-eu","13":"tag-europe","14":"tag-fil-info","15":"tag-fr","16":"tag-france","17":"tag-grand-est","18":"tag-illkirch-graffenstaden","19":"tag-musique","20":"tag-news","21":"tag-republique-francaise","22":"tag-spectacle","23":"tag-strasbourg","24":"tag-strasbourg-sud"},"share_on_mastodon":{"url":"https:\/\/pubeurope.com\/@fr\/115967813532395103","error":""},"_links":{"self":[{"href":"https:\/\/www.europesays.com\/fr\/wp-json\/wp\/v2\/posts\/692998","targetHints":{"allow":["GET"]}}],"collection":[{"href":"https:\/\/www.europesays.com\/fr\/wp-json\/wp\/v2\/posts"}],"about":[{"href":"https:\/\/www.europesays.com\/fr\/wp-json\/wp\/v2\/types\/post"}],"author":[{"embeddable":true,"href":"https:\/\/www.europesays.com\/fr\/wp-json\/wp\/v2\/users\/2"}],"replies":[{"embeddable":true,"href":"https:\/\/www.europesays.com\/fr\/wp-json\/wp\/v2\/comments?post=692998"}],"version-history":[{"count":0,"href":"https:\/\/www.europesays.com\/fr\/wp-json\/wp\/v2\/posts\/692998\/revisions"}],"wp:featuredmedia":[{"embeddable":true,"href":"https:\/\/www.europesays.com\/fr\/wp-json\/wp\/v2\/media\/692999"}],"wp:attachment":[{"href":"https:\/\/www.europesays.com\/fr\/wp-json\/wp\/v2\/media?parent=692998"}],"wp:term":[{"taxonomy":"category","embeddable":true,"href":"https:\/\/www.europesays.com\/fr\/wp-json\/wp\/v2\/categories?post=692998"},{"taxonomy":"post_tag","embeddable":true,"href":"https:\/\/www.europesays.com\/fr\/wp-json\/wp\/v2\/tags?post=692998"}],"curies":[{"name":"wp","href":"https:\/\/api.w.org\/{rel}","templated":true}]}}