{"id":693008,"date":"2026-01-27T15:43:20","date_gmt":"2026-01-27T15:43:20","guid":{"rendered":"https:\/\/www.europesays.com\/fr\/693008\/"},"modified":"2026-01-27T15:43:20","modified_gmt":"2026-01-27T15:43:20","slug":"a-nantes-les-statues-ont-retrouve-la-fontaine-place-royale","status":"publish","type":"post","link":"https:\/\/www.europesays.com\/fr\/693008\/","title":{"rendered":"\u00e0 Nantes, les statues ont retrouv\u00e9 la fontaine place Royale"},"content":{"rendered":"<p>                    Par<br \/>\n        <strong><br \/>\n            <a href=\"https:\/\/actu.fr\/auteur\/laure-gentil\" title=\"Consulter tous les articles de Laure Gentil\" target=\"_blank\" rel=\"noopener\">Laure Gentil<\/a><br \/>\n                    <\/strong><\/p>\n<p>        Publi\u00e9 le<\/p>\n<p>            27 janv. 2026 \u00e0 15h38        <\/p>\n<p>\u00ab\u00a0C\u2019est tr\u00e8s bien !\u00a0\u00bb, assure Fran\u00e7oise qui passe souvent <b>place Royale<\/b>. \u00ab\u00a0Mais on aimait bien aussi le Voyage \u00e0 Nantes.\u00a0\u00bb \u00ab\u00a0Il manque le trident\u00a0\u00bb, regrette toutefois son compagnon, Xavier. En septembre dernier, les statues embl\u00e9matiques du monument nantais avaient \u00e9t\u00e9 retir\u00e9es de leur socle pour \u00eatre\u00a0restaur\u00e9es dans un atelier.<\/p>\n<p class=\" wall-content\">Durant la <b>restauration<\/b>, les mod\u00e8les historiques avaient \u00e9t\u00e9 remplac\u00e9s par 14 figures \u00ab\u00a0r\u00e9elles\u00a0\u00bb\u00a0repr\u00e9sentant Nantes, dont\u00a0<a href=\"https:\/\/actu.fr\/pays-de-la-loire\/nantes_44109\/nantes-une-des-statues-de-la-fontaine-place-royale-a-ete-volee_63695404.html\" target=\"_blank\" rel=\"noopener\">le g\u00e9nie de la manifestation, qui a \u00e9t\u00e9 d\u00e9rob\u00e9 r\u00e9cemment<\/a>. Ces \u0153uvres avaient \u00e9t\u00e9 r\u00e9alis\u00e9es par l\u2019artiste n\u00e9erlandais Willem de Haan dans le cadre du Voyage \u00e0 Nantes. Mais les <a href=\"https:\/\/actu.fr\/pays-de-la-loire\/nantes_44109\/nantes-la-fontaine-de-la-place-royale-retrouve-une-de-ses-statues_63717275.html\" target=\"_blank\" rel=\"noopener\">statues originales ont retrouv\u00e9 leur place la semaine derni\u00e8re.<\/a><\/p>\n<p class=\" wall-content\">Quant au trident en bronze, il ne reviendra pas. Vol\u00e9 en mai 1968 par un \u00e9tudiant, il a \u00e9t\u00e9 remplac\u00e9 par des copies en bois, vol\u00e9es \u00e0 leur tour, \u00ab\u00a0jusqu\u2019\u00e0 ce que la main de la sculpture soit endommag\u00e9e\u00a0\u00bb, indique sur son site le<b> Mus\u00e9e d\u2019Histoire de Nantes.<\/b> C\u2019est le mus\u00e9e qui conserve dor\u00e9navant le v\u00e9ritable trident en bronze.<\/p>\n<p>\u00ab\u00a0Elles ne ressortent pas\u00a0\u00bb<\/p>\n<p class=\" wall-content\">Marie et Jacqueline, qui se sont arr\u00eat\u00e9es pour admirer la fontaine, s\u2019avouent un peu \u00ab\u00a0d\u00e9\u00e7ues\u00a0\u00bb. \u00ab\u00a0C\u2019est triste\u00a0\u00bb, explique Marie. \u00ab\u00a0Elles (les statues, N.D.L.R.) ne ressortent pas. Elles sont belles, mais la pierre autour devrait \u00eatre nettoy\u00e9e.\u00a0\u00bb Marie relativise toutefois. Elle se dit marqu\u00e9e par les couleurs des statues du VAN et admet que son avis pourrait changer : \u00ab Peut-\u00eatre que, dans un mois, quand je repasserai, je penserai autrement. \u00bb\u00a0<\/p>\n<p class=\" wall-content\">De son c\u00f4t\u00e9, Fran\u00e7oise insiste : \u00ab\u00a0\u00c7a se voit qu\u2019elles ont \u00e9t\u00e9 refaites.\u00a0\u00bb Elle appr\u00e9cie le bruit de l\u2019eau de la fontaine et son histoire. \u00ab\u00a0J\u2019aime l\u2019id\u00e9e que plein de gens aient march\u00e9 \u00e0 cet endroit et l\u2019aient regard\u00e9 avant moi.\u00a0\u00bb\u00a0<\/p>\n<p class=\" wall-content\">Personnalisez votre actualit\u00e9 en ajoutant vos villes et m\u00e9dias en favori avec <a href=\"https:\/\/moncompte.actu.fr\" title=\"D\u00e9couvez Mon Actu\" rel=\"nofollow noopener\" data-trk=\"{&quot;cta&quot;:{&quot;action&quot;:&quot;https:\\\/\\\/moncompte.actu.fr&quot;,&quot;category&quot;:&quot;mon compte&quot;,&quot;from&quot;:&quot;article footer&quot;,&quot;name&quot;:&quot;Mon actu&quot;,&quot;type&quot;:&quot;cta&quot;}}\" target=\"_blank\">Mon Actu<\/a>.<\/p>\n","protected":false},"excerpt":{"rendered":"Par Laure Gentil Publi\u00e9 le 27 janv. 2026 \u00e0 15h38 \u00ab\u00a0C\u2019est tr\u00e8s bien !\u00a0\u00bb, assure Fran\u00e7oise qui passe&hellip;\n","protected":false},"author":2,"featured_media":693009,"comment_status":"","ping_status":"","sticky":false,"template":"","format":"standard","meta":{"footnotes":""},"categories":[2818],"tags":[1111,11,1777,674,1011,27,1652,766,12,2551,2636,25],"class_list":{"0":"post-693008","1":"post","2":"type-post","3":"status-publish","4":"format-standard","5":"has-post-thumbnail","7":"category-nantes","8":"tag-actu","9":"tag-actualites","10":"tag-eu","11":"tag-europe","12":"tag-fr","13":"tag-france","14":"tag-loisirs-culture","15":"tag-nantes","16":"tag-news","17":"tag-patrimoine","18":"tag-pays-de-la-loire","19":"tag-republique-francaise"},"share_on_mastodon":{"url":"https:\/\/pubeurope.com\/@fr\/115967833207360121","error":""},"_links":{"self":[{"href":"https:\/\/www.europesays.com\/fr\/wp-json\/wp\/v2\/posts\/693008","targetHints":{"allow":["GET"]}}],"collection":[{"href":"https:\/\/www.europesays.com\/fr\/wp-json\/wp\/v2\/posts"}],"about":[{"href":"https:\/\/www.europesays.com\/fr\/wp-json\/wp\/v2\/types\/post"}],"author":[{"embeddable":true,"href":"https:\/\/www.europesays.com\/fr\/wp-json\/wp\/v2\/users\/2"}],"replies":[{"embeddable":true,"href":"https:\/\/www.europesays.com\/fr\/wp-json\/wp\/v2\/comments?post=693008"}],"version-history":[{"count":0,"href":"https:\/\/www.europesays.com\/fr\/wp-json\/wp\/v2\/posts\/693008\/revisions"}],"wp:featuredmedia":[{"embeddable":true,"href":"https:\/\/www.europesays.com\/fr\/wp-json\/wp\/v2\/media\/693009"}],"wp:attachment":[{"href":"https:\/\/www.europesays.com\/fr\/wp-json\/wp\/v2\/media?parent=693008"}],"wp:term":[{"taxonomy":"category","embeddable":true,"href":"https:\/\/www.europesays.com\/fr\/wp-json\/wp\/v2\/categories?post=693008"},{"taxonomy":"post_tag","embeddable":true,"href":"https:\/\/www.europesays.com\/fr\/wp-json\/wp\/v2\/tags?post=693008"}],"curies":[{"name":"wp","href":"https:\/\/api.w.org\/{rel}","templated":true}]}}