{"id":693026,"date":"2026-01-27T15:52:09","date_gmt":"2026-01-27T15:52:09","guid":{"rendered":"https:\/\/www.europesays.com\/fr\/693026\/"},"modified":"2026-01-27T15:52:09","modified_gmt":"2026-01-27T15:52:09","slug":"cette-enseigne-coquine-va-ouvrir-une-deuxieme-boutique-a-lyon","status":"publish","type":"post","link":"https:\/\/www.europesays.com\/fr\/693026\/","title":{"rendered":"Cette enseigne coquine va ouvrir une deuxi\u00e8me boutique \u00e0 Lyon"},"content":{"rendered":"<p itemprop=\"description\"><strong>Du nouveau rue de la R\u00e9publique \u00e0 Lyon.<\/strong><\/p>\n<p>\u00ab\u00a0Juste \u00e0 temps pour la Saint-Valentin\u00a0\u00bb. Une toute nouvelle boutique va bient\u00f4t ouvrir ses portes du c\u00f4t\u00e9 de la Presqu\u2019\u00eele. Et c\u2019est une enseigne d\u00e9j\u00e0 pr\u00e9sente au sein du centre commercial Westfield La Part-Dieu qui va s\u2019installer dans le 2e arrondissement.<\/p>\n<p>Il s\u2019agit de Passage du D\u00e9sir qui se qualifie comme \u00ab un anti sex shop \u00bb avec au bout la mise en avant du bien-\u00eatre intime. On retrouve notamment dans les diff\u00e9rentes boutiques des confettis pour le bain, des po\u00eales en forme de c\u0153ur, des bouillottes, des soutiens-gorges en forme de bonbons, des cosm\u00e9tiques avec des go\u00fbts insolites, des sex-toys\u2026<\/p>\n<p>Cette seconde boutique lyonnaise de l\u2019enseigne ouvrira ses portes ce vendredi 30 janvier au 81 rue de la R\u00e9publique (anciens locaux Avril) sur une surface de 35 m\u00b2. Le magasin aura comme objectif de faire aussi bien que celui de la Part-Dieu devenue la premi\u00e8re de France en chiffre d\u2019affaires. Passage du D\u00e9sir compte aujourd\u2019hui une vingtaine de boutiques dans toute la France.<\/p>\n<p>De quoi donner des id\u00e9es \u00e0 certaines et \u00e0 certains en vue de la Saint-Valentin le 14 f\u00e9vrier.<\/p>\n<blockquote class=\"instagram-media\" style=\"background: #FFF; border: 0; border-radius: 3px; box-shadow: 0 0 1px 0 rgba(0,0,0,0.5),0 1px 10px 0 rgba(0,0,0,0.15); margin: 1px; max-width: 540px; min-width: 326px; padding: 0; width: calc(100% - 2px);\" data-instgrm-captioned=\"\" data-instgrm-permalink=\"https:\/\/www.instagram.com\/p\/DTx8FYpDB_L\/?utm_source=ig_embed&amp;utm_campaign=loading\" data-instgrm-version=\"14\"><p>&#13;<br \/>\n&#13;\n<\/p><\/blockquote>\n<p>\t\t  <script async src=\"\/\/www.instagram.com\/embed.js\"><\/script><\/p>\n","protected":false},"excerpt":{"rendered":"Du nouveau rue de la R\u00e9publique \u00e0 Lyon. \u00ab\u00a0Juste \u00e0 temps pour la Saint-Valentin\u00a0\u00bb. Une toute nouvelle boutique&hellip;\n","protected":false},"author":2,"featured_media":693027,"comment_status":"","ping_status":"","sticky":false,"template":"","format":"standard","meta":{"footnotes":""},"categories":[1889],"tags":[1111,11,2813,2190,2430,1109,251,1112,2811,1777,674,118,1294,4651,1011,27,1922,1110,1114,2428,4903,4902,12,241,316,25,2812,517,800],"class_list":{"0":"post-693026","1":"post","2":"type-post","3":"status-publish","4":"format-standard","5":"has-post-thumbnail","7":"category-lyon","8":"tag-actu","9":"tag-actualites","10":"tag-article","11":"tag-asvel","12":"tag-auvergne-rhone-alpes","13":"tag-breves","14":"tag-culture","15":"tag-depeches","16":"tag-economique","17":"tag-eu","18":"tag-europe","19":"tag-faits-divers","20":"tag-femme","21":"tag-femmes","22":"tag-fr","23":"tag-france","24":"tag-info","25":"tag-informations","26":"tag-infos","27":"tag-lyon","28":"tag-lyonfemme","29":"tag-lyonfemmes","30":"tag-news","31":"tag-ol","32":"tag-politique","33":"tag-republique-francaise","34":"tag-sociale","35":"tag-sport","36":"tag-transports"},"share_on_mastodon":{"url":"https:\/\/pubeurope.com\/@fr\/115967868569893172","error":""},"_links":{"self":[{"href":"https:\/\/www.europesays.com\/fr\/wp-json\/wp\/v2\/posts\/693026","targetHints":{"allow":["GET"]}}],"collection":[{"href":"https:\/\/www.europesays.com\/fr\/wp-json\/wp\/v2\/posts"}],"about":[{"href":"https:\/\/www.europesays.com\/fr\/wp-json\/wp\/v2\/types\/post"}],"author":[{"embeddable":true,"href":"https:\/\/www.europesays.com\/fr\/wp-json\/wp\/v2\/users\/2"}],"replies":[{"embeddable":true,"href":"https:\/\/www.europesays.com\/fr\/wp-json\/wp\/v2\/comments?post=693026"}],"version-history":[{"count":0,"href":"https:\/\/www.europesays.com\/fr\/wp-json\/wp\/v2\/posts\/693026\/revisions"}],"wp:featuredmedia":[{"embeddable":true,"href":"https:\/\/www.europesays.com\/fr\/wp-json\/wp\/v2\/media\/693027"}],"wp:attachment":[{"href":"https:\/\/www.europesays.com\/fr\/wp-json\/wp\/v2\/media?parent=693026"}],"wp:term":[{"taxonomy":"category","embeddable":true,"href":"https:\/\/www.europesays.com\/fr\/wp-json\/wp\/v2\/categories?post=693026"},{"taxonomy":"post_tag","embeddable":true,"href":"https:\/\/www.europesays.com\/fr\/wp-json\/wp\/v2\/tags?post=693026"}],"curies":[{"name":"wp","href":"https:\/\/api.w.org\/{rel}","templated":true}]}}