{"id":69304,"date":"2025-05-02T12:20:12","date_gmt":"2025-05-02T12:20:12","guid":{"rendered":"https:\/\/www.europesays.com\/fr\/69304\/"},"modified":"2025-05-02T12:20:12","modified_gmt":"2025-05-02T12:20:12","slug":"un-ouvrier-apprenti-de-16-ans-trouve-la-mort-sur-un-chantier","status":"publish","type":"post","link":"https:\/\/www.europesays.com\/fr\/69304\/","title":{"rendered":"un ouvrier apprenti de 16 ans trouve la mort sur un chantier"},"content":{"rendered":"<p>Une enqu\u00eate a \u00e9t\u00e9 ouverte pour \u00abhomicide involontaire\u00bb apr\u00e8s le tragique d\u00e9c\u00e8s d\u2019un jeune ouvrier.<\/p>\n<p class=\"fig-paragraph\">Un jeune ouvrier apprenti de 16 ans a perdu la vie, mercredi apr\u00e8s-midi, sur un chantier \u00e0 Saint-Martin-du-Var (Alpes-Maritimes) dans des circonstances qui restent \u00e0 \u00e9claircir. Une enqu\u00eate pour \u00abhomicide involontaire\u00bb a \u00e9t\u00e9 ouverte par le parquet de Nice, qui n\u2019a pas souhait\u00e9 apporter d\u2019autres pr\u00e9cisions autour de\u00a0<a href=\"http:\/\/www.lefigaro.fr\/conjoncture\/accidents-du-travail-pourquoi-la-france-est-elle-parmi-les-plus-mauvais-eleves-d-europe-20240328\" data-fig-type=\"Article\" data-gtm-custom-categorie=\"navigation\" data-gtm-custom-action=\"crossclick\" data-gtm-custom-label=\"Contextuel\" data-gtm-event=\"customEventSPE\" data-fig-domain=\"LEFIGARO\" target=\"_blank\" rel=\"noopener\">cet accident mortel du travail<\/a>. Les investigations ont \u00e9t\u00e9 confi\u00e9es \u00e0 la gendarmerie nationale, en co-saisine avec l\u2019inspection du travail, a ajout\u00e9 la juridiction ni\u00e7oise.<\/p>\n<p>\u00c9motion sur les r\u00e9seaux sociaux<\/p>\n<p class=\"fig-paragraph\">Ce tragique d\u00e9c\u00e8s a suscit\u00e9 une grande \u00e9motion sur les r\u00e9seaux sociaux, o\u00f9 de nombreux messages ont circul\u00e9 pour lui rendre hommage. L\u2019an dernier dans les Alpes-Maritimes, d\u2019autres ouvriers avaient aussi perdu la vie dans de dramatiques conditions\u00a0: un sexag\u00e9naire avait trouv\u00e9 la mort apr\u00e8s avoir \u00e9t\u00e9\u00a0<a href=\"http:\/\/www.lefigaro.fr\/nice\/cannes-tragique-deces-d-un-ouvrier-retrouve-enseveli-sous-un-tas-de-terre-20240404\" data-fig-type=\"NewsFlash\" data-gtm-custom-categorie=\"navigation\" data-gtm-custom-action=\"crossclick\" data-gtm-custom-label=\"Contextuel\" data-gtm-event=\"customEventSPE\" data-fig-domain=\"LEFIGARO\" target=\"_blank\" rel=\"noopener\">enseveli sous un tas de terre<\/a>, un couvreur avait \u00e9t\u00e9 mortellement heurt\u00e9\u00a0<a href=\"http:\/\/www.lefigaro.fr\/nice\/a-nice-un-ouvrier-decede-apres-avoir-ete-heurte-par-une-bouteille-de-gaz-tombee-du-7e-etage-20240319\" data-fig-type=\"NewsFlash\" data-gtm-custom-categorie=\"navigation\" data-gtm-custom-action=\"crossclick\" data-gtm-custom-label=\"Contextuel\" data-gtm-event=\"customEventSPE\" data-fig-domain=\"LEFIGARO\" target=\"_blank\" rel=\"noopener\">par la chute d\u2019une bouteille de gaz<\/a>\u00a0ou encore un cordiste avait fait\u00a0<a href=\"http:\/\/www.lefigaro.fr\/nice\/nice-un-laveur-de-vitres-meurt-apres-une-chute-de-cinq-etages-20240411\" data-fig-type=\"NewsFlash\" data-gtm-custom-categorie=\"navigation\" data-gtm-custom-action=\"crossclick\" data-gtm-custom-label=\"Contextuel\" data-gtm-event=\"customEventSPE\" data-fig-domain=\"LEFIGARO\" target=\"_blank\" rel=\"noopener\">une chute mortelle<\/a>.<\/p>\n<p class=\"fig-paragraph\">Sur pr\u00e8s de 640.000 accidents du travail recens\u00e9s en 2023, 696 ont \u00e9t\u00e9 mortels, selon les chiffres de l\u2019Assurance maladie qui avaient \u00e9t\u00e9 relay\u00e9s par le minist\u00e8re du Travail.<\/p>\n","protected":false},"excerpt":{"rendered":"Une enqu\u00eate a \u00e9t\u00e9 ouverte pour \u00abhomicide involontaire\u00bb apr\u00e8s le tragique d\u00e9c\u00e8s d\u2019un jeune ouvrier. Un jeune ouvrier&hellip;\n","protected":false},"author":2,"featured_media":69305,"comment_status":"","ping_status":"","sticky":false,"template":"","format":"standard","meta":{"footnotes":""},"categories":[2819],"tags":[120,1111,11,2898,2829,2971,2972,4107,2973,2974,1777,674,2975,6017,1011,27,2969,2970,2987,2980,12,2401,2897,2976,2977,2978,2985,2986,2979,2981,2982,2983,2984,2991,2992,2993,2994,2996,2997,2998,2999,3000,3001,3002,2995,3003,3004,3005,3007,2268,882,25,2988,2989,2990,2968,3006],"class_list":{"0":"post-69304","1":"post","2":"type-post","3":"status-publish","4":"format-standard","5":"has-post-thumbnail","7":"category-nice","8":"tag-accident-du-travail","9":"tag-actu","10":"tag-actualites","11":"tag-alpes-maritimes","12":"tag-baumettes","13":"tag-carabacel","14":"tag-caucade","15":"tag-chantier","16":"tag-cimiez","17":"tag-cremat","18":"tag-eu","19":"tag-europe","20":"tag-fabron","21":"tag-fait-divers","22":"tag-fr","23":"tag-france","24":"tag-larenas","25":"tag-lariane","26":"tag-le-ray","27":"tag-lingostiere","28":"tag-news","29":"tag-nice","30":"tag-nice-cote-dazur","31":"tag-nice-gairaut","32":"tag-nice-gambetta","33":"tag-nice-jean-medecin","34":"tag-nice-le-piol","35":"tag-nice-le-port","36":"tag-nice-liberation","37":"tag-nice-magnan","38":"tag-nice-mantega-mont-boron","39":"tag-nice-pasteur","40":"tag-nice-pessicart","41":"tag-nice-rue-de-france","42":"tag-nice-saint-antoine","43":"tag-nice-saint-augustin","44":"tag-nice-saint-isidore","45":"tag-nice-saint-maurice","46":"tag-nice-saint-pancrace","47":"tag-nice-saint-philippe","48":"tag-nice-saint-pierre-de-feric","49":"tag-nice-saint-roch","50":"tag-nice-saint-roman-de-bellet","51":"tag-nice-saint-sylvestre","52":"tag-nice-sainte-marguerite","53":"tag-nice-thiers","54":"tag-nice-ventabrun","55":"tag-nice-vernier","56":"tag-nice-vinaigrier","57":"tag-ogc-nice","58":"tag-provence-alpes-cote-dazur","59":"tag-republique-francaise","60":"tag-rimiez","61":"tag-riquier","62":"tag-roquebilliere","63":"tag-sud-est","64":"tag-vieux-nice"},"share_on_mastodon":{"url":"","error":"Validation failed: Text character limit of 500 exceeded"},"_links":{"self":[{"href":"https:\/\/www.europesays.com\/fr\/wp-json\/wp\/v2\/posts\/69304","targetHints":{"allow":["GET"]}}],"collection":[{"href":"https:\/\/www.europesays.com\/fr\/wp-json\/wp\/v2\/posts"}],"about":[{"href":"https:\/\/www.europesays.com\/fr\/wp-json\/wp\/v2\/types\/post"}],"author":[{"embeddable":true,"href":"https:\/\/www.europesays.com\/fr\/wp-json\/wp\/v2\/users\/2"}],"replies":[{"embeddable":true,"href":"https:\/\/www.europesays.com\/fr\/wp-json\/wp\/v2\/comments?post=69304"}],"version-history":[{"count":0,"href":"https:\/\/www.europesays.com\/fr\/wp-json\/wp\/v2\/posts\/69304\/revisions"}],"wp:featuredmedia":[{"embeddable":true,"href":"https:\/\/www.europesays.com\/fr\/wp-json\/wp\/v2\/media\/69305"}],"wp:attachment":[{"href":"https:\/\/www.europesays.com\/fr\/wp-json\/wp\/v2\/media?parent=69304"}],"wp:term":[{"taxonomy":"category","embeddable":true,"href":"https:\/\/www.europesays.com\/fr\/wp-json\/wp\/v2\/categories?post=69304"},{"taxonomy":"post_tag","embeddable":true,"href":"https:\/\/www.europesays.com\/fr\/wp-json\/wp\/v2\/tags?post=69304"}],"curies":[{"name":"wp","href":"https:\/\/api.w.org\/{rel}","templated":true}]}}