{"id":693050,"date":"2026-01-27T16:06:12","date_gmt":"2026-01-27T16:06:12","guid":{"rendered":"https:\/\/www.europesays.com\/fr\/693050\/"},"modified":"2026-01-27T16:06:12","modified_gmt":"2026-01-27T16:06:12","slug":"tout-le-monde-a-eu-tort-et-ce-sont-les-valeurs-du-sport-qui-sont-perdantes-grosse-bagarre-en-marge-dun-match-u15-dans-le-brabant-wallon","status":"publish","type":"post","link":"https:\/\/www.europesays.com\/fr\/693050\/","title":{"rendered":"\u00ab\u00a0Tout le monde a eu tort et ce sont les valeurs du sport qui sont perdantes\u00a0\u00bb\u00a0: grosse bagarre en marge d&rsquo;un match U15 dans le Brabant wallon"},"content":{"rendered":"<p class=\"ap-StoryElement ap-StoryElement--mb ap-StoryText\">Sur les images publi\u00e9es par nos confr\u00e8res de Sudinfo, on peut voir notamment le chaos r\u00e9gner sur la surface de jeu, avec un parent qui s&rsquo;en prend \u00e0 un joueur du club hennuyer. \u00ab\u00a0Mais le choix des images est clairement subjectif selon moi. Les parents d&rsquo;Houdeng ont aussi leur part de responsabilit\u00e9 dans ce qu&rsquo;il s&rsquo;est malheureusement produit. Je pense d&rsquo;ailleurs que c&rsquo;est l&rsquo;effet de masse qui est n\u00e9faste dans ce genre de situation.\u00a0\u00bb<\/p>\n<p>\u00ab\u00a0Il n&rsquo;y a pas un camp qui a plus raison\u00a0\u00bb<\/p>\n<p class=\"ap-StoryElement ap-StoryElement--mb ap-StoryText\">Malgr\u00e9 tout, le but n&rsquo;est absolument pas d&rsquo;\u00e9tendre la pol\u00e9mique chez notre interlocuteur. \u00ab\u00a0Il n&rsquo;y a pas un camp qui a plus raison que l&rsquo;autre dans ce genre de situation. Absolument tout le monde a eu tort et ce sont les valeurs du sport qui sont perdantes dans ce genre de situation. Il y a autant de parties impliqu\u00e9es, \u00e0 savoir les coachs, les joueurs, les parents et l&rsquo;arbitre, que de perceptions diff\u00e9rentes.\u00a0\u00bb<\/p>\n<p class=\"ap-StoryElement ap-StoryElement--mb ap-StoryText\">Est-ce que ce genre de faits le d\u00e9go\u00fbte du football pour autant ? \u00ab\u00a0Non, car je soutiens avant tout la passion de mon fils. Mais une chose est s\u00fbre : le travail pour contrer la violence sur les terrains de football ne fait que commencer.\u00a0\u00bb \u00c0 noter que du c\u00f4t\u00e9 du RFC Houdinois, aucun commentaire ne souhaite \u00eatre fait pour le moment et on pr\u00e9f\u00e8re \u00ab\u00a0laisser l&rsquo;ACFF et la police faire leur travail\u00a0\u00bb.<\/p>\n<p class=\"ap-StoryElement ap-StoryElement--mb ap-StoryText\">Chez les Canaris, on regrette \u00ab\u00a0que la pol\u00e9mique enfle de cette mani\u00e8re\u00a0\u00bb mais \u00ab\u00a0on r\u00e9fute qu&rsquo;un parent a frapp\u00e9 un joueur\u00a0\u00bb.<\/p>\n","protected":false},"excerpt":{"rendered":"Sur les images publi\u00e9es par nos confr\u00e8res de Sudinfo, on peut voir notamment le chaos r\u00e9gner sur la&hellip;\n","protected":false},"author":2,"featured_media":693051,"comment_status":"","ping_status":"","sticky":false,"template":"","format":"standard","meta":{"footnotes":""},"categories":[1586],"tags":[78899,5734,11,10001,3993,65820,25655,3992,37822,78900,1777,674,1779,1011,27,6372,78901,8721,12,1037,1163,78902,25,3693,1778,364,78903],"class_list":{"0":"post-693050","1":"post","2":"type-post","3":"status-publish","4":"format-standard","5":"has-post-thumbnail","7":"category-europe","8":"tag-didelebrun-justice","9":"tag-5734","10":"tag-actualites","11":"tag-brussels","12":"tag-cocaine","13":"tag-cp","14":"tag-didier-lebrun","15":"tag-drogues","16":"tag-drugs","17":"tag-drugsverkeer","18":"tag-eu","19":"tag-europe","20":"tag-european-union","21":"tag-fr","22":"tag-france","23":"tag-jugement","24":"tag-justitie","25":"tag-narcotrafic","26":"tag-news","27":"tag-pc","28":"tag-persconferentie","29":"tag-rechtbank","30":"tag-republique-francaise","31":"tag-tribunal","32":"tag-ue","33":"tag-union-europeenne","34":"tag-vonnis"},"share_on_mastodon":{"url":"https:\/\/pubeurope.com\/@fr\/115967923606140036","error":""},"_links":{"self":[{"href":"https:\/\/www.europesays.com\/fr\/wp-json\/wp\/v2\/posts\/693050","targetHints":{"allow":["GET"]}}],"collection":[{"href":"https:\/\/www.europesays.com\/fr\/wp-json\/wp\/v2\/posts"}],"about":[{"href":"https:\/\/www.europesays.com\/fr\/wp-json\/wp\/v2\/types\/post"}],"author":[{"embeddable":true,"href":"https:\/\/www.europesays.com\/fr\/wp-json\/wp\/v2\/users\/2"}],"replies":[{"embeddable":true,"href":"https:\/\/www.europesays.com\/fr\/wp-json\/wp\/v2\/comments?post=693050"}],"version-history":[{"count":0,"href":"https:\/\/www.europesays.com\/fr\/wp-json\/wp\/v2\/posts\/693050\/revisions"}],"wp:featuredmedia":[{"embeddable":true,"href":"https:\/\/www.europesays.com\/fr\/wp-json\/wp\/v2\/media\/693051"}],"wp:attachment":[{"href":"https:\/\/www.europesays.com\/fr\/wp-json\/wp\/v2\/media?parent=693050"}],"wp:term":[{"taxonomy":"category","embeddable":true,"href":"https:\/\/www.europesays.com\/fr\/wp-json\/wp\/v2\/categories?post=693050"},{"taxonomy":"post_tag","embeddable":true,"href":"https:\/\/www.europesays.com\/fr\/wp-json\/wp\/v2\/tags?post=693050"}],"curies":[{"name":"wp","href":"https:\/\/api.w.org\/{rel}","templated":true}]}}