{"id":693070,"date":"2026-01-27T16:20:15","date_gmt":"2026-01-27T16:20:15","guid":{"rendered":"https:\/\/www.europesays.com\/fr\/693070\/"},"modified":"2026-01-27T16:20:15","modified_gmt":"2026-01-27T16:20:15","slug":"saint-girons-une-visite-commentee-pour-explorer-la-nuit-en-peinture","status":"publish","type":"post","link":"https:\/\/www.europesays.com\/fr\/693070\/","title":{"rendered":"Saint-Girons. Une visite comment\u00e9e pour explorer la nuit en peinture"},"content":{"rendered":"<p>Cette visite revient sur l\u2019exposition \u00ab\u00a0Peindre la nuit\u00a0\u00bb, pr\u00e9sent\u00e9e au Centre Pompidou-Metz en 2019. Elle invite le public \u00e0 explorer diff\u00e9rentes mani\u00e8res de repr\u00e9senter la nuit dans l\u2019histoire de l\u2019art.<\/p>\n<p>La m\u00e9diatrice culturelle propose d\u2019aborder trois rapports distincts \u00e0 la nuit. Le premier, li\u00e9 \u00e0 l\u2019apparition de l\u2019\u00e9lectricit\u00e9, transforme progressivement la vie nocturne de la population. Cette innovation visuelle se retrouve notamment dans des \u0153uvres de la Belle \u00c9poque. Par exemple, B\u00e9raud ou Dufy c\u00e9l\u00e8brent l\u2019\u00e9clairage artificiel et ses promesses de modernit\u00e9. Le second axe concerne la \u00ab\u00a0nuit int\u00e9rieure\u00a0\u00bb, marqu\u00e9e par le d\u00e9veloppement de la psychanalyse, l\u2019exploration des r\u00eaves et des cauchemars et de l\u2019inconscient. Enfin, l\u2019axe de la nuit cosmique, celui des \u00e9toiles et des constellations, est tr\u00e8s symbolique. \u00c0 ces trois \u00e9volutions correspondent trois vertiges : des sens, int\u00e9rieurs et cosmiques.<\/p>\n<p>On pourra notamment d\u00e9couvrir \u00ab\u00a0La nuit \u00e9toil\u00e9e sur le Rh\u00f4ne\u00a0\u00bb, chef-d\u2019\u0153uvre de Vincent Van Gogh. \u00ab\u00a0Mais quand donc ferai-je le Ciel \u00e9toil\u00e9, ce tableau qui, toujours, me pr\u00e9occupe\u00a0\u00bb, \u00e9crit l\u2019artiste au peintre \u00c9mile Bernard. Le tableau a \u00e9t\u00e9 peint en 1888 et il est conserv\u00e9 au mus\u00e9e d\u2019Orsay. L\u2019\u0153uvre s\u2019inscrit dans une p\u00e9riode difficile de la vie du peintre, profond\u00e9ment marqu\u00e9e par la nuit qu\u2019il juge plus riche en couleurs que le jour. Il \u00e9crit \u00e0 sa s\u0153ur Wilhelmina : \u00ab\u00a0Je veux maintenant absolument peindre un ciel \u00e9toil\u00e9. Souvent, il me semble que la nuit est encore plus richement color\u00e9e que le jour, color\u00e9 des violets, des bleus et des verts les plus intenses. Lorsque tu y feras attention, tu verras que certaines \u00e9toiles sont citronn\u00e9es, d\u2019autres ont des feux roses, verts, bleus, myosotis. Et sans insister davantage, il est \u00e9vident que, pour peindre un ciel \u00e9toil\u00e9, il ne suffise point du tout de mettre des points blancs sur du noir bleu\u00a0\u00bb. Au public de se laisser emporter par la nuit dans cette visite de jour.<\/p>\n<p>Visite comment\u00e9e \u00ab\u00a0Peindre la nuit\u00a0\u00bb : mercredi 28 janvier 2026 \u00e0 la microfolie de Saint-Girons, \u00e0 10 heures et \u00e0 14 heures.<\/p>\n","protected":false},"excerpt":{"rendered":"Cette visite revient sur l\u2019exposition \u00ab\u00a0Peindre la nuit\u00a0\u00bb, pr\u00e9sent\u00e9e au Centre Pompidou-Metz en 2019. Elle invite le public&hellip;\n","protected":false},"author":2,"featured_media":693071,"comment_status":"","ping_status":"","sticky":false,"template":"","format":"standard","meta":{"footnotes":""},"categories":[1358],"tags":[2720,1348,1384,1385,872,1386,58,59,1349,1011,27,69955],"class_list":{"0":"post-693070","1":"post","2":"type-post","3":"status-publish","4":"format-standard","5":"has-post-thumbnail","7":"category-arts-et-design","8":"tag-ariege","9":"tag-arts","10":"tag-arts-and-design","11":"tag-arts-et-design","12":"tag-culture-et-loisirs","13":"tag-design","14":"tag-divertissement","15":"tag-entertainment","16":"tag-expositions","17":"tag-fr","18":"tag-france","19":"tag-saintgirons"},"share_on_mastodon":{"url":"https:\/\/pubeurope.com\/@fr\/115967978523713181","error":""},"_links":{"self":[{"href":"https:\/\/www.europesays.com\/fr\/wp-json\/wp\/v2\/posts\/693070","targetHints":{"allow":["GET"]}}],"collection":[{"href":"https:\/\/www.europesays.com\/fr\/wp-json\/wp\/v2\/posts"}],"about":[{"href":"https:\/\/www.europesays.com\/fr\/wp-json\/wp\/v2\/types\/post"}],"author":[{"embeddable":true,"href":"https:\/\/www.europesays.com\/fr\/wp-json\/wp\/v2\/users\/2"}],"replies":[{"embeddable":true,"href":"https:\/\/www.europesays.com\/fr\/wp-json\/wp\/v2\/comments?post=693070"}],"version-history":[{"count":0,"href":"https:\/\/www.europesays.com\/fr\/wp-json\/wp\/v2\/posts\/693070\/revisions"}],"wp:featuredmedia":[{"embeddable":true,"href":"https:\/\/www.europesays.com\/fr\/wp-json\/wp\/v2\/media\/693071"}],"wp:attachment":[{"href":"https:\/\/www.europesays.com\/fr\/wp-json\/wp\/v2\/media?parent=693070"}],"wp:term":[{"taxonomy":"category","embeddable":true,"href":"https:\/\/www.europesays.com\/fr\/wp-json\/wp\/v2\/categories?post=693070"},{"taxonomy":"post_tag","embeddable":true,"href":"https:\/\/www.europesays.com\/fr\/wp-json\/wp\/v2\/tags?post=693070"}],"curies":[{"name":"wp","href":"https:\/\/api.w.org\/{rel}","templated":true}]}}