{"id":693082,"date":"2026-01-27T16:27:11","date_gmt":"2026-01-27T16:27:11","guid":{"rendered":"https:\/\/www.europesays.com\/fr\/693082\/"},"modified":"2026-01-27T16:27:11","modified_gmt":"2026-01-27T16:27:11","slug":"lactrice-sydney-sweeney-accroche-des-soutiens-gorge-aux-celebres-lettres-de-hollywood-pour-promouvoir-sa-marque-de-lingerie","status":"publish","type":"post","link":"https:\/\/www.europesays.com\/fr\/693082\/","title":{"rendered":"L\u2019actrice Sydney Sweeney accroche des soutiens-gorge aux c\u00e9l\u00e8bres lettres de Hollywood pour promouvoir sa marque de lingerie"},"content":{"rendered":"<p class=\"paragraph text_align_left lp-f-body-02\">Une action secr\u00e8te men\u00e9e en plein milieu de la nuit. L\u2019actrice am\u00e9ricaine <a href=\"https:\/\/www.leparisien.fr\/culture-loisirs\/series\/lactrice-sydney-sweeney-lance-son-propre-savon-fabrique-a-partir-de-leau-usagee-de-son-bain-30-05-2025-SDGHF7TO3RGQRMDU6JMP2OJRUI.php\" target=\"_blank\" rel=\"noreferrer noopener\">Sydney Sweeney<\/a>, accompagn\u00e9e de plusieurs complices, s\u2019est rendue sur le tr\u00e8s c\u00e9l\u00e8bre \u00ab Hollywood sign \u00bb pour l\u2019enguirlander de soutiens-gorge.<\/p>\n<p class=\"\">Une action surprenante men\u00e9e pour promouvoir sa nouvelle marque de lingerie \u00ab Syrn \u00bb. <a href=\"https:\/\/www.leparisien.fr\/culture-loisirs\/cinema\/la-femme-de-menage-arrive-au-cinema-que-vaut-le-film-adapte-du-livre-phenomene-24-12-2025-RRSVB5KQ2NBRNK5OKE3R2JI6TI.php\" target=\"_blank\" rel=\"noreferrer noopener\">La star du film \u00ab La Femme de M\u00e9nage \u00bb<\/a>, qui cartonne actuellement dans les salles, a publi\u00e9 une vid\u00e9o de l\u2019op\u00e9ration sur son compte Instagram dans laquelle on la voit, avec une \u00e9quipe, charger un van de lingerie avant de grimper dans les collines de Hollywood. Apr\u00e8s avoir d\u00e9coup\u00e9 le grillage entourant le monument, l\u2019\u00e9quipe a accroch\u00e9 des dizaines de soutiens-gorge reli\u00e9s entre eux sur les c\u00e9l\u00e8bres lettres du panneau.<\/p>\n<p class=\"\">Une action r\u00e9alis\u00e9e en pleine nuit qui pourrait avoir des cons\u00e9quences. En effet, la Chambre de commerce de Hollywood a indiqu\u00e9 au <a href=\"https:\/\/www.latimes.com\/entertainment-arts\/story\/2026-01-26\/sydney-sweeney-hollywood-sign-bras-permission-chamber-commerce\" target=\"_blank\" rel=\"noreferrer noopener\">Los Angeles Times<\/a> que ce coup de pub n\u2019\u00e9tait pas autoris\u00e9. Ni la chambre ni l\u2019association Hollywood Sign Trust n\u2019\u00e9taient au courant de cette action de l\u2019actrice avant de visionner la vid\u00e9o.<\/p>\n<p class=\"\">\u00ab Toute personne souhaitant utiliser ou acc\u00e9der au <a href=\"https:\/\/www.leparisien.fr\/jo-paris-2024\/ceremonie-de-cloture-des-jo-le-celebre-panneau-hollywood-se-pare-des-anneaux-olympiques-12-08-2024-PLDUXVFOZRDN5LPHHWPP4S7OXY.php\" target=\"_blank\" rel=\"noreferrer noopener\">panneau Hollywood<\/a> \u00e0 des fins commerciales doit obtenir une licence ou une autorisation de la Chambre de commerce de Hollywood \u00bb, a d\u00e9clar\u00e9 Steve Nissen, directeur de la Chambre, dans un communiqu\u00e9.<\/p>\n<p>Aucune plainte n\u2019a \u00e9t\u00e9 d\u00e9pos\u00e9e<\/p>\n<p class=\"\">Steve Nissen a ajout\u00e9 que l\u2019organisation \u00ab n\u2019avait accord\u00e9 aucune licence ni autorisation d\u2019aucune sorte \u00e0 la production\u2026 et personne n\u2019avait non plus sollicit\u00e9 de licence ou d\u2019autorisation aupr\u00e8s de la Chambre pour cette production. \u00bb Pour l\u2019instant, aucun rapport d\u2019intrusion n\u2019a \u00e9t\u00e9 d\u00e9pos\u00e9, pr\u00e9cise l\u2019agent de police Tony Im du LAPD.<\/p>\n<p class=\"\">En f\u00e9vrier 2025, un homme avait \u00e9t\u00e9 arr\u00eat\u00e9 et plac\u00e9 en garde \u00e0 vue apr\u00e8s avoir escalad\u00e9 la lettre D dans le cadre d\u2019une promotion sur les r\u00e9seaux sociaux.<\/p>\n<p class=\"\">Ce n\u2019est pas la premi\u00e8re fois que la star d\u2019\u00ab Euphoria \u00bb fait parler d\u2019elle \u00e0 cause d\u2019une publicit\u00e9. L\u2019\u00e9t\u00e9 dernier, elle avait particip\u00e9 \u00e0 une campagne publicitaire pour la marque de jeans <a href=\"https:\/\/www.leparisien.fr\/video\/video-american-eagle-mise-sur-sydney-sweeney-pour-reconquerir-lamerique-de-trump-01-08-2025-X3NDEJUOHZAYTNR42P6VG7J3IE.php\" target=\"_blank\" rel=\"noreferrer noopener\">American Eagle<\/a>, dont le slogan avait fait pol\u00e9mique, certains accusant la marque de promouvoir des th\u00e9ories eug\u00e9nistes li\u00e9es aux supr\u00e9macistes blancs.<\/p>\n<p class=\"\">Cette campagne avait d\u00e9clench\u00e9 une v\u00e9ritable vague de critiques sur les r\u00e9seaux sociaux avec de nombreuses personnes accusant American Eagle de glorifier les origines blanches de l\u2019actrice.<\/p>\n","protected":false},"excerpt":{"rendered":"Une action secr\u00e8te men\u00e9e en plein milieu de la nuit. L\u2019actrice am\u00e9ricaine Sydney Sweeney, accompagn\u00e9e de plusieurs complices,&hellip;\n","protected":false},"author":2,"featured_media":693083,"comment_status":"","ping_status":"","sticky":false,"template":"","format":"standard","meta":{"footnotes":""},"categories":[8],"tags":[650,872,58,59,1011,27],"class_list":{"0":"post-693082","1":"post","2":"type-post","3":"status-publish","4":"format-standard","5":"has-post-thumbnail","7":"category-divertissement","8":"tag-cinema","9":"tag-culture-et-loisirs","10":"tag-divertissement","11":"tag-entertainment","12":"tag-fr","13":"tag-france"},"share_on_mastodon":{"url":"https:\/\/pubeurope.com\/@fr\/115968006201741224","error":""},"_links":{"self":[{"href":"https:\/\/www.europesays.com\/fr\/wp-json\/wp\/v2\/posts\/693082","targetHints":{"allow":["GET"]}}],"collection":[{"href":"https:\/\/www.europesays.com\/fr\/wp-json\/wp\/v2\/posts"}],"about":[{"href":"https:\/\/www.europesays.com\/fr\/wp-json\/wp\/v2\/types\/post"}],"author":[{"embeddable":true,"href":"https:\/\/www.europesays.com\/fr\/wp-json\/wp\/v2\/users\/2"}],"replies":[{"embeddable":true,"href":"https:\/\/www.europesays.com\/fr\/wp-json\/wp\/v2\/comments?post=693082"}],"version-history":[{"count":0,"href":"https:\/\/www.europesays.com\/fr\/wp-json\/wp\/v2\/posts\/693082\/revisions"}],"wp:featuredmedia":[{"embeddable":true,"href":"https:\/\/www.europesays.com\/fr\/wp-json\/wp\/v2\/media\/693083"}],"wp:attachment":[{"href":"https:\/\/www.europesays.com\/fr\/wp-json\/wp\/v2\/media?parent=693082"}],"wp:term":[{"taxonomy":"category","embeddable":true,"href":"https:\/\/www.europesays.com\/fr\/wp-json\/wp\/v2\/categories?post=693082"},{"taxonomy":"post_tag","embeddable":true,"href":"https:\/\/www.europesays.com\/fr\/wp-json\/wp\/v2\/tags?post=693082"}],"curies":[{"name":"wp","href":"https:\/\/api.w.org\/{rel}","templated":true}]}}