{"id":693130,"date":"2026-01-27T16:53:36","date_gmt":"2026-01-27T16:53:36","guid":{"rendered":"https:\/\/www.europesays.com\/fr\/693130\/"},"modified":"2026-01-27T16:53:36","modified_gmt":"2026-01-27T16:53:36","slug":"podcast-fc-nantes-la-claque-nicoise-la-colere-du-public-et-lavenir-de-kantari-dans-sans","status":"publish","type":"post","link":"https:\/\/www.europesays.com\/fr\/693130\/","title":{"rendered":"PODCAST. FC Nantes\u00a0: la claque ni\u00e7oise, la col\u00e8re du public et l\u2019avenir de Kantari dans Sans"},"content":{"rendered":"<p>Un naufrage de plus pour les Canaris cette saison avec <a href=\"https:\/\/nantes.maville.com\/sport\/detail_-loire-atlantique-fc-nantes-ogc-nice.-silence-on-coule-nouvel-episode-_8-7161458_actu.Htm\" target=\"_self\" rel=\"noopener\">cette d\u00e9route\u00a0(1-4), dimanche, \u00e0 la Beaujoire, face \u00e0 Nice<\/a>. Comment expliquer cette nouvelle d\u00e9sillusion \u00e0 domicile, entre attentisme, faillite collective et caract\u00e8re absent\u00a0? Avec une entame rat\u00e9e bien s\u00fbr, comme contre le Paris FC il y a dix jours. On va essayer de comprendre les choix de <a href=\"https:\/\/nantes.maville.com\/sport\/detail_-fc-nantes-ogc-nice.-les-supporters-ont-le-droit-et-ont-raison-d-etre-en-colere-avoue-ahmed-kantari-_8-7160784_actu.Htm\" target=\"_self\" rel=\"noopener\">l\u2019entra\u00eeneur Ahmed Kantari<\/a>, la f\u00e9brilit\u00e9 d\u00e9fensive et les bienfaits du stage \u00e0 Cadix en Espagne la semaine derni\u00e8re.<\/p>\n<\/p>\n<p>La col\u00e8re gronde en tribune\u00a0: \u00ab\u00a0Casse-toi Waldemar, prends ton fils avec toi\u00a0\u00bb chant\u00e9 par La Beaujoire, les banderoles, quelques d\u00e9bordements en bas de tribune Loire, la musique du Kita Circus\u00a0etc. Le divorce avec les supporters est-il d\u00e9finitif\u00a0? Qu\u2019en pensent les joueurs et le coach Kantari\u00a0?<\/p>\n<p>Et maintenant que fait-on\u00a0? Un nouveau changement de coach est-il possible\u00a0? Un panic-buy acc\u00e9l\u00e9r\u00e9 dans les derni\u00e8res heures du mercato\u00a0? La situation au classement est-elle irr\u00e9versible, avec un championnat \u00e0 trois pour la place de barragiste\u00a0? Comment aborder le match \u00e0 Lorient samedi face \u00e0 des Merlus qui vont beaucoup mieux\u2026<\/p>\n<p>Tous les mardis \u00e0 17\u00a0h<\/p>\n<p>Le concept de ce podcast 100\u00a0% FC Nantes\u00a0? Quatre journalistes sportifs nantais\u00a0(Hit West, Ouest-France et Presse Oc\u00e9an, sans oublier des invit\u00e9s VIP) derri\u00e8re un micro pour d\u00e9battre de l\u2019actualit\u00e9 du FC Nantes. \u00c0 la rentr\u00e9e, une \u00e9mission audio propos\u00e9e chaque mardi \u00e0 partir de 17\u00a0h sur le site de Ouest-France et les diff\u00e9rentes plateformes d\u2019h\u00e9bergement de podcasts\u00a0(Spotify, Apple Podcast, Deezer,\u00a0etc.).<\/p>\n<p><strong>Lire aussi<\/strong>\u00a0: <a href=\"https:\/\/nantes.maville.com\/sport\/detail_-loire-atlantique-fc-nantes.-pourquoi-la-situation-est-bien-plus-grave-que-les-saisons-passees-_8-7163275_actu.Htm\" target=\"_self\" rel=\"noopener\">Pourquoi la situation est bien plus grave que les saisons pass\u00e9es<\/a><\/p>\n<p>\u00a0<\/p>\n","protected":false},"excerpt":{"rendered":"Un naufrage de plus pour les Canaris cette saison avec cette d\u00e9route\u00a0(1-4), dimanche, \u00e0 la Beaujoire, face \u00e0&hellip;\n","protected":false},"author":2,"featured_media":693131,"comment_status":"","ping_status":"","sticky":false,"template":"","format":"standard","meta":{"footnotes":""},"categories":[2818],"tags":[1111,11,3809,1465,1777,674,63,1011,27,1792,1922,766,12,2636,25,479,517,1470],"class_list":{"0":"post-693130","1":"post","2":"type-post","3":"status-publish","4":"format-standard","5":"has-post-thumbnail","7":"category-nantes","8":"tag-actu","9":"tag-actualites","10":"tag-ball","11":"tag-basket","12":"tag-eu","13":"tag-europe","14":"tag-football","15":"tag-fr","16":"tag-france","17":"tag-handball","18":"tag-info","19":"tag-nantes","20":"tag-news","21":"tag-pays-de-la-loire","22":"tag-republique-francaise","23":"tag-rugby","24":"tag-sport","25":"tag-volley"},"share_on_mastodon":{"url":"https:\/\/pubeurope.com\/@fr\/115968108435564282","error":""},"_links":{"self":[{"href":"https:\/\/www.europesays.com\/fr\/wp-json\/wp\/v2\/posts\/693130","targetHints":{"allow":["GET"]}}],"collection":[{"href":"https:\/\/www.europesays.com\/fr\/wp-json\/wp\/v2\/posts"}],"about":[{"href":"https:\/\/www.europesays.com\/fr\/wp-json\/wp\/v2\/types\/post"}],"author":[{"embeddable":true,"href":"https:\/\/www.europesays.com\/fr\/wp-json\/wp\/v2\/users\/2"}],"replies":[{"embeddable":true,"href":"https:\/\/www.europesays.com\/fr\/wp-json\/wp\/v2\/comments?post=693130"}],"version-history":[{"count":0,"href":"https:\/\/www.europesays.com\/fr\/wp-json\/wp\/v2\/posts\/693130\/revisions"}],"wp:featuredmedia":[{"embeddable":true,"href":"https:\/\/www.europesays.com\/fr\/wp-json\/wp\/v2\/media\/693131"}],"wp:attachment":[{"href":"https:\/\/www.europesays.com\/fr\/wp-json\/wp\/v2\/media?parent=693130"}],"wp:term":[{"taxonomy":"category","embeddable":true,"href":"https:\/\/www.europesays.com\/fr\/wp-json\/wp\/v2\/categories?post=693130"},{"taxonomy":"post_tag","embeddable":true,"href":"https:\/\/www.europesays.com\/fr\/wp-json\/wp\/v2\/tags?post=693130"}],"curies":[{"name":"wp","href":"https:\/\/api.w.org\/{rel}","templated":true}]}}