{"id":693163,"date":"2026-01-27T17:13:15","date_gmt":"2026-01-27T17:13:15","guid":{"rendered":"https:\/\/www.europesays.com\/fr\/693163\/"},"modified":"2026-01-27T17:13:15","modified_gmt":"2026-01-27T17:13:15","slug":"adecco-acquiert-advantis-medical-staffing-pour-se-renforcer-dans-la-sante-aux-usa","status":"publish","type":"post","link":"https:\/\/www.europesays.com\/fr\/693163\/","title":{"rendered":"Adecco acquiert Advantis Medical Staffing pour se renforcer dans la sant\u00e9 aux USA"},"content":{"rendered":"<p>\n                            Adecco a annonc\u00e9 mardi le rachat d&rsquo;Advantis Medical Staffing, un groupe am\u00e9ricain sp\u00e9cialis\u00e9 dans le recrutement des professionnels de sant\u00e9, une op\u00e9ration destin\u00e9e \u00e0 lui permettre de se renforcer sur l&rsquo;un des segments les plus dynamiques du march\u00e9 du travail \u00e0 l&rsquo;heure actuelle aux Etats-Unis.\n                    <\/p>\n<p>                    Bas\u00e9e \u00e0 Dallas (Texas), Advantis Medical Staffing aide les h\u00f4pitaux et cliniques \u00e0 trouver du personnel de sant\u00e9, essentiellement des infirmiers appel\u00e9s \u00e0 travailler temporairement dans diff\u00e9rents \u00e9tablissements \u00e0 travers les Etats-Unis ou certains techniciens recherch\u00e9s dans des domaines comme la radiologie ou la physioth\u00e9rapie.<\/p>\n<p>Pr\u00e9sente dans 50 Etats am\u00e9ricains, la soci\u00e9t\u00e9 dit avoir d\u00e9velopp\u00e9 une technologie bas\u00e9e sur l&rsquo;IA qui lui permet d&rsquo;acc\u00e9l\u00e9rer et d&rsquo;optimiser ses processus de recrutement, tout en offrant un service personnalis\u00e9 aux \u00e9tablissements clients.<\/p>\n<p>\u00ab\u00a0Il s&rsquo;agit d&rsquo;une \u00e9tape essentielle en vue de faire progresser notre strat\u00e9gie dans le domaine de la sant\u00e9 et de renforcer notre position sur l&rsquo;un des secteurs les plus vastes et les importants du march\u00e9 du travail\u00a0\u00bb, a soulign\u00e9 Geno Cutolo, le pr\u00e9sident d&rsquo;Adecco Am\u00e9rique du Nord.<\/p>\n<p>Avec 21 000 emplois cr\u00e9\u00e9s aux Etats-Unis en d\u00e9cembre, dont 16 000 rien que dans les h\u00f4pitaux, le secteur de la sant\u00e9 est actuellement le deuxi\u00e8me plus fort contributeur en termes de cr\u00e9ations de postes outre-Atlantique, derri\u00e8re celui de la restauration et des d\u00e9bits de boisson (+50 000 nouveaux jobs en d\u00e9cembre).<\/p>\n<p>Les termes financiers de l&rsquo;acquisition n&rsquo;ont pas \u00e9t\u00e9 d\u00e9voil\u00e9s.<\/p>\n<p>L&rsquo;action Adecco c\u00e9dait 1,8% mardi en fin d&rsquo;apr\u00e8s-midi \u00e0 la Bourse de Zurich.<\/p>\n","protected":false},"excerpt":{"rendered":"Adecco a annonc\u00e9 mardi le rachat d&rsquo;Advantis Medical Staffing, un groupe am\u00e9ricain sp\u00e9cialis\u00e9 dans le recrutement des professionnels&hellip;\n","protected":false},"author":2,"featured_media":693164,"comment_status":"","ping_status":"","sticky":false,"template":"","format":"standard","meta":{"footnotes":""},"categories":[1589],"tags":[11,340,73,1866,12,1864,1865,1863,308],"class_list":{"0":"post-693163","1":"post","2":"type-post","3":"status-publish","4":"format-standard","5":"has-post-thumbnail","7":"category-etats-unis","8":"tag-actualites","9":"tag-bourse","10":"tag-etats-unis","11":"tag-etats-unis-damerique","12":"tag-news","13":"tag-united-states","14":"tag-united-states-of-america","15":"tag-us","16":"tag-usa"},"share_on_mastodon":{"url":"https:\/\/pubeurope.com\/@fr\/115968187011093262","error":""},"_links":{"self":[{"href":"https:\/\/www.europesays.com\/fr\/wp-json\/wp\/v2\/posts\/693163","targetHints":{"allow":["GET"]}}],"collection":[{"href":"https:\/\/www.europesays.com\/fr\/wp-json\/wp\/v2\/posts"}],"about":[{"href":"https:\/\/www.europesays.com\/fr\/wp-json\/wp\/v2\/types\/post"}],"author":[{"embeddable":true,"href":"https:\/\/www.europesays.com\/fr\/wp-json\/wp\/v2\/users\/2"}],"replies":[{"embeddable":true,"href":"https:\/\/www.europesays.com\/fr\/wp-json\/wp\/v2\/comments?post=693163"}],"version-history":[{"count":0,"href":"https:\/\/www.europesays.com\/fr\/wp-json\/wp\/v2\/posts\/693163\/revisions"}],"wp:featuredmedia":[{"embeddable":true,"href":"https:\/\/www.europesays.com\/fr\/wp-json\/wp\/v2\/media\/693164"}],"wp:attachment":[{"href":"https:\/\/www.europesays.com\/fr\/wp-json\/wp\/v2\/media?parent=693163"}],"wp:term":[{"taxonomy":"category","embeddable":true,"href":"https:\/\/www.europesays.com\/fr\/wp-json\/wp\/v2\/categories?post=693163"},{"taxonomy":"post_tag","embeddable":true,"href":"https:\/\/www.europesays.com\/fr\/wp-json\/wp\/v2\/tags?post=693163"}],"curies":[{"name":"wp","href":"https:\/\/api.w.org\/{rel}","templated":true}]}}