{"id":693204,"date":"2026-01-27T17:41:17","date_gmt":"2026-01-27T17:41:17","guid":{"rendered":"https:\/\/www.europesays.com\/fr\/693204\/"},"modified":"2026-01-27T17:41:17","modified_gmt":"2026-01-27T17:41:17","slug":"auchan-veut-vendre-91-supermarches-a-intermarche-les-salaries-sous-le-choc-27-01-2026-a-1834","status":"publish","type":"post","link":"https:\/\/www.europesays.com\/fr\/693204\/","title":{"rendered":"Auchan veut vendre 91 supermarch\u00e9s \u00e0 Intermarch\u00e9, les salari\u00e9s sous le \u00ab\u00a0choc\u00a0\u00bb &#8211; 27\/01\/2026 \u00e0 18:34"},"content":{"rendered":"<p>        <img decoding=\"async\" src=\"https:\/\/www.europesays.com\/fr\/wp-content\/uploads\/2026\/01\/2edb1146918f10f620f087c88800da94-760x507.jpg\" alt=\"Auchan, qui souhaite se concentrer sur ses hypermarch\u00e9s, entend proposer \u00e0 la vente 91 supermarch\u00e9s au Groupement Mousquetaires (Intermarch\u00e9) ( AFP \/ Jean-Christophe VERHAEGEN )\" loading=\"eager\" fetchpriority=\"high\" width=\"760\" height=\"507\" style=\"max-width: 100%!important; height: auto;\"\/><\/p>\n<p class=\"c-image-news__legend\">Auchan, qui souhaite se concentrer sur ses hypermarch\u00e9s, entend proposer \u00e0 la vente 91 supermarch\u00e9s au Groupement Mousquetaires (Intermarch\u00e9) ( AFP \/ Jean-Christophe VERHAEGEN )<\/p>\n<p>\n Nouveau \u00ab\u00a0choc\u00a0\u00bb pour les salari\u00e9s d&rsquo;Auchan: le distributeur nordiste, qui souhaite se concentrer sur ses hypermarch\u00e9s, envisage de vendre 91 supermarch\u00e9s au groupement Mousquetaires (Intermarch\u00e9, Netto), un revirement d\u00e9nonc\u00e9 par les syndicats.\n<\/p>\n<p>\n En grande difficult\u00e9, le groupe de la famille Mulliez avait d\u00e9voil\u00e9 en novembre son projet de basculer ses supermarch\u00e9s, en franchise, via une nouvelle entit\u00e9 juridique dont il resterait propri\u00e9taire, sous banni\u00e8re Intermarch\u00e9 ou Netto.\n<\/p>\n<p>\n Plus de 260 magasins d\u00e9tenus en propre \u00e9taient initialement concern\u00e9s, auxquels s&rsquo;ajoutent une trentaine de franchis\u00e9s Auchan, \u00e9galement incit\u00e9s \u00e0 changer d&rsquo;enseigne.\n<\/p>\n<p>\n \u00ab\u00a0Les fonds de commerce, l&rsquo;immobilier restent propri\u00e9t\u00e9s d&rsquo;Auchan, les salari\u00e9s restent des salari\u00e9s d&rsquo;Auchan, et on travaillera sous enseigne Intermarch\u00e9, qui nous livrera les marchandises, la politique commerciale, le concept magasin\u00a0\u00bb, avait alors expliqu\u00e9 \u00e0 la presse Guillaume Darrasse, directeur g\u00e9n\u00e9ral d&rsquo;Auchan Retail.\n<\/p>\n<p>\n Finalement, ce mod\u00e8le ne s&rsquo;appliquera qu&rsquo;\u00e0 164 de ces supermarch\u00e9s int\u00e9gr\u00e9s \u00ab\u00a0\u00e0 l&rsquo;horizon avril 2027\u00a0\u00bb, a annonc\u00e9 le groupe mardi dans un communiqu\u00e9.\n<\/p>\n<p>\n Les 91 restants, \u00ab\u00a0de par leur situation g\u00e9ographique ou \u00e9conomique\u00a0\u00bb, seront \u00ab\u00a0propos\u00e9s \u00e0 la cession au Groupement Mousquetaires\u00a0\u00bb, dont les adh\u00e9rents peuvent se positionner jusqu&rsquo;\u00e0 avril 2026, est-il pr\u00e9cis\u00e9.\n<\/p>\n<p>\n Une quarantaine de ces magasins se trouvent dans les r\u00e9gions Auvergne-Rh\u00f4nes-Alpes et Provence-Alpes-C\u00f4te d&rsquo;Azur, selon la liste d\u00e9taill\u00e9e transmise par Auchan.\n<\/p>\n<p>\n Le distributeur conserverait par ailleurs 11 supermarch\u00e9s, essentiellement franciliens, dans son p\u00e9rim\u00e8tre, \u00ab\u00a0sous d&rsquo;autres formats\u00a0\u00bb non d\u00e9taill\u00e9s.\n<\/p>\n<p> &#8211; \u00ab\u00a0D\u00e9saveu\u00a0\u00bb &#8211;<\/p>\n<p>\n \u00ab\u00a0C&rsquo;est encore un choc\u00a0\u00bb, a d\u00e9plor\u00e9 aupr\u00e8s de l&rsquo;AFP Franck Martinaud, d\u00e9l\u00e9gu\u00e9 syndical retail FO d&rsquo;Auchan France, en marge d&rsquo;un CSE (comit\u00e9 social et \u00e9conomique) organis\u00e9 mardi.\n<\/p>\n<p>        <img decoding=\"async\" src=\"https:\/\/www.europesays.com\/fr\/wp-content\/uploads\/2026\/01\/78059b856314ada1a748438fc8a4b28f-760x506.jpg\" alt=\"Un hypermarch\u00e9 Auchan \u00e0 Villeneuve-d'Ascq, dans le Nord, le 5 novembre 2024 ( AFP \/ Sameer Al-DOUMY )\" loading=\"eager\" fetchpriority=\"high\" width=\"760\" height=\"506\" style=\"max-width: 100%!important; height: auto;\"\/><\/p>\n<p class=\"c-image-news__legend\">Un hypermarch\u00e9 Auchan \u00e0 Villeneuve-d&rsquo;Ascq, dans le Nord, le 5 novembre 2024 ( AFP \/ Sameer Al-DOUMY )<\/p>\n<p>\n Les nouvelles annonces \u00ab\u00a0sont encore pires\u00a0\u00bb que celles de novembre, a-t-il estim\u00e9. A l&rsquo;\u00e9poque, Guillaume Darrasse a soulign\u00e9 lors de plusieurs apparitions m\u00e9diatiques \u00ab\u00a0qu&rsquo;il ne s&rsquo;agissait pas d&rsquo;une vente\u00a0\u00bb, rappelle le syndicaliste. Or pour lui, \u00ab\u00a0c&rsquo;est un rachat d&rsquo;Auchan par Intermarch\u00e9 qui ne dit pas son nom\u00a0\u00bb.\n<\/p>\n<p>\n \u00ab\u00a0Tout d&rsquo;un coup, l&rsquo;annonce change totalement\u00a0\u00bb, a abond\u00e9 Ren\u00e9 Carette, d\u00e9l\u00e9gu\u00e9 syndical central CFDT Auchan. La direction \u00ab\u00a0brode beaucoup\u00a0\u00bb dans ses r\u00e9ponses, ce qui emp\u00eache pour l&rsquo;instant les syndicats, qui n&rsquo;ont \u00ab\u00a0plus confiance\u00a0\u00bb en elle, d&rsquo;y voir clair, selon M. Carette.\n<\/p>\n<p>\n Il y voit cependant \u00ab\u00a0un d\u00e9saveu\u00a0\u00bb pour la direction, \u00ab\u00a0la preuve que nos dirigeants ne croient plus en l&rsquo;enseigne Auchan\u00a0\u00bb.\n<\/p>\n<p>        <img decoding=\"async\" src=\"https:\/\/www.europesays.com\/fr\/wp-content\/uploads\/2026\/01\/887a9084c26189d3b98a3b93f3d6d5e4-760x507.jpg\" alt=\"Un employ\u00e9 installe des produits en rayon, le 5 septembre 2025 dans un magasin Intermarch\u00e9 \u00e0 Paris ( AFP \/ STEPHANE DE SAKUTIN )\" loading=\"eager\" fetchpriority=\"high\" width=\"760\" height=\"507\" style=\"max-width: 100%!important; height: auto;\"\/><\/p>\n<p class=\"c-image-news__legend\">Un employ\u00e9 installe des produits en rayon, le 5 septembre 2025 dans un magasin Intermarch\u00e9 \u00e0 Paris ( AFP \/ STEPHANE DE SAKUTIN )<\/p>\n<p>\n D&rsquo;apr\u00e8s Franck Martinaud, les supermarch\u00e9s Auchan repr\u00e9sentent au total 11.700 salari\u00e9s. \u00ab\u00a0Ce sont encore des hommes et des femmes sacrifi\u00e9s\u00a0\u00bb, regrette-t-il.\n<\/p>\n<p>\n Que leur magasin soit vendu ou passe en franchise, ils perdront beaucoup \u00ab\u00a0en termes de pouvoir d&rsquo;achat et d&rsquo;acquis sociaux\u00a0\u00bb, confirme M. Carette.\n<\/p>\n<p>\n M\u00eame pour les franchis\u00e9s, \u00ab\u00a0aucune d\u00e9cision importante ne pourra \u00eatre prise sans l&rsquo;aval d&rsquo;Intermarch\u00e9\u00a0\u00bb, relate M. Martinaud.\n<\/p>\n<p> &#8211; \u00ab\u00a0Malade\u00a0\u00bb &#8211;<\/p>\n<p>\n Dans un communiqu\u00e9, la F\u00e9d\u00e9ration CGT Commerce et Services a d\u00e9nonc\u00e9 \u00ab\u00a0un nouveau carnage social\u00a0\u00bb, exigeant des \u00ab\u00a0garanties imm\u00e9diates\u00a0\u00bb notamment sur l&#8217;emploi et les salaires.\n<\/p>\n<p>\n Le projet est soumis \u00e0 la consultation des instances repr\u00e9sentatives du personnel, ouverte mardi, et doit \u00eatre autoris\u00e9 par l&rsquo;Autorit\u00e9 de la concurrence.\n<\/p>\n<p>\n Il doit aider Auchan \u00e0 baisser les prix dans ses supermarch\u00e9s, de 6 \u00e0 8% selon une source proche du dossier, tout en continuant le \u00ab\u00a0travail\u00a0\u00bb sur sa centaine d&rsquo;hypermarch\u00e9s.\n<\/p>\n<p>\n Ce deal \u00ab\u00a0gagnant-gagnant\u00a0\u00bb pourrait \u00ab\u00a0nous permettre d&rsquo;\u00e9tendre notre emprise sur le march\u00e9 fran\u00e7ais\u00a0\u00bb, s&rsquo;\u00e9tait de son c\u00f4t\u00e9 f\u00e9licit\u00e9 le patron des Mousquetaires, Thierry Cotillard, en novembre.\n<\/p>\n<p>\n Les supermarch\u00e9s Auchan repr\u00e9sentent deux points de part de march\u00e9, et les Mousquetaires visent 20% en 2028, contre 17,7% en octobre, selon Kantar Worldpanel.\n<\/p>\n<p>\n Auchan, 5e distributeur derri\u00e8re E. Leclerc,<br \/>\n <a href=\"https:\/\/www.boursorama.com\/cours\/1rPCA\/\" target=\"_blank\" rel=\"noopener\"><br \/>\n  Carrefour<br \/>\n <\/a><br \/>\n , Intermarch\u00e9 et Coop\u00e9rative U, souffre depuis des ann\u00e9es de la concurrence des groupements ind\u00e9pendants, o\u00f9 les conditions sociales notamment sont g\u00e9n\u00e9ralement moins-disantes, et de son positionnement historiquement fort sur les hypermarch\u00e9s, moins en vogue.\n<\/p>\n<p>\n Le groupe a annonc\u00e9 en 2024 un plan de sauvegarde de l&#8217;emploi pr\u00e9voyant la suppression de pr\u00e8s de 2.400 postes, objet d&rsquo;une bataille judiciaire avec les syndicats.\n<\/p>\n<p>\n Il peine aussi \u00e0 dig\u00e9rer le rachat en 2024 d&rsquo;une centaine de magasins \u00e0 son concurrent en grande difficult\u00e9 Casino.\n<\/p>\n<p>\n Parmi les 91 supermarch\u00e9s propos\u00e9s \u00e0 la vente, qui concerne 3.000 salari\u00e9s, 41 ont \u00e9t\u00e9 repris au groupe Casino, rel\u00e8ve M. Carette: \u00ab\u00a0Un malade qui rach\u00e8te un mourant, ce n&rsquo;est pas possible\u00a0\u00bb.\n<\/p>\n<p>\n Sollicit\u00e9 mardi par l&rsquo;AFP, Intermarch\u00e9 n&rsquo;a pas comment\u00e9.<\/p>\n","protected":false},"excerpt":{"rendered":"Auchan, qui souhaite se concentrer sur ses hypermarch\u00e9s, entend proposer \u00e0 la vente 91 supermarch\u00e9s au Groupement Mousquetaires&hellip;\n","protected":false},"author":2,"featured_media":693205,"comment_status":"","ping_status":"","sticky":false,"template":"","format":"standard","meta":{"footnotes":""},"categories":[6],"tags":[400,398,408,35,405,33,34,1011,27,403,402,399,404,401,406,407],"class_list":{"0":"post-693204","1":"post","2":"type-post","3":"status-publish","4":"format-standard","5":"has-post-thumbnail","7":"category-economie","8":"tag-action-cac-40","9":"tag-bourse-de-paris","10":"tag-boursorama","11":"tag-business","12":"tag-cotations","13":"tag-economie","14":"tag-economy","15":"tag-fr","16":"tag-france","17":"tag-indices-devises","18":"tag-investir","19":"tag-investissement","20":"tag-marche-boursier","21":"tag-sicav","22":"tag-trackers","23":"tag-warrants"},"share_on_mastodon":{"url":"https:\/\/pubeurope.com\/@fr\/115968297257335962","error":""},"_links":{"self":[{"href":"https:\/\/www.europesays.com\/fr\/wp-json\/wp\/v2\/posts\/693204","targetHints":{"allow":["GET"]}}],"collection":[{"href":"https:\/\/www.europesays.com\/fr\/wp-json\/wp\/v2\/posts"}],"about":[{"href":"https:\/\/www.europesays.com\/fr\/wp-json\/wp\/v2\/types\/post"}],"author":[{"embeddable":true,"href":"https:\/\/www.europesays.com\/fr\/wp-json\/wp\/v2\/users\/2"}],"replies":[{"embeddable":true,"href":"https:\/\/www.europesays.com\/fr\/wp-json\/wp\/v2\/comments?post=693204"}],"version-history":[{"count":0,"href":"https:\/\/www.europesays.com\/fr\/wp-json\/wp\/v2\/posts\/693204\/revisions"}],"wp:featuredmedia":[{"embeddable":true,"href":"https:\/\/www.europesays.com\/fr\/wp-json\/wp\/v2\/media\/693205"}],"wp:attachment":[{"href":"https:\/\/www.europesays.com\/fr\/wp-json\/wp\/v2\/media?parent=693204"}],"wp:term":[{"taxonomy":"category","embeddable":true,"href":"https:\/\/www.europesays.com\/fr\/wp-json\/wp\/v2\/categories?post=693204"},{"taxonomy":"post_tag","embeddable":true,"href":"https:\/\/www.europesays.com\/fr\/wp-json\/wp\/v2\/tags?post=693204"}],"curies":[{"name":"wp","href":"https:\/\/api.w.org\/{rel}","templated":true}]}}