{"id":693228,"date":"2026-01-27T17:55:14","date_gmt":"2026-01-27T17:55:14","guid":{"rendered":"https:\/\/www.europesays.com\/fr\/693228\/"},"modified":"2026-01-27T17:55:14","modified_gmt":"2026-01-27T17:55:14","slug":"hakim-bendellaa-annonce-soutenir-amandine-demore","status":"publish","type":"post","link":"https:\/\/www.europesays.com\/fr\/693228\/","title":{"rendered":"Hakim Bendellaa annonce soutenir Amandine Demore"},"content":{"rendered":"<p>Il avait \u00e9t\u00e9 le can\u00addi\u00addat sur\u00adprise des <a href=\"https:\/\/www.placegrenet.fr\/2020\/02\/24\/hakim-bendellaa-candidat-aux-elections-municipales-pour-une-releve-citoyenne-a-echirolles\/531952\" target=\"_blank\" rel=\"noopener\">\u00e9lec\u00adtions muni\u00adci\u00adpales d\u2019\u00c9chirolles<\/a> en 2020. Hakim Bendellaa, 49 ans, fonc\u00adtion\u00adnaire ter\u00adri\u00adto\u00adrial sp\u00e9\u00adcia\u00adlis\u00e9 en envi\u00adron\u00adne\u00adment \u00e0 la <a href=\"https:\/\/www.grenoblealpesmetropole.fr\/\" target=\"_blank\" rel=\"noopener\">M\u00e9tropole de Grenoble<\/a> depuis plus de vingt ans, annonce sou\u00adte\u00adnir la can\u00addi\u00adda\u00adture de la maire sor\u00adtante Amandine Demore pour le scru\u00adtin de mars\u00a02026.<\/p>\n<p>L\u2019ancienne t\u00eate de liste La Rel\u00e8ve citoyenne a offi\u00adcia\u00adlis\u00e9 sa d\u00e9ci\u00adsion au mois de jan\u00advier, apr\u00e8s s\u2019\u00eatre accord\u00e9 le temps de la r\u00e9flexion.\u00a0Une annonce qui est aussi l\u2019oc\u00adca\u00adsion pour Hakim Bendellaa de reve\u00adnir sur l\u2019a\u00adven\u00adture de sa can\u00addi\u00adda\u00adture six ans plus\u00a0t\u00f4t.<\/p>\n<p>\u00ab\u00a0On n\u2019a\u00advait aucune exp\u00e9\u00adrience, aucun sou\u00adtien poli\u00adtique. Ce sont nos propres deniers qui ont fait qu\u2019on a pu se pr\u00e9\u00adsen\u00adter\u00a0\u00bb, se sou\u00advient-il.\u00a0R\u00e9sultat\u00a0? Un score de 4,5\u00a0% des suf\u00adfrages expri\u00adm\u00e9s. Et sur\u00adtout \u00ab\u00a0une tr\u00e8s tr\u00e8s belle exp\u00e9\u00adrience\u00a0\u00bb pour tous ceux qui ont port\u00e9 la liste. \u00ab\u00a0On est extr\u00ea\u00adme\u00adment fiers de ce qu\u2019on a fait\u00a0\u00bb, confie-t-il.<\/p>\n<p><a href=\"https:\/\/www.europesays.com\/fr\/wp-content\/uploads\/2026\/01\/DSC00314.jpg\" target=\"_blank\" rel=\"noopener\"><img fetchpriority=\"high\" decoding=\"async\" aria-describedby=\"caption-attachment-285012\" class=\"wp-image-285012 size-full\" src=\"data:image\/svg+xml,%3Csvg%20xmlns=\" http:=\"\" alt=\"En 2020, la liste de La Rel\u00e8ve citoyenne avait \u00e9t\u00e9 la surprise des municipales \u00e0 Echirolles. \u00a9 Thomas Courtade - Place Gre'net\" width=\"640\" height=\"480\" data-lazy- data-lazy- data-lazy-src=\"https:\/\/www.europesays.com\/fr\/wp-content\/uploads\/2026\/01\/DSC00314.jpg\"\/><\/a><\/p>\n<p id=\"caption-attachment-285012\" class=\"wp-caption-text\">En 2020, la liste de La Rel\u00e8ve citoyenne avait \u00e9t\u00e9 la sur\u00adprise des muni\u00adci\u00adpales \u00e0 Echirolles. \u00a9 Thomas Courtade \u2013 Place Gre\u2019net<\/p>\n<p>La Rel\u00e8ve citoyenne n\u2019a\u00advait donn\u00e9 aucune consigne de vote pour le second tour en 2020. Pourquoi son can\u00addi\u00addat sou\u00adtient-il aujourd\u2019\u00adhui Amandine Demore\u00a0? \u00ab\u00a0Il y a des choses qu\u2019on avait pro\u00adpo\u00ads\u00e9es et qui se sont r\u00e9a\u00adli\u00ads\u00e9es sous ce man\u00addat\u00a0\u00bb, juge-t-il. Et de citer la r\u00e9no\u00adva\u00adtion et v\u00e9g\u00e9\u00adta\u00adli\u00adsa\u00adtion de la cour de l\u2019\u00e9\u00adcole Marcel-David ou la <a href=\"https:\/\/www.placegrenet.fr\/2023\/03\/27\/echirolles-inaugure-ses-nouveaux-espaces-verts-un-verger-participatif-et-un-corridor-ecologique\/597840\" target=\"_blank\" rel=\"noopener\">cr\u00e9a\u00adtion d\u2019un ver\u00adger par\u00adti\u00adci\u00adpa\u00adtif<\/a> parc Picasso. \u00ab\u00a0C\u2019est par\u00adfait\u00a0! C\u2019est ce qu\u2019on pr\u00f4\u00adnait\u00a0!\u00a0\u00bb, se r\u00e9jouit Hakim Bendellaa.<\/p>\n","protected":false},"excerpt":{"rendered":"Il avait \u00e9t\u00e9 le can\u00addi\u00addat sur\u00adprise des \u00e9lec\u00adtions muni\u00adci\u00adpales d\u2019\u00c9chirolles en 2020. Hakim Bendellaa, 49 ans, fonc\u00adtion\u00adnaire ter\u00adri\u00adto\u00adrial&hellip;\n","protected":false},"author":2,"featured_media":693229,"comment_status":"","ping_status":"","sticky":false,"template":"","format":"standard","meta":{"footnotes":""},"categories":[9566],"tags":[1111,11,37573,2430,9852,4188,1777,674,1011,27,2731,78912,12,25],"class_list":{"0":"post-693228","1":"post","2":"type-post","3":"status-publish","4":"format-standard","5":"has-post-thumbnail","7":"category-grenoble","8":"tag-actu","9":"tag-actualites","10":"tag-amandine-demore","11":"tag-auvergne-rhone-alpes","12":"tag-echirolles","13":"tag-elections-municipales","14":"tag-eu","15":"tag-europe","16":"tag-fr","17":"tag-france","18":"tag-grenoble","19":"tag-hakim-bendellaa","20":"tag-news","21":"tag-republique-francaise"},"share_on_mastodon":{"url":"https:\/\/pubeurope.com\/@fr\/115968352202778769","error":""},"_links":{"self":[{"href":"https:\/\/www.europesays.com\/fr\/wp-json\/wp\/v2\/posts\/693228","targetHints":{"allow":["GET"]}}],"collection":[{"href":"https:\/\/www.europesays.com\/fr\/wp-json\/wp\/v2\/posts"}],"about":[{"href":"https:\/\/www.europesays.com\/fr\/wp-json\/wp\/v2\/types\/post"}],"author":[{"embeddable":true,"href":"https:\/\/www.europesays.com\/fr\/wp-json\/wp\/v2\/users\/2"}],"replies":[{"embeddable":true,"href":"https:\/\/www.europesays.com\/fr\/wp-json\/wp\/v2\/comments?post=693228"}],"version-history":[{"count":0,"href":"https:\/\/www.europesays.com\/fr\/wp-json\/wp\/v2\/posts\/693228\/revisions"}],"wp:featuredmedia":[{"embeddable":true,"href":"https:\/\/www.europesays.com\/fr\/wp-json\/wp\/v2\/media\/693229"}],"wp:attachment":[{"href":"https:\/\/www.europesays.com\/fr\/wp-json\/wp\/v2\/media?parent=693228"}],"wp:term":[{"taxonomy":"category","embeddable":true,"href":"https:\/\/www.europesays.com\/fr\/wp-json\/wp\/v2\/categories?post=693228"},{"taxonomy":"post_tag","embeddable":true,"href":"https:\/\/www.europesays.com\/fr\/wp-json\/wp\/v2\/tags?post=693228"}],"curies":[{"name":"wp","href":"https:\/\/api.w.org\/{rel}","templated":true}]}}