{"id":693275,"date":"2026-01-27T18:22:14","date_gmt":"2026-01-27T18:22:14","guid":{"rendered":"https:\/\/www.europesays.com\/fr\/693275\/"},"modified":"2026-01-27T18:22:14","modified_gmt":"2026-01-27T18:22:14","slug":"municipales-a-paris-dati-promet-de-rafraichir-et-apaiser-la-capitale-27-01-2026-a-1906","status":"publish","type":"post","link":"https:\/\/www.europesays.com\/fr\/693275\/","title":{"rendered":"Municipales \u00e0 Paris: Dati promet de \u00ab\u00a0rafra\u00eechir\u00a0\u00bb et \u00ab\u00a0apaiser\u00a0\u00bb la capitale &#8211; 27\/01\/2026 \u00e0 19:06"},"content":{"rendered":"<p>        <img decoding=\"async\" src=\"https:\/\/www.europesays.com\/fr\/wp-content\/uploads\/2026\/01\/1b08e1d65beb2dd62be227cc25755fa2-760x507.jpg\" alt=\"Rachida Dati \u00e0 l'Assembl\u00e9e nationale le 10 d\u00e9cembre 2025 ( AFP \/ JULIEN DE ROSA )\" loading=\"eager\" fetchpriority=\"high\" width=\"760\" height=\"507\" style=\"max-width: 100%!important; height: auto;\"\/><\/p>\n<p class=\"c-image-news__legend\">Rachida Dati \u00e0 l&rsquo;Assembl\u00e9e nationale le 10 d\u00e9cembre 2025 ( AFP \/ JULIEN DE ROSA )<\/p>\n<p>\n Rachida Dati, candidate de droite \u00e0 la mairie de Paris, a d\u00e9voil\u00e9 mardi son programme pour l&rsquo;\u00e9cologie qui ambitionne de \u00ab\u00a0rafra\u00eechir\u00a0\u00bb et d'\u00a0\u00bbapaiser\u00a0\u00bb la capitale avec une v\u00e9g\u00e9talisation \u00ab\u00a0syst\u00e9matique\u00a0\u00bb, et de faire de la r\u00e9novation du b\u00e2ti le \u00ab\u00a0chantier du si\u00e8cle\u00a0\u00bb.\n<\/p>\n<p>\n Critiquant \u00ab\u00a0l&rsquo;\u00e9cologie de communication\u00a0\u00bb de la majorit\u00e9 sortante d&rsquo;Anne Hidalgo, elle veut mettre l&rsquo;arbre \u00ab\u00a0au centre\u00a0\u00bb d&rsquo;une \u00ab\u00a0politique de v\u00e9g\u00e9talisation syst\u00e9matique\u00a0\u00bb, en promettant de n&rsquo;abattre \u00ab\u00a0aucun des 200.000 arbres de Paris et 300.000 des bois, sauf exception motiv\u00e9e\u00a0\u00bb.\n<\/p>\n<p>\n \u00ab\u00a0Beaucoup d&rsquo;arbres sont morts et ont \u00e9t\u00e9 abattus par la politique des chantiers permanents\u00a0\u00bb de l&rsquo;actuelle \u00e9quipe municipale, regrette la candidate des LR et du MoDem dans un entretien au Parisien.\n<\/p>\n<p>\n Si elle est \u00e9lue en mars, Rachida Dati cr\u00e9era \u00ab\u00a0500 nouvelles bandes v\u00e9g\u00e9talis\u00e9es\u00a0\u00bb en privil\u00e9giant la \u00ab\u00a0plantation en pleine terre plut\u00f4t que des installations d&rsquo;affichage\u00a0\u00bb.\n<\/p>\n<p>\n La capitale compte actuellement 4.530 surfaces v\u00e9g\u00e9talis\u00e9es sur la voie publique, essentiellement sur des places de stationnement supprim\u00e9es, soit un doublement depuis 2020, selon la mairie.\n<\/p>\n<p>\n La ministre de la Culture et maire du 7e arrondissement esp\u00e8re \u00ab\u00a0gagner 3 degr\u00e9s dans les rues\u00a0\u00bb en \u00ab\u00a0d\u00e9bitumant\u00a0\u00bb Paris pour en faire une \u00ab\u00a0ville \u00e9ponge\u00a0\u00bb, \u00e0 l&rsquo;instar de ce que pr\u00e9voit le \u00ab\u00a0plan pluie\u00a0\u00bb adopt\u00e9 cet \u00e9t\u00e9 en Conseil de Paris.\n<\/p>\n<p>\n L&rsquo;avenue de la Grande Arm\u00e9e (ouest) sera \u00ab\u00a0largement v\u00e9g\u00e9talis\u00e9e et d\u00e9bitum\u00e9e\u00a0\u00bb avec des pav\u00e9s filtrants pour laisser passer l&rsquo;eau, d\u00e9taille le dossier de presse.\n<\/p>\n<p>\n La place de la R\u00e9publique (est), aujourd&rsquo;hui \u00ab\u00a0enti\u00e8rement bitum\u00e9e\u00a0\u00bb, \u00ab\u00a0devra \u00eatre remise en chantier\u00a0\u00bb et v\u00e9g\u00e9talis\u00e9e par endroits, ajoute Rachida Dati qui voit dans le r\u00e9am\u00e9nagement de ce site \u00ab\u00a0le symbole de l&rsquo;\u00e9chec de la majorit\u00e9 sortante\u00a0\u00bb.\n<\/p>\n<p>\n Elle s&rsquo;engage \u00e0 faire de la r\u00e9novation thermique du b\u00e2ti le \u00ab\u00a0chantier du si\u00e8cle parisien\u00a0\u00bb, avec une exon\u00e9ration de la taxe fonci\u00e8re pendant cinq ans des logements qui sont sortis des \u00e9tiquettes G ou F. Cela r\u00e9pond \u00e0 une demande r\u00e9guli\u00e8rement d\u00e9fendue par des associations de propri\u00e9taires et certains professionnels immobiliers.\n<\/p>\n<p>\n La candidate promet aussi de r\u00e9nover 10.000 logements sociaux par an &#8211; le double de l&rsquo;objectif que s&rsquo;est fix\u00e9 la ville &#8211; en raccordant le quart des r\u00e9sidences aux r\u00e9seaux urbains de froid et de chaleur.\n<\/p>\n<p>\n Elle entend r\u00e9duire \u00ab\u00a0la moiti\u00e9 des nuisances sonores\u00a0\u00bb d&rsquo;ici 2032, avec un \u00ab\u00a0permis \u00e0 points\u00a0\u00bb pour les terrasses, pour atteindre \u00ab\u00a0un \u00e9quilibre entre le Paris festif et le droit au sommeil\u00a0\u00bb. Pour \u00ab\u00a0apaiser la circulation\u00a0\u00bb, des rev\u00eatements phoniques seront pos\u00e9s sur les art\u00e8res les plus fr\u00e9quent\u00e9es, y compris le boulevard p\u00e9riph\u00e9rique.\n<\/p>\n<p>\n Une \u00e9tude sur le passage \u00e0 50 km\/h sur cette autoroute urbaine sera par ailleurs lanc\u00e9e pour \u00e9valuer ses effets sur la pollution.\n<\/p>\n<p>\n Rachida Dati souhaite encourager les modes de d\u00e9placement \u00e0 faible empreinte \u00e9cologique, avec des aides \u00e0 l&rsquo;achat de v\u00e9hicules \u00e9lectriques, et pr\u00e9server la place du v\u00e9lo en \u00ab\u00a0renfor\u00e7ant et s\u00e9curisant les pistes cyclables sur les axes sous-dot\u00e9s, comme l&rsquo;axe nord-sud\u00a0\u00bb.<\/p>\n","protected":false},"excerpt":{"rendered":"Rachida Dati \u00e0 l&rsquo;Assembl\u00e9e nationale le 10 d\u00e9cembre 2025 ( AFP \/ JULIEN DE ROSA ) Rachida Dati,&hellip;\n","protected":false},"author":2,"featured_media":693276,"comment_status":"","ping_status":"","sticky":false,"template":"","format":"standard","meta":{"footnotes":""},"categories":[1888],"tags":[400,11,398,408,405,1777,674,1011,27,403,402,399,404,12,626,25,401,406,407],"class_list":{"0":"post-693275","1":"post","2":"type-post","3":"status-publish","4":"format-standard","5":"has-post-thumbnail","7":"category-paris","8":"tag-action-cac-40","9":"tag-actualites","10":"tag-bourse-de-paris","11":"tag-boursorama","12":"tag-cotations","13":"tag-eu","14":"tag-europe","15":"tag-fr","16":"tag-france","17":"tag-indices-devises","18":"tag-investir","19":"tag-investissement","20":"tag-marche-boursier","21":"tag-news","22":"tag-paris","23":"tag-republique-francaise","24":"tag-sicav","25":"tag-trackers","26":"tag-warrants"},"share_on_mastodon":{"url":"https:\/\/pubeurope.com\/@fr\/115968458455440234","error":""},"_links":{"self":[{"href":"https:\/\/www.europesays.com\/fr\/wp-json\/wp\/v2\/posts\/693275","targetHints":{"allow":["GET"]}}],"collection":[{"href":"https:\/\/www.europesays.com\/fr\/wp-json\/wp\/v2\/posts"}],"about":[{"href":"https:\/\/www.europesays.com\/fr\/wp-json\/wp\/v2\/types\/post"}],"author":[{"embeddable":true,"href":"https:\/\/www.europesays.com\/fr\/wp-json\/wp\/v2\/users\/2"}],"replies":[{"embeddable":true,"href":"https:\/\/www.europesays.com\/fr\/wp-json\/wp\/v2\/comments?post=693275"}],"version-history":[{"count":0,"href":"https:\/\/www.europesays.com\/fr\/wp-json\/wp\/v2\/posts\/693275\/revisions"}],"wp:featuredmedia":[{"embeddable":true,"href":"https:\/\/www.europesays.com\/fr\/wp-json\/wp\/v2\/media\/693276"}],"wp:attachment":[{"href":"https:\/\/www.europesays.com\/fr\/wp-json\/wp\/v2\/media?parent=693275"}],"wp:term":[{"taxonomy":"category","embeddable":true,"href":"https:\/\/www.europesays.com\/fr\/wp-json\/wp\/v2\/categories?post=693275"},{"taxonomy":"post_tag","embeddable":true,"href":"https:\/\/www.europesays.com\/fr\/wp-json\/wp\/v2\/tags?post=693275"}],"curies":[{"name":"wp","href":"https:\/\/api.w.org\/{rel}","templated":true}]}}