{"id":693316,"date":"2026-01-27T18:49:11","date_gmt":"2026-01-27T18:49:11","guid":{"rendered":"https:\/\/www.europesays.com\/fr\/693316\/"},"modified":"2026-01-27T18:49:11","modified_gmt":"2026-01-27T18:49:11","slug":"crash-pour-hadjar-a-barcelone-red-bull-et-ferrari-seules-en-piste","status":"publish","type":"post","link":"https:\/\/www.europesays.com\/fr\/693316\/","title":{"rendered":"Crash pour Hadjar \u00e0 Barcelone, Red Bull et Ferrari seules en piste"},"content":{"rendered":"<p>La pluie \u00e9tait attendue ce mardi \u00e0 Barcelone et elle est venue&#8230; plus t\u00f4t que pr\u00e9vu ! En effet, alors que beaucoup craignaient que le roulage de l&rsquo;apr\u00e8s-midi soit impact\u00e9, c&rsquo;est finalement la journ\u00e9e tout enti\u00e8re qui l&rsquo;a \u00e9t\u00e9, puisque la pluie s&rsquo;est mise \u00e0 tomber sur le trac\u00e9 de Barcelone apr\u00e8s une grosse heure et demie de roulage ce matin.<\/p>\n<p>Dans ces conditions, les \u00e9curies qui pouvaient h\u00e9siter \u00e0 aller en piste &#8211; <a href=\"https:\/\/fr.motorsport.com\/team\/mclaren\/609\/\" target=\"_blank\" rel=\"noopener\">McLaren<\/a> principalement &#8211; ont pr\u00e9f\u00e9r\u00e9 ne pas tenter le diable. Finalement, ce sont donc <a href=\"https:\/\/fr.motorsport.com\/team\/ferrari\/615\/\" target=\"_blank\" rel=\"noopener\">Ferrari<\/a> et <a href=\"https:\/\/fr.motorsport.com\/team\/red-bull\/553\/\" target=\"_blank\" rel=\"noopener\">Red Bull<\/a>, qui ont d\u00e9but\u00e9 leur journ\u00e9e sur le sec, qui ont eu la piste pour elles seules.<\/p>\n<p>Lire aussi :<\/p>\n<p><a href=\"https:\/\/fr.motorsport.com\/driver\/charles-leclerc\/109632\/\" target=\"_blank\" rel=\"noopener\">Charles Leclerc<\/a> et <a href=\"https:\/\/fr.motorsport.com\/driver\/max-verstappen\/93029\/\" target=\"_blank\" rel=\"noopener\">Max Verstappen<\/a> \u00e9taient pour la premi\u00e8re fois en piste lors de ces essais catalans, le N\u00e9erlandais se signalant apr\u00e8s un quart d&rsquo;heure par un petit hors piste qui allait provoquer un tr\u00e8s bref drapeau rouge. Apr\u00e8s un passage d&rsquo;une grosse demi-heure par les stands, le pilote Red Bull a retrouv\u00e9 le circuit.<\/p>\n<p>Les deux hommes ont ensuite accumul\u00e9 les tours avant l&rsquo;averse, qui a clairement mis un frein au roulage de\u00a0Verstappen mais n&rsquo;a pas d\u00e9courag\u00e9 Leclerc, qui a encha\u00een\u00e9 les tours, dans le but de v\u00e9rifier le maximum de choses sur la SF-26 avant la pause. Les temps &#8211; non officiels, anecdotiques et sur piste s\u00e8che &#8211; donneraient 1&rsquo;19&Prime;578 pour le quadruple champion du monde et 1&rsquo;20&Prime;844 pour le Mon\u00e9gasque.<\/p>\n<p>Hadjar s&rsquo;accidente dans la derni\u00e8re heure<\/p>\n<p>Apr\u00e8s la pause, les deux pilotes ont laiss\u00e9 leur baquet \u00e0 leur \u00e9quipier. <a href=\"https:\/\/fr.motorsport.com\/driver\/isack-hadjar\/876622\/\" target=\"_blank\" rel=\"noopener\">Isack Hadjar<\/a>, <a href=\"https:\/\/fr.motorsport.com\/f1\/news\/hadjar-barcelone-essais-hivernaux-audi-cadillac\/10793005\/\" target=\"_blank\" rel=\"noopener\">auteur du meilleur temps la veille<\/a>, retrouvait donc la RB22, alors que <a href=\"https:\/\/fr.motorsport.com\/driver\/lewis-hamilton\/76878\/\" target=\"_blank\" rel=\"noopener\">Lewis Hamilton<\/a> faisait \u00e0 son tour ses d\u00e9buts pour ces tests. La piste n&rsquo;\u00e9tant pas totalement s\u00e8che, ils ont d\u00fb se contenter d&rsquo;un roulage en pneus interm\u00e9diaires et pluie, d&rsquo;autant plus qu&rsquo;une nouvelle averse est arriv\u00e9e aux alentours de 15h20.<\/p>\n<p>Cela n&rsquo;a pas emp\u00each\u00e9 le septuple champion du monde et celui qui fut l&rsquo;un de ses grands fans d&rsquo;encha\u00eener les tours. Toutefois, dans la derni\u00e8re heure, Hadjar est sorti de piste dans le dernier virage du trac\u00e9, d\u00e9clenchant un second drapeau rouge.<\/p>\n<p>Une sortie avec plus de cons\u00e9quences que le passage hors piste de\u00a0Verstappen puisque le Fran\u00e7ais a termin\u00e9 sa course par l&rsquo;arri\u00e8re dans le\u00a0Tecpro, endommageant au moins son train et son aileron arri\u00e8re. Le pilote est en tout cas indemne, comme l&rsquo;a confirm\u00e9 Red Bull \u00e0 <strong>Motorsport.com<\/strong>.<\/p>\n<p>Apr\u00e8s \u00e9vacuation de la RB22 sur un camion de d\u00e9pannage, la s\u00e9ance a repris pour un petit quart d&rsquo;heure pendant lequel Hamilton a ajout\u00e9 d&rsquo;autres boucles \u00e0 son total, avant de conna\u00eetre lui aussi un passage par les graviers.<\/p>\n<p>Essais de Barcelone 2026 &#8211; Jour 2\u00a0<\/p>\n<p>Ces temps ne sont pas officiels.<\/p>\n<tr data-start=\"104\" data-end=\"165\">\nP<br \/>\nPILOTe<br \/>\n\u00c9QUIPe<br \/>\nTours<br \/>\nChrono<br \/>\n<\/tr>\n<tr data-start=\"228\" data-end=\"289\">\n<td data-start=\"228\" data-end=\"233\" data-col-size=\"sm\">1<\/td>\n<td data-start=\"233\" data-end=\"246\" data-col-size=\"sm\">Verstappen<\/td>\n<td data-start=\"246\" data-end=\"262\" data-col-size=\"sm\">Red Bull<\/td>\n<td>27<\/td>\n<td data-start=\"267\" data-end=\"278\" data-col-size=\"sm\">1&rsquo;19&Prime;578<\/td>\n<\/tr>\n<tr>\n<td>2<\/td>\n<td>Leclerc<\/td>\n<td>Ferrari<\/td>\n<td>64<\/td>\n<td>1&rsquo;20&Prime;844<\/td>\n<\/tr>\n<tr>\n<td>3<\/td>\n<td>Hadjar<\/td>\n<td>Red Bull<\/td>\n<td>51<\/td>\n<td>1&rsquo;31&Prime;981<\/td>\n<\/tr>\n<tr data-start=\"290\" data-end=\"351\">\n<td data-start=\"290\" data-end=\"295\" data-col-size=\"sm\">4<\/td>\n<td data-start=\"295\" data-end=\"308\" data-col-size=\"sm\">Hamilton<\/td>\n<td data-start=\"308\" data-end=\"324\" data-col-size=\"sm\">Ferrari<\/td>\n<td>57<\/td>\n<td data-start=\"329\" data-end=\"340\" data-col-size=\"sm\">1&rsquo;33&Prime;455<\/td>\n<\/tr>\n<p>\u00a0<\/p>\n<p>            Votre avis nous int\u00e9resse !<\/p>\n<p class=\"mt-auto\">Qu&rsquo;aimeriez-vous voir sur Motorsport.com ?<\/p>\n<p>            <a href=\"#\" class=\"ms-link text-link font-bold\">R\u00e9pondez \u00e0 notre enqu\u00eate en 5 minutes.<\/a><\/p>\n<p class=\"mt-1 text-body\">&#8211; L&rsquo;\u00e9quipe Motorsport.com<\/p>\n","protected":false},"excerpt":{"rendered":"La pluie \u00e9tait attendue ce mardi \u00e0 Barcelone et elle est venue&#8230; plus t\u00f4t que pr\u00e9vu ! En&hellip;\n","protected":false},"author":2,"featured_media":693317,"comment_status":"","ping_status":"","sticky":false,"template":"","format":"standard","meta":{"footnotes":""},"categories":[9],"tags":[2240,25466,78916,78721,2251,1454,1011,27,2244,1975,2236,2255,78917,60],"class_list":{"0":"post-693316","1":"post","2":"type-post","3":"status-publish","4":"format-standard","5":"has-post-thumbnail","7":"category-sports","8":"tag-charles-leclerc","9":"tag-circuit-de-barcelona-catalunya","10":"tag-crash-pour-hadjar-u00e0-barcelone","11":"tag-essais-hivernaux-u00e0-barcelone","12":"tag-ferrari","13":"tag-formule-1","14":"tag-fr","15":"tag-france","16":"tag-isack-hadjar","17":"tag-lewis-hamilton","18":"tag-max-verstappen","19":"tag-red-bull","20":"tag-red-bull-et-ferrari-seules-en-piste","21":"tag-sports"},"share_on_mastodon":{"url":"https:\/\/pubeurope.com\/@fr\/115968564540448857","error":""},"_links":{"self":[{"href":"https:\/\/www.europesays.com\/fr\/wp-json\/wp\/v2\/posts\/693316","targetHints":{"allow":["GET"]}}],"collection":[{"href":"https:\/\/www.europesays.com\/fr\/wp-json\/wp\/v2\/posts"}],"about":[{"href":"https:\/\/www.europesays.com\/fr\/wp-json\/wp\/v2\/types\/post"}],"author":[{"embeddable":true,"href":"https:\/\/www.europesays.com\/fr\/wp-json\/wp\/v2\/users\/2"}],"replies":[{"embeddable":true,"href":"https:\/\/www.europesays.com\/fr\/wp-json\/wp\/v2\/comments?post=693316"}],"version-history":[{"count":0,"href":"https:\/\/www.europesays.com\/fr\/wp-json\/wp\/v2\/posts\/693316\/revisions"}],"wp:featuredmedia":[{"embeddable":true,"href":"https:\/\/www.europesays.com\/fr\/wp-json\/wp\/v2\/media\/693317"}],"wp:attachment":[{"href":"https:\/\/www.europesays.com\/fr\/wp-json\/wp\/v2\/media?parent=693316"}],"wp:term":[{"taxonomy":"category","embeddable":true,"href":"https:\/\/www.europesays.com\/fr\/wp-json\/wp\/v2\/categories?post=693316"},{"taxonomy":"post_tag","embeddable":true,"href":"https:\/\/www.europesays.com\/fr\/wp-json\/wp\/v2\/tags?post=693316"}],"curies":[{"name":"wp","href":"https:\/\/api.w.org\/{rel}","templated":true}]}}