{"id":693326,"date":"2026-01-27T18:54:12","date_gmt":"2026-01-27T18:54:12","guid":{"rendered":"https:\/\/www.europesays.com\/fr\/693326\/"},"modified":"2026-01-27T18:54:12","modified_gmt":"2026-01-27T18:54:12","slug":"talk-to-me-goose-le-britannique-starmer-et-macron-samusent-en-mode-top-gun","status":"publish","type":"post","link":"https:\/\/www.europesays.com\/fr\/693326\/","title":{"rendered":"\u00ab\u00a0Talk to me Goose\u00a0\u00bb\u2026 Le Britannique Starmer et Macron s\u2019amusent en mode \u00ab\u00a0Top Gun\u00a0\u00bb"},"content":{"rendered":"<p>Le Premier ministre britannique <a href=\"https:\/\/www.20minutes.fr\/monde\/keir-starmer\/\" class=\"c-link c-link--is-underlined\" target=\"_blank\" rel=\"noopener\">Keir Starmer<\/a> s\u2019est amus\u00e9 des lunettes de soleil port\u00e9es ces derniers jours par le pr\u00e9sident fran\u00e7ais <a href=\"https:\/\/www.20minutes.fr\/politique\/emmanuel-macron\/\" class=\"c-link c-link--is-underlined\" target=\"_blank\" rel=\"noopener\">Emmanuel Macron<\/a>, qui lui a r\u00e9pondu mardi sur le ton de l\u2019humour avec un clin d\u2019\u0153il \u00e0 Top Gun.<\/p>\n<p>\u00ab\u00a0Bonjour\u00a0!\u00a0\u00bb, a lanc\u00e9 le dirigeant travailliste en enfilant une paire de lunettes d\u2019aviateur, dans une courte vid\u00e9o diffus\u00e9e sur son compte <a href=\"https:\/\/www.20minutes.fr\/high-tech\/tiktok\/\" class=\"c-link c-link--is-underlined\" target=\"_blank\" rel=\"noopener\">TikTok<\/a> lundi soir. Elle est issue du tournage de l\u2019enregistrement d\u2019un podcast, The Political Party, auquel a particip\u00e9 Keir Starmer dans un th\u00e9\u00e2tre de la capitale britannique.<\/p>\n<p>La vid\u00e9o est accompagn\u00e9e d\u2019une l\u00e9gende, \u00ab\u00a0Talk to me, Goose\u00a0\u00bb, r\u00e9plique du film Top Gun avec la star hollywoodienne Tom Cruise, \u00e9crite \u00e0 l\u2019attention du pr\u00e9sident fran\u00e7ais. Dans le film, Goose est le copilote et meilleur ami de Maverick, camp\u00e9 par Tom Cruise. Maverick lui dit souvent \u00ab\u00a0Talk to me, Goose\u00a0\u00bb lorsqu\u2019il pilote un avion de chasse.<\/p>\n<p class=\"mb-m@xs text-l@xs\">En cliquant sur\u00ab J\u2019accepte \u00bb, vous acceptez le d\u00e9p\u00f4t de cookies par des services externes et aurez ainsi acc\u00e8s aux contenus de nos partenaires.<\/p>\n<p class=\"mb-xl@xs text-s@xs\">Plus d\u2019informations sur la page<a href=\"https:\/\/www.20minutes.fr\/gestion-cookies\" class=\"mx-xxs@xs color-ultramarine\" target=\"_blank\" rel=\"noopener\">Politique de gestion des cookies<\/a><\/p>\n<p>J\u2019accepte<\/p>\n<p>Il n\u2019en a pas fallu plus pour que le chef de l\u2019\u00c9tat fran\u00e7ais lui r\u00e9ponde en commentaire, \u00ab\u00a0For sure\u00a0\u00bb, reprenant une expression qu\u2019il a utilis\u00e9e plusieurs fois dans son discours \u00e0 Davos le 20\u00a0janvier, devenue virale sur les r\u00e9seaux sociaux.<\/p>\n<p>Ce \u00e0 quoi le dirigeant britannique a \u00e0 nouveau r\u00e9agi, en postant une image aux allures d\u2019affiche de cin\u00e9ma pour Top Gun\u00a0: mais exit <a href=\"https:\/\/www.20minutes.fr\/dossier\/tom_cruise\" class=\"c-link c-link--is-underlined\" target=\"_blank\" rel=\"noopener\">Tom Cruise<\/a>, les deux dirigeants y apparaissent en tenue militaire, lunettes de soleil sur le nez. Au-dessus d\u2019eux\u00a0: deux avions de chasse ainsi que les drapeaux fran\u00e7ais et britannique.<\/p>\n<p>Les lunettes port\u00e9es par Emmanuel Macron en raison d\u2019un probl\u00e8me oculaire b\u00e9nin, arbor\u00e9es notamment lors d\u2019un discours \u00e0 Davos le 20\u00a0janvier, font le buzz depuis, et ont g\u00e9n\u00e9r\u00e9 une avalanche de m\u00e8mes sur les r\u00e9seaux sociaux. Il s\u2019est attir\u00e9 des railleries du pr\u00e9sident am\u00e9ricain Donald Trump, qui a estim\u00e9 qu\u2019il cherchait \u00e0 \u00ab\u00a0jouer le dur \u00e0 cuire\u00a0\u00bb.<\/p>\n","protected":false},"excerpt":{"rendered":"Le Premier ministre britannique Keir Starmer s\u2019est amus\u00e9 des lunettes de soleil port\u00e9es ces derniers jours par le&hellip;\n","protected":false},"author":2,"featured_media":693327,"comment_status":"","ping_status":"","sticky":false,"template":"","format":"standard","meta":{"footnotes":""},"categories":[4],"tags":[47,11,75,1073,1011,27,2581,12,316,25,473,6834],"class_list":{"0":"post-693326","1":"post","2":"type-post","3":"status-publish","4":"format-standard","5":"has-post-thumbnail","7":"category-france","8":"tag-actualite","9":"tag-actualites","10":"tag-donald-trump","11":"tag-emmanuel-macron","12":"tag-fr","13":"tag-france","14":"tag-keir-starmer","15":"tag-news","16":"tag-politique","17":"tag-republique-francaise","18":"tag-royaume-uni","19":"tag-tom-cruise"},"share_on_mastodon":{"url":"https:\/\/pubeurope.com\/@fr\/115968584275481194","error":""},"_links":{"self":[{"href":"https:\/\/www.europesays.com\/fr\/wp-json\/wp\/v2\/posts\/693326","targetHints":{"allow":["GET"]}}],"collection":[{"href":"https:\/\/www.europesays.com\/fr\/wp-json\/wp\/v2\/posts"}],"about":[{"href":"https:\/\/www.europesays.com\/fr\/wp-json\/wp\/v2\/types\/post"}],"author":[{"embeddable":true,"href":"https:\/\/www.europesays.com\/fr\/wp-json\/wp\/v2\/users\/2"}],"replies":[{"embeddable":true,"href":"https:\/\/www.europesays.com\/fr\/wp-json\/wp\/v2\/comments?post=693326"}],"version-history":[{"count":0,"href":"https:\/\/www.europesays.com\/fr\/wp-json\/wp\/v2\/posts\/693326\/revisions"}],"wp:featuredmedia":[{"embeddable":true,"href":"https:\/\/www.europesays.com\/fr\/wp-json\/wp\/v2\/media\/693327"}],"wp:attachment":[{"href":"https:\/\/www.europesays.com\/fr\/wp-json\/wp\/v2\/media?parent=693326"}],"wp:term":[{"taxonomy":"category","embeddable":true,"href":"https:\/\/www.europesays.com\/fr\/wp-json\/wp\/v2\/categories?post=693326"},{"taxonomy":"post_tag","embeddable":true,"href":"https:\/\/www.europesays.com\/fr\/wp-json\/wp\/v2\/tags?post=693326"}],"curies":[{"name":"wp","href":"https:\/\/api.w.org\/{rel}","templated":true}]}}