{"id":693401,"date":"2026-01-27T19:41:12","date_gmt":"2026-01-27T19:41:12","guid":{"rendered":"https:\/\/www.europesays.com\/fr\/693401\/"},"modified":"2026-01-27T19:41:12","modified_gmt":"2026-01-27T19:41:12","slug":"les-deux-britanniques-arretes-dimanche-pour-provocation-a-la-haine-seront-expulses-de-france","status":"publish","type":"post","link":"https:\/\/www.europesays.com\/fr\/693401\/","title":{"rendered":"les deux Britanniques arr\u00eat\u00e9s dimanche pour provocation \u00e0 la haine seront expuls\u00e9s de France"},"content":{"rendered":"<p>\n    Deux hommes de 35 et 53 ans qui se filmaient en direct sur une plage ont \u00e9t\u00e9 arr\u00eat\u00e9s dimanche soir par la police pr\u00e8s de Calais, soup\u00e7onn\u00e9s d\u2019\u00eatre des militants d\u2019extr\u00eame droite venus participer en France \u00e0 une mobilisation interdite contre les migrants.<\/p>\n<p class=\"fig-paragraph\">Deux militants britanniques arr\u00eat\u00e9s pour\u00a0<a href=\"http:\/\/www.lefigaro.fr\/actualite-france\/migrants-deux-militants-britanniques-arretes-en-france-pour-provocation-a-la-haine-20260126\" data-fig-type=\"NewsFlash\" data-gtm-custom-categorie=\"navigation\" data-gtm-custom-action=\"crossclick\" data-gtm-custom-label=\"Contextuel\" data-gtm-event=\"customEventSPE\" data-fig-domain=\"LEFIGARO\" target=\"_blank\" rel=\"noopener\">provocation \u00e0 la haine<\/a>\u00a0dimanche alors qu&rsquo;ils patrouillaient sur une plage fran\u00e7aise d&rsquo;o\u00f9 partent clandestinement nombre de migrants ont \u00e9t\u00e9 lib\u00e9r\u00e9s mardi, a indiqu\u00e9 le parquet, et ils seront expuls\u00e9s vers la\u00a0<a href=\"http:\/\/www.lefigaro.fr\/flash-actu\/grande-bretagne-les-lords-votent-l-interdiction-des-reseaux-sociaux-aux-moins-de-16-ans-starmer-sous-pression-20260121\" data-fig-type=\"NewsFlash\" data-gtm-custom-categorie=\"navigation\" data-gtm-custom-action=\"crossclick\" data-gtm-custom-label=\"Contextuel\" data-gtm-event=\"customEventSPE\" data-fig-domain=\"LEFIGARO\" target=\"_blank\" rel=\"noopener\">Grande-Bretagne<\/a>, a ajout\u00e9 la pr\u00e9fecture. La police a arr\u00eat\u00e9 pr\u00e8s de Calais dimanche soir deux hommes de 35 et 53 ans qui se filmaient en direct sur une plage, soup\u00e7onn\u00e9s d&rsquo;\u00eatre des militants d&rsquo;extr\u00eame droite venus participer en France \u00e0 une mobilisation interdite contre les migrants.<\/p>\n<p class=\"fig-paragraph\">Ils ont \u00e9t\u00e9 plac\u00e9s en garde \u00e0 vue pour provocation \u00e0 la haine et participation \u00e0 un groupement en vue de la pr\u00e9paration de violences. Or les deux hommes \u00abcontestent toute appartenance \u00e0 un quelconque mouvement appelant \u00e0 des manifestations ou actes violents \u00e0 l&rsquo;encontre de la population migrante\u00bb, a indiqu\u00e9 la procureure de Boulogne-sur-Mer C\u00e9cile Gressier dans un communiqu\u00e9 mardi.<\/p>\n<p>                                            <a class=\"fig-a11y-skip\" href=\"#fig-a11y-skip-main-inarticle\" data-module=\"a11y-skip\" data-context=\"was @visible\"><br \/>\n    Passer la publicit\u00e9<br \/>\n<\/a>            <\/p>\n<p class=\"fig-paragraph\">\u00abL&rsquo;exploitation des vid\u00e9os pouvant leur \u00eatre attribu\u00e9es ne permettant pas de caract\u00e9riser les faits reproch\u00e9s\u00bb, ils ont \u00e9t\u00e9 remis en libert\u00e9, poursuit-elle. Dans la foul\u00e9e, \u00abune Obligation de Quitter le Territoire Fran\u00e7ais (OQTF) a \u00e9t\u00e9 prononc\u00e9e pour menace \u00e0 l&rsquo;ordre public\u00bb, a ajout\u00e9 sur X le pr\u00e9fet du Pas-de-Calais Fran\u00e7ois-Xavier Lauch. Le pr\u00e9fet a d\u00e9cid\u00e9 de placer les deux Britanniques en centre de r\u00e9tention administrative, o\u00f9 sont retenus les migrants en attente d&rsquo;expulsion, \u00aben vue de leur \u00e9loignement dans les prochains jours\u00bb.<\/p>\n<p>                                            Une op\u00e9ration anti-migrants intitul\u00e9e \u00abOverlord\u00bb<\/p>\n<p class=\"fig-paragraph\">Un militant britannique d&rsquo;extr\u00eame droite, Daniel Thomas, avait appel\u00e9 ses partisans \u00e0 se rendre en France le week-end dernier dans le cadre d&rsquo;une op\u00e9ration anti-migrants intitul\u00e9e \u00abOverlord\u00bb. Elle visait notamment \u00e0 pallier ce qu&rsquo;il d\u00e9crit comme l&rsquo;incapacit\u00e9 des forces fran\u00e7aises \u00e0 emp\u00eacher les d\u00e9parts clandestins vers le Royaume-Uni.<\/p>\n<p class=\"fig-paragraph\">Les pr\u00e9fectures du Nord et du Pas-de-Calais ont interdit les rassemblements li\u00e9s \u00e0 cette op\u00e9ration, une interdiction prolong\u00e9e jusqu&rsquo;\u00e0 mercredi, estimant qu&rsquo;ils s&rsquo;inscrivent \u00abdans une id\u00e9ologie x\u00e9nophobe\u00bb et \u00abcr\u00e9ent un risque manifeste de troubles \u00e0 l&rsquo;ordre public\u00bb.<\/p>\n<p class=\"fig-paragraph\">Dans une s\u00e9rie de vid\u00e9os diffus\u00e9es en direct dimanche sur une cha\u00eene YouTube, on peut voir deux Britanniques arpenter une plage pr\u00e8s de Calais. \u00abSi je vois un canot, je cours et je le transperce de toutes mes forces\u00bb, assure l&rsquo;un d&rsquo;eux dans l&rsquo;une de ces vid\u00e9os, sans que l&rsquo;on puisse confirmer qu&rsquo;il s&rsquo;agit de l&rsquo;un des mis en cause. Dix autres militants d&rsquo;extr\u00eame droite britanniques ont \u00e9t\u00e9 interdits de territoire fran\u00e7ais mi-janvier en raison d&rsquo;accusations d&rsquo;\u00abactions \u00e0 caract\u00e8re violent\u00bb envers des migrants sur le littoral fran\u00e7ais ces derniers mois.<\/p>\n","protected":false},"excerpt":{"rendered":"Deux hommes de 35 et 53 ans qui se filmaient en direct sur une plage ont \u00e9t\u00e9 arr\u00eat\u00e9s&hellip;\n","protected":false},"author":2,"featured_media":693402,"comment_status":"","ping_status":"","sticky":false,"template":"","format":"standard","meta":{"footnotes":""},"categories":[1588],"tags":[11,1777,674,5341,5072,1251,12,473,1853,1851,1850,1852],"class_list":{"0":"post-693401","1":"post","2":"type-post","3":"status-publish","4":"format-standard","5":"has-post-thumbnail","7":"category-royaume-uni","8":"tag-actualites","9":"tag-eu","10":"tag-europe","11":"tag-expulsions","12":"tag-grande-bretagne","13":"tag-migrants","14":"tag-news","15":"tag-royaume-uni","16":"tag-royaume-uni-de-grande-bretagne-et-dirlande-du-nord","17":"tag-uk","18":"tag-united-kingdom","19":"tag-united-kingdom-of-great-britain-and-northern-ireland"},"share_on_mastodon":{"url":"https:\/\/pubeurope.com\/@fr\/115968768980166638","error":""},"_links":{"self":[{"href":"https:\/\/www.europesays.com\/fr\/wp-json\/wp\/v2\/posts\/693401","targetHints":{"allow":["GET"]}}],"collection":[{"href":"https:\/\/www.europesays.com\/fr\/wp-json\/wp\/v2\/posts"}],"about":[{"href":"https:\/\/www.europesays.com\/fr\/wp-json\/wp\/v2\/types\/post"}],"author":[{"embeddable":true,"href":"https:\/\/www.europesays.com\/fr\/wp-json\/wp\/v2\/users\/2"}],"replies":[{"embeddable":true,"href":"https:\/\/www.europesays.com\/fr\/wp-json\/wp\/v2\/comments?post=693401"}],"version-history":[{"count":0,"href":"https:\/\/www.europesays.com\/fr\/wp-json\/wp\/v2\/posts\/693401\/revisions"}],"wp:featuredmedia":[{"embeddable":true,"href":"https:\/\/www.europesays.com\/fr\/wp-json\/wp\/v2\/media\/693402"}],"wp:attachment":[{"href":"https:\/\/www.europesays.com\/fr\/wp-json\/wp\/v2\/media?parent=693401"}],"wp:term":[{"taxonomy":"category","embeddable":true,"href":"https:\/\/www.europesays.com\/fr\/wp-json\/wp\/v2\/categories?post=693401"},{"taxonomy":"post_tag","embeddable":true,"href":"https:\/\/www.europesays.com\/fr\/wp-json\/wp\/v2\/tags?post=693401"}],"curies":[{"name":"wp","href":"https:\/\/api.w.org\/{rel}","templated":true}]}}