{"id":693426,"date":"2026-01-27T20:00:15","date_gmt":"2026-01-27T20:00:15","guid":{"rendered":"https:\/\/www.europesays.com\/fr\/693426\/"},"modified":"2026-01-27T20:00:15","modified_gmt":"2026-01-27T20:00:15","slug":"le-28-janvier-roxane-surprend","status":"publish","type":"post","link":"https:\/\/www.europesays.com\/fr\/693426\/","title":{"rendered":"le 28 janvier, Roxane surprend &#8230;"},"content":{"rendered":"<p>EN BREF<\/p>\n<ul class=\"bloc_resume_post_list\">\n<li>Le 28 janvier dans Demain nous appartient, le foss\u00e9 entre<br \/>\nSara et Roxane continue de se creuser \u00e0 cause de<br \/>\nVahina.<\/li>\n<li>Cette derni\u00e8re semble par ailleurs cacher plus de choses<br \/>\nqu\u00a0\u00bbelle ne veut l&rsquo;admettre&#8230;<\/li>\n<li>De son c\u00f4t\u00e9, Soizic est sous le choc apr\u00e8s une annonce<br \/>\nd&rsquo;Adam qui pourrait tout bouleverser.<\/li>\n<\/ul>\n<p>Dans l\u2019\u00e9pisode de Demain nous appartient du 28 janvier, diffus\u00e9<br \/>\nsur <a href=\"https:\/\/www.tf1.fr\/\" rel=\"nofollow noopener\" target=\"_blank\">TF1<\/a> \u00e0 19h10,<br \/>\nRoxane (Rapha\u00eble Volkoff) et Sara (Camille Genau) se remettent de<br \/>\nleurs \u00e9motions. <a href=\"https:\/\/www.telestar.fr\/serie_tv\/demain-nous-appartient-en-avance-le-27-janvier-vahina-enleve-enora-et-chloe-et-raphaelle-se-reconcilient-enfin-1752077\" rel=\"noopener\" target=\"_blank\">Enora n\u2019a pas \u00e9t\u00e9 enlev\u00e9e par Vahina<\/a> (Andr\u00e9a Furet),<br \/>\nmais cette derni\u00e8re s\u2019\u00e9tait bien absent\u00e9e plus longtemps que pr\u00e9vu<br \/>\net sans son portable. Lorsqu\u2019elle s\u2019excuse aupr\u00e8s du couple,<br \/>\n<strong>Sara semble la pardonner plus rapidement que<br \/>\nRoxane.<\/strong> <a href=\"https:\/\/www.telestar.fr\/serie_tv\/exclu-demain-nous-appartient-une-potentielle-rivale-vahina-andrea-furet-va-t-elle-briser-le-couple-sara-roxane-1751679\" target=\"_blank\" rel=\"noopener\"><br \/>\nVahina et Sara continuent de se rapprocher<\/a> dans le jardin en<br \/>\nramassant des feuilles mortes sous l&rsquo;\u0153il m\u00e9fiant de Roxane qui les<br \/>\nsurprend en plein chahut. Cette derni\u00e8re finit par aller s\u2019en<br \/>\nplaindre aupr\u00e8s de Bart (Hector Langevin) qui trouve pourtant que<br \/>\nses amies forment un couple solide.<\/p>\n<p>Roxane confie que depuis le trauma de sa femme, quelque chose<br \/>\ns\u2019est bris\u00e9 qu\u2019elle n\u2019arrive pas \u00e0 r\u00e9parer. Elle craque en disant<br \/>\nque Sara est touch\u00e9e par l\u2019histoire de Vahina, et que cette<br \/>\nderni\u00e8re la regarde comme elle a besoin d\u2019\u00eatre regard\u00e9e. Quand elle<br \/>\nrepasse chez elle plus tard, elle profite du fait que son invit\u00e9e<br \/>\nparte faire une course pour fouiller sa valise. Elle y trouve<br \/>\n<strong>des v\u00eatements de luxe et une bo\u00eete remplie de<br \/>\nbijoux.<\/strong> Quand elle fait part de sa d\u00e9couverte \u00e0 Sara,<br \/>\ncette derni\u00e8re est surtout agac\u00e9e que Roxane ait fouill\u00e9 les<br \/>\naffaires de Vahina et souligne que \u00e7a ne prouve rien m\u00eame si elle<br \/>\nreconna\u00eet certaines incoh\u00e9rences. Cach\u00e9e \u00e0 quelques pas de l\u00e0,<br \/>\nVahina \u00e9coute tout.<\/p>\n<p>Demain nous appartient : Vahina s\u2019immisce entre Sara et<br \/>\nRoxane<\/p>\n<p>Pendant ce temps \u00e0 la coloc, Fred (Roby Schinasi) re\u00e7oit un<br \/>\nlivre et explique avec enthousiasme sa passion pour la r\u00e9volution<br \/>\nindustrielle en Wallonie avant d\u2019envisager un r\u00e9agencement de sa<br \/>\nchambre. Victoire (Sol\u00e8ne H\u00e9bert), Soraya (Kenza Sa\u00efb-Couton) et<br \/>\nNoor (Sahelle de Figueiredo) s\u2019\u00e9tonnent de son \u00e9nergie et Noor en<br \/>\nreparle d\u2019ailleurs \u00e0 Romain (Benjamin Baffie) qu\u2019elle retrouve<br \/>\nensuite. Discutant de l\u2019anniversaire de Soraya, ils remarquent tous<br \/>\nles deux que Fred a eu un comportement \u00e9trange. De quoi pousser<br \/>\nNoor \u00e0 aborder le sujet avec Samuel (Axel Kiener) une fois \u00e0<br \/>\nl\u2019h\u00f4pital. C\u2019est ainsi qu\u2019<strong>elle comprend qu\u2019il est<br \/>\nbipolaire, chose que lui confirme Samuel<\/strong>. Ce dernier<br \/>\ninsiste cependant pour qu\u2019elle ne dise rien \u00e0 Victoire puisque<br \/>\nc\u2019est \u00e0 Fred de lui en parler.<\/p>\n<p>De son c\u00f4t\u00e9 Aaron (Stany Coppet) reste <a href=\"https:\/\/www.telestar.fr\/serie_tv\/demain-nous-appartient-en-avance-le-26-janvier-aaron-devient-escort-et-roxane-decouvre-le-secret-de-vahina-1751863\" target=\"_blank\" rel=\"noopener\"><br \/>\ntoujours aussi myst\u00e9rieux concernant ses activit\u00e9s d\u2019escort<\/a>. Il<br \/>\nrefuse de dire \u00e0 ses colocataires ce qui se trame, et il ne se<br \/>\nconfie qu\u2019aupr\u00e8s de Soraya qui est au courant. Cette derni\u00e8re n\u2019en<br \/>\nrevient pas, d\u2019autant que le m\u00e9decin s\u2019est <strong>retrouv\u00e9 dans<br \/>\nune situation d\u00e9licate<\/strong> quand une de ses clientes l\u2019a<br \/>\ncrois\u00e9 \u00e0 l\u2019h\u00f4pital. Mais Aaron explique qu\u2019il appr\u00e9cie cette<br \/>\nactivit\u00e9 et que l\u2019adr\u00e9naline lui donne la sensation d\u2019\u00eatre<br \/>\nvivant.<\/p>\n<p>Soizic sous le choc apr\u00e8s l\u2019annonce<br \/>\nd\u2019Adam<\/p>\n<p>Enfin pour Adam (Alain Le Bars) et Gloria (Celia Diane), la<br \/>\ncohabitation avec Soizic (Charlie Nune) devient compliqu\u00e9e. Le<br \/>\ncouple ne peut pas s\u2019emp\u00eacher de faire du bruit et se fait<br \/>\nr\u00e9primander par Soizic. Une situation qui pousse Adam \u00e0 parler \u00e0<br \/>\nnouveau d\u2019emm\u00e9nagement. Si Gloria semble partante, c\u2019est surtout la<br \/>\nr\u00e9action de sa coll\u00e8gue qu\u2019elle appr\u00e9hende. Et elle a raison<br \/>\npuisque quand Adam finit par en parler \u00e0 sa m\u00e8re, <strong>cette<br \/>\nderni\u00e8re est sous le choc et ne semble pas tr\u00e8s<br \/>\nenthousiaste<\/strong> \u00e0 l\u2019id\u00e9e que son fils quitte le nid familial.<br \/>\nElle en parle d\u2019ailleurs un peu plus tard \u00e0 ses coll\u00e8gues qui<br \/>\nn\u2019h\u00e9sitent pas \u00e0 la taquiner \u00e0 ce sujet\u2026<\/p>\n","protected":false},"excerpt":{"rendered":"EN BREF Le 28 janvier dans Demain nous appartient, le foss\u00e9 entre Sara et Roxane continue de se&hellip;\n","protected":false},"author":2,"featured_media":693427,"comment_status":"","ping_status":"","sticky":false,"template":"","format":"standard","meta":{"footnotes":""},"categories":[1356],"tags":[548,3598,58,59,1011,27,252,65861,1364],"class_list":{"0":"post-693426","1":"post","2":"type-post","3":"status-publish","4":"format-standard","5":"has-post-thumbnail","7":"category-television","8":"tag-article-simple","9":"tag-demain-nous-appartient","10":"tag-divertissement","11":"tag-entertainment","12":"tag-fr","13":"tag-france","14":"tag-television","15":"tag-trend","16":"tag-tv"},"share_on_mastodon":{"url":"https:\/\/pubeurope.com\/@fr\/115968843717250360","error":""},"_links":{"self":[{"href":"https:\/\/www.europesays.com\/fr\/wp-json\/wp\/v2\/posts\/693426","targetHints":{"allow":["GET"]}}],"collection":[{"href":"https:\/\/www.europesays.com\/fr\/wp-json\/wp\/v2\/posts"}],"about":[{"href":"https:\/\/www.europesays.com\/fr\/wp-json\/wp\/v2\/types\/post"}],"author":[{"embeddable":true,"href":"https:\/\/www.europesays.com\/fr\/wp-json\/wp\/v2\/users\/2"}],"replies":[{"embeddable":true,"href":"https:\/\/www.europesays.com\/fr\/wp-json\/wp\/v2\/comments?post=693426"}],"version-history":[{"count":0,"href":"https:\/\/www.europesays.com\/fr\/wp-json\/wp\/v2\/posts\/693426\/revisions"}],"wp:featuredmedia":[{"embeddable":true,"href":"https:\/\/www.europesays.com\/fr\/wp-json\/wp\/v2\/media\/693427"}],"wp:attachment":[{"href":"https:\/\/www.europesays.com\/fr\/wp-json\/wp\/v2\/media?parent=693426"}],"wp:term":[{"taxonomy":"category","embeddable":true,"href":"https:\/\/www.europesays.com\/fr\/wp-json\/wp\/v2\/categories?post=693426"},{"taxonomy":"post_tag","embeddable":true,"href":"https:\/\/www.europesays.com\/fr\/wp-json\/wp\/v2\/tags?post=693426"}],"curies":[{"name":"wp","href":"https:\/\/api.w.org\/{rel}","templated":true}]}}