{"id":693432,"date":"2026-01-27T20:03:17","date_gmt":"2026-01-27T20:03:17","guid":{"rendered":"https:\/\/www.europesays.com\/fr\/693432\/"},"modified":"2026-01-27T20:03:17","modified_gmt":"2026-01-27T20:03:17","slug":"les-produits-anti-age-misent-tout-sur-cette-nouvelle-molecule-naturelle-qui-repare-la-peau","status":"publish","type":"post","link":"https:\/\/www.europesays.com\/fr\/693432\/","title":{"rendered":"les produits anti-\u00e2ge misent tout sur cette nouvelle mol\u00e9cule naturelle qui r\u00e9pare la peau"},"content":{"rendered":"<p>\n                            Dites adieu au r\u00e9tinol, cette mol\u00e9cule que l&rsquo;on voit de plus en plus dans nos cosm\u00e9tiques pourrait bien \u00eatre notre nouvelle fontaine de jouvence.<\/p>\n<p>Ce n&rsquo;est ni un nouveau s\u00e9rum \u00e0 la mode, ni une technique de chirurgie esth\u00e9tique. Pourtant, cette p\u00e9pite biologique est sur toutes les l\u00e8vres des sp\u00e9cialistes de la long\u00e9vit\u00e9. Capable de \u00ab\u00a0recharger\u00a0\u00bb nos cellules comme une batterie, cette mol\u00e9cule myst\u00e8re red\u00e9finit les standards de l&rsquo;<a href=\"https:\/\/www.journaldesfemmes.fr\/beaute\/conseils-soins\/2493352-creme-anti-rides\/\" title=\"Antirides\" target=\"_blank\" rel=\"noopener\">anti-\u00e2ge<\/a>. D\u00e9cryptage d&rsquo;une r\u00e9volution invisible qui pourrait bien envoyer le r\u00e9tinol au placard.<\/p>\n<p>Si vous \u00eates fan de beaut\u00e9, vous la connaissez d\u00e9j\u00e0. Bien qu\u2019elle n\u2019en soit qu\u2019\u00e0 ses balbutiements, cette mol\u00e9cule commence \u00e0 se faire une place de choix dans les formules des cosm\u00e9tiques. Il y a quelques mois, on en parlait simplement pour sa variante sous forme de compl\u00e9ments alimentaires ou, si vous regardez ce que font les stars hollywoodiennes, pour sa version injectable afin d\u2019\u00e9viter la <a href=\"https:\/\/sante.journaldesfemmes.fr\/fiches-sante-du-quotidien\/2565452-deshydratation-signes-bebe-personne-agee-severe\/\" title=\"D\u00e9shydratation\" target=\"_blank\" rel=\"noopener\">d\u00e9shydratation<\/a> les lendemains de f\u00eates. Mais c\u2019est d\u00e9sormais dans nos cr\u00e8mes et nos s\u00e9rums qu\u2019on retrouve le NAD+, ou nicotinamide ad\u00e9nine dinucl\u00e9otide. Qu\u00e9saco\u00a0? Il s\u2019agit d\u2019une coenzyme naturellement pr\u00e9sente dans nos cellules, jouant un r\u00f4le central pour notre bien-\u00eatre\u00a0: la production d\u2019\u00e9nergie cellulaire et la r\u00e9paration de l\u2019ADN. Grossi\u00e8rement expliqu\u00e9\u00a0: Imaginez que vos cellules sont des usines. Le NAD+ est le transporteur d&rsquo;\u00e9lectrons essentiel pour transformer les nutriments en \u00e9nergie. Sans lui, la cellule \u00ab\u00a0tourne au ralenti\u00a0\u00bb, ce qui se traduit par un vieillissement pr\u00e9matur\u00e9. Mais ce n\u2019est pas tout\u00a0: le NAD+ active une enzyme appel\u00e9e sirtuines. Les sirtuines r\u00e9parent l&rsquo;ADN endommag\u00e9 par les UV ou la pollution et r\u00e9gulent le stress cellulaire. Enfin, il assure la communication entre les cellules. Avec l&rsquo;\u00e2ge, elle se brouille ; le NAD+ r\u00e9tablit la connexion pour une cellule plus performante. Mais voil\u00e0\u00a0: avec l\u2019\u00e2ge, les niveaux de cette mol\u00e9cule diminuent progressivement dans l\u2019organisme. \u00c0 50 ans, nous ne poss\u00e9dons plus que la moiti\u00e9 du capital que nous avions \u00e0 20 ans, ce qui explique pourquoi la peau perd sa capacit\u00e9 \u00e0 se \u00ab\u00a0r\u00e9parer toute seule\u00a0\u00bb durant la nuit.<\/p>\n<p><img decoding=\"async\" alt=\"\" src=\"https:\/\/www.europesays.com\/fr\/wp-content\/uploads\/2026\/01\/40064710.png\"\/><br \/>\n\u00a9\u00a0Paula&rsquo;s Choice<\/p>\n<p>Ainsi, depuis plusieurs quelques temps, les chercheurs et scientifiques s\u2019int\u00e9ressent au NAD+ d\u2019un point de vue cosm\u00e9tique. La preuve en est\u00a0: de nombreuses marques sortent des produits en contenant dans la formule. La marque am\u00e9ricaine Paula\u2019s Choice a part exemple lanc\u00e9 son s\u00e9rum long\u00e9vit\u00e9, tandis que Dermalogica a sorti un s\u00e9rum sculptant pour le corps dont l\u2019ingr\u00e9dient cl\u00e9 n\u2019est autre que cette fameuse coenzyme. A la cl\u00e9\u00a0? Une am\u00e9lioration de la fermet\u00e9 et de l\u2019\u00e9lasticit\u00e9 de la peau, un teint \u00e9clatant, et un meilleur fonctionnement des cellules de la peau qui vont alors mieux se r\u00e9g\u00e9n\u00e9rer durant la nuit. V\u00e9ritable chef d\u2019orchestre de nos cellules, le NAD+ red\u00e9finit les r\u00e8gles du jeu. C<\/p>\n<p>ette nouvelle \u00e8re de la cosm\u00e9tique privil\u00e9gie d\u00e9sormais la pr\u00e9vention et la connections \u00e0 notre biologie plut\u00f4t que la correction. Gardez l\u2019\u0153il ouvert dans les rayons beaut\u00e9\u00a0: vous n\u2019avez pas fini d\u2019en entendre parler\u00a0!<\/p>\n","protected":false},"excerpt":{"rendered":"Dites adieu au r\u00e9tinol, cette mol\u00e9cule que l&rsquo;on voit de plus en plus dans nos cosm\u00e9tiques pourrait bien&hellip;\n","protected":false},"author":2,"featured_media":693433,"comment_status":"","ping_status":"","sticky":false,"template":"","format":"standard","meta":{"footnotes":""},"categories":[10],"tags":[78921,51761,51763,1011,27,72,51766,51767,71,58603],"class_list":{"0":"post-693432","1":"post","2":"type-post","3":"status-publish","4":"format-standard","5":"has-post-thumbnail","7":"category-sante","8":"tag-cms-journaldesfemmes-3254769","9":"tag-controller-content","10":"tag-format-papier","11":"tag-fr","12":"tag-france","13":"tag-health","14":"tag-les-histoires-du-jdf","15":"tag-parallaxeinfeed","16":"tag-sante","17":"tag-soins-du-visage"},"share_on_mastodon":{"url":"https:\/\/pubeurope.com\/@fr\/115968855586857695","error":""},"_links":{"self":[{"href":"https:\/\/www.europesays.com\/fr\/wp-json\/wp\/v2\/posts\/693432","targetHints":{"allow":["GET"]}}],"collection":[{"href":"https:\/\/www.europesays.com\/fr\/wp-json\/wp\/v2\/posts"}],"about":[{"href":"https:\/\/www.europesays.com\/fr\/wp-json\/wp\/v2\/types\/post"}],"author":[{"embeddable":true,"href":"https:\/\/www.europesays.com\/fr\/wp-json\/wp\/v2\/users\/2"}],"replies":[{"embeddable":true,"href":"https:\/\/www.europesays.com\/fr\/wp-json\/wp\/v2\/comments?post=693432"}],"version-history":[{"count":0,"href":"https:\/\/www.europesays.com\/fr\/wp-json\/wp\/v2\/posts\/693432\/revisions"}],"wp:featuredmedia":[{"embeddable":true,"href":"https:\/\/www.europesays.com\/fr\/wp-json\/wp\/v2\/media\/693433"}],"wp:attachment":[{"href":"https:\/\/www.europesays.com\/fr\/wp-json\/wp\/v2\/media?parent=693432"}],"wp:term":[{"taxonomy":"category","embeddable":true,"href":"https:\/\/www.europesays.com\/fr\/wp-json\/wp\/v2\/categories?post=693432"},{"taxonomy":"post_tag","embeddable":true,"href":"https:\/\/www.europesays.com\/fr\/wp-json\/wp\/v2\/tags?post=693432"}],"curies":[{"name":"wp","href":"https:\/\/api.w.org\/{rel}","templated":true}]}}