{"id":693443,"date":"2026-01-27T20:09:10","date_gmt":"2026-01-27T20:09:10","guid":{"rendered":"https:\/\/www.europesays.com\/fr\/693443\/"},"modified":"2026-01-27T20:09:10","modified_gmt":"2026-01-27T20:09:10","slug":"les-reactions-de-la-classe-politique-francaise-apres-la-mort-de-deux-manifestants-sous-les-balles-de-la-police-de-limmigration","status":"publish","type":"post","link":"https:\/\/www.europesays.com\/fr\/693443\/","title":{"rendered":"les r\u00e9actions de la classe politique fran\u00e7aise apr\u00e8s la mort de deux manifestants sous les balles de la police de l\u2019immigration"},"content":{"rendered":"<p>\n    Somm\u00e9s de se positionner au sujet de Donald Trump, apr\u00e8s la mort de deux Am\u00e9ricains, tu\u00e9s les 7 et 24 janvier par la police f\u00e9d\u00e9rale de l\u2019immigration am\u00e9ricaine, les responsables politiques fran\u00e7ais naviguent entre trois positions.<\/p>\n<p class=\"fig-paragraph\">Assumer, esquiver, ou condamner. Somm\u00e9e de se positionner au sujet de\u00a0<a href=\"http:\/\/www.lefigaro.fr\/international\/apres-la-bavure-de-minneapolis-donald-trump-tente-par-la-desescalade-20260126\" data-fig-type=\"Article\" data-gtm-custom-categorie=\"navigation\" data-gtm-custom-action=\"crossclick\" data-gtm-custom-label=\"Contextuel\" data-gtm-event=\"customEventSPE\" data-fig-domain=\"LEFIGARO\" target=\"_blank\" rel=\"noopener\">Donald Trump<\/a>,\u00a0<a href=\"http:\/\/www.lefigaro.fr\/international\/apres-la-bavure-de-minneapolis-donald-trump-tente-par-la-desescalade-20260126\" data-fig-type=\"Article\" data-gtm-custom-categorie=\"navigation\" data-gtm-custom-action=\"crossclick\" data-gtm-custom-label=\"Contextuel\" data-gtm-event=\"customEventSPE\" data-fig-domain=\"LEFIGARO\" target=\"_blank\" rel=\"noopener\">apr\u00e8s la mort de deux Am\u00e9ricains<\/a>, tu\u00e9s les 7 et 24 janvier par la\u00a0<a href=\"http:\/\/www.lefigaro.fr\/international\/etats-unis-qu-est-ce-que-l-ice-cette-police-de-l-immigration-honnie-des-manifestants-20260126\" data-fig-type=\"Article\" data-gtm-custom-categorie=\"navigation\" data-gtm-custom-action=\"crossclick\" data-gtm-custom-label=\"Contextuel\" data-gtm-event=\"customEventSPE\" data-fig-domain=\"LEFIGARO\" target=\"_blank\" rel=\"noopener\">police f\u00e9d\u00e9rale de l\u2019immigration am\u00e9ricaine<\/a>\u00a0\u00e0 Minneapolis, la classe politique fran\u00e7aise navigue entre ces trois positions. La droite nationaliste fran\u00e7aise en particulier, la plus \u00e9logieuse vis-\u00e0-vis du pr\u00e9sident am\u00e9ricain et la plus ferme sur les questions migratoires, est mise sur le grill m\u00e9diatique\u00a0: faut-il toujours s\u2019inspirer des m\u00e9thodes de Donald Trump en mati\u00e8re migratoire\u00a0?<\/p>\n<p class=\"fig-paragraph\">Anciens alli\u00e9s d\u00e9sormais brouill\u00e9s,\u00a0<a href=\"http:\/\/www.lefigaro.fr\/vox\/politique\/sa-famille-son-alliance-avec-zemmour-son-combat-pour-l-union-des-droites-les-extraits-exclusifs-du-livre-temoignage-de-marion-marechal-20260124\" data-fig-type=\"Article\" data-gtm-custom-categorie=\"navigation\" data-gtm-custom-action=\"crossclick\" data-gtm-custom-label=\"Contextuel\" data-gtm-event=\"customEventSPE\" data-fig-domain=\"LEFIGARO\" target=\"_blank\" rel=\"noopener\">Marion Mar\u00e9chal<\/a>\u00a0et\u00a0<a href=\"http:\/\/www.lefigaro.fr\/politique\/avec-la-primaire-lr-eric-zemmour-veut-retrouver-les-couleurs-de-la-droite-20251127\" data-fig-type=\"Article\" data-gtm-custom-categorie=\"navigation\" data-gtm-custom-action=\"crossclick\" data-gtm-custom-label=\"Contextuel\" data-gtm-event=\"customEventSPE\" data-fig-domain=\"LEFIGARO\" target=\"_blank\" rel=\"noopener\">\u00c9ric Zemmour<\/a>\u00a0sont les seuls \u00e0 avoir persist\u00e9 dans leur discours pro-Trump. \u00abJe n\u2019ai pas chang\u00e9 et vari\u00e9 de ligne\u00bb au sujet du pr\u00e9sident am\u00e9ricain, a l\u00e2ch\u00e9 Marion Mar\u00e9chal lundi sur France Inter. La pr\u00e9sidente du parti Identit\u00e9-Libert\u00e9s (IDL) alli\u00e9 au Rassemblement national (RN) a \u00e9voqu\u00e9 \u00abun certain nombre de combats communs avec lui\u00bb, \u00e9voquant notamment \u00abl\u2019immigration\u00bb. \u00c9voquant un \u00abincident malheureux\u00bb, la d\u00e9put\u00e9e europ\u00e9enne a point\u00e9 du doigt \u00abdes militants d\u2019extr\u00eame gauche qui s\u2019interposent\u00bb et rejet\u00e9 l\u2019id\u00e9e, \u00absugg\u00e9r\u00e9e\u00bb selon elle par cette s\u00e9quence m\u00e9diatique, qu\u2019il y aurait \u00abquelque chose de condamnable par principe au fait de lutter contre l\u2019immigration clandestine\u00bb.<\/p>\n<p>                                            <a class=\"fig-a11y-skip\" href=\"#fig-a11y-skip-main-inarticle\" data-module=\"a11y-skip\" data-context=\"was @visible\"><br \/>\n    Passer la publicit\u00e9<br \/>\n<\/a>            <\/p>\n<p>                                            Le RN se montre prudent<\/p>\n<p class=\"fig-paragraph\">Un \u00e9v\u00e9nement qui \u00abnous concerne tr\u00e8s indirectement\u00bb a-t-elle poursuivi, quand r\u00e9cemment, en France, une \u00abfemme de 90 ans a \u00e9t\u00e9 viol\u00e9e par un clandestin sous OQTF\u00bb. Sur BFM la veille, le patron de Reconqu\u00eate \u00c9ric Zemmour, estimait que les faits \u00e9taient encore flous, renvoyant dos \u00e0 dos la version des policiers et celle des manifestants. \u00abJe n\u2019approuve pas, \u00e9ventuellement un meurtre, mais j\u2019approuve la politique migratoire de Donald Trump dans son ensemble\u00bb. Politique qu\u2019il a qualifi\u00e9e \u00abd\u2019\u00e9norme succ\u00e8s\u00bb. Interrog\u00e9 sur la possible duplication de la police f\u00e9d\u00e9rale de l\u2019immigration en France, \u00c9ric Zemmour a soulign\u00e9 que \u00abce n\u2019est pas les structures qui manquent, c\u2019est la volont\u00e9 politique\u00bb.<\/p>\n<p class=\"fig-paragraph\">Plus prudent vis-\u00e0-vis du pr\u00e9sident am\u00e9ricain, le RN avait d\u00e9j\u00e0 pris ses distances apr\u00e8s les vell\u00e9it\u00e9s de Donald Trump sur le Groenland et la capture de Nicolas Maduro au Venezuela, soulignant son attachement au respect de la souverainet\u00e9 populaire. Sans tirer \u00e0 boulets rouges sur Donald Trump, le parti \u00e0 la flamme joue la carte de l\u2019\u00e9quilibre. \u00abNous admirons son patriotisme\u00bb, nous r\u00e9cusons ses \u00abvell\u00e9it\u00e9s imp\u00e9rialistes\u00bb et \u00abla lumi\u00e8re doit \u00eatre faite au sujet des bavures de la police de l\u2019immigration\u00bb, d\u00e9fendait ce matin un des principaux lieutenants du parti, le d\u00e9put\u00e9 de la Somme Jean-Philippe Tanguy. Chez l\u2019UDR, alli\u00e9 au RN, le silence est de mise. Son patron, \u00c9ric Ciotti, a m\u00eame supprim\u00e9 discr\u00e8tement ses tweets \u00e9logieux \u00e0 propos de Donald Trump, comme l\u2019a relev\u00e9\u00a0<a href=\"https:\/\/www.lemonde.fr\/politique\/article\/2026\/01\/21\/le-rn-hausse-le-ton-face-a-donald-trump-pour-eviter-le-piege-avant-l-election-presidentielle-de-2027_6663582_823448.html?search-type=classic&amp;ise_click_rank=1\" target=\"_blank\" rel=\"sponsored noopener\" data-gtm-custom-categorie=\"navigation\" data-gtm-custom-action=\"crossclick\" data-gtm-custom-label=\"Contextuel\" data-gtm-event=\"customEventSPE\">Le Monde<\/a> .<\/p>\n<p class=\"fig-paragraph\">Seul le vice-pr\u00e9sident d\u00e9l\u00e9gu\u00e9 du parti, Guilhem Carayon, estimait ce matin sur FranceInfo qu\u2019il fallait \u00abs\u2019inspirer\u00bb des m\u00e9thodes de Trump \u00absur le principe\u00bb en mati\u00e8re de lutte contre l\u2019immigration. \u00ab\u00c0 cela pr\u00e8s qu\u2019effectivement \u00e0 chaque fois qu\u2019il y a une bavure, \u00e0 chaque fois qu\u2019il y a un drame, c\u2019est toujours regrettable\u00bb, a-t-il nuanc\u00e9. Sans surprise, l\u2019ancien candidat aux l\u00e9gislatives sous l\u2019\u00e9tiquette RN-UDR, Nicolas Conquer, a d\u00e9fendu bec et ongles l\u2019ICE et le pr\u00e9sident am\u00e9ricain. \u00abCette agence est l\u00e0 depuis de nombreuses ann\u00e9es, elle n\u2019a jamais \u00e9t\u00e9 critiqu\u00e9e sous Obama, alors qu\u2019il a expuls\u00e9 trois missions de personnes\u00bb, s\u2019est \u00e9trangl\u00e9 le jeune franco-am\u00e9ricain, relais de la sph\u00e8re MAGA en France, qui n\u2019est plus aujourd\u2019hui \u00e0 l\u2019UDR.<\/p>\n<p>                                            La gauche crie au \u00abfascisme\u00bb<\/p>\n<p class=\"fig-paragraph\">Des R\u00e9publicains (LR) au gouvernement en passant par le centre commun, la strat\u00e9gie est plut\u00f4t celle du silence. Ni Bruno Retailleau ni Laurent Wauquiez, les deux t\u00eates de LR, ne se sont exprim\u00e9s pour le moment. M\u00eame le s\u00e9nateur Claude Malhuret, pourtant coutumier des sorties anti-Trump, ne s\u2019est pas fait entendre. De leur c\u00f4t\u00e9, Gabriel Attal comme le ministre des affaires \u00e9trang\u00e8res Jean-No\u00ebl Barrot, ont condamn\u00e9 \u00e0 plusieurs reprises la politique agressive de Washington au Groenland. Mais pas de d\u00e9claration remarqu\u00e9e sur la police de l\u2019immigration depuis la mort du deuxi\u00e8me manifestant samedi. \u00abJe n\u2019ai pas pour habitude de commenter ce qui se passe dans un pays qui n\u2019est pas le n\u00f4tre\u00bb, \u00e9vacuait ce matin la ministre des Arm\u00e9es Catherine Vautrin sur RTL, se contentant d\u2019appeler \u00e0 un vague \u00abrespect des droits de l\u2019homme partout dans le monde\u00bb.<\/p>\n<p class=\"fig-paragraph\">Constante dans sa critique du pr\u00e9sident am\u00e9ricain, la gauche, en revanche, a saut\u00e9 sur l\u2019occasion pour pointer du doigt une d\u00e9rive \u00abfasciste\u00bb de Donald Trump et pour y associer \u00abl\u2019extr\u00eame droite\u00bb fran\u00e7aise favorable \u00e0 Trump, accus\u00e9e de vouloir importer la m\u00eame violence. C\u2019est une \u00abmilice raciste et fasciste\u00bb, fulminait ce matin la pr\u00e9sidente du groupe France insoumise (LFI) \u00e0 l\u2019Assembl\u00e9e, Mathilde Panot. Le parti d\u00e9pose m\u00eame une r\u00e9solution \u00abpour demander \u00e0 ce que la France condamne ces exactions et demande des sanctions contre les actions de l\u2019ICE qui les ont commises\u00bb.<\/p>\n<p>                                            <a class=\"fig-a11y-skip\" href=\"#fig-a11y-skip-main-inarticle_mtf\" data-module=\"a11y-skip\" data-context=\"was @visible\"><br \/>\n    Passer la publicit\u00e9<br \/>\n<\/a>            <\/p>\n<p class=\"fig-paragraph\">Sur BFM, le coordinateur du mouvement Manuel Bompard reprenait le qualificatif de \u00abfasciste\u00bb, adoss\u00e9 au pouvoir trumpiste. L\u2019ICE, la fameuse police f\u00e9d\u00e9rale de l\u2019immigration, bras arm\u00e9 de la politique anti-immigration de Donald Trump, est \u00abune police de l\u2019immigration qui agit dans aucun respect des principes de bases de l\u2019\u00e9tat de droit\u00bb, ajoutait-il. La patronne des \u00c9cologistes, Marine Tondelier, a employ\u00e9 le m\u00eame terme sur X, \u00e9voquant une \u00abbascule fasciste\u00bb et \u00abune violence d\u2019\u00c9tat toujours plus d\u00e9cha\u00een\u00e9e\u00bb. \u00abVoil\u00e0 ce qui arrive quand l\u2019extr\u00eame droite et ses id\u00e9es arrivent au pouvoir. La haine des migrant\u00b7es et des opposant\u00b7es conduit in\u00e9vitablement \u00e0 leur mort\u00bb, \u00e9crivait-elle.<\/p>\n<p class=\"fig-paragraph\">Le 11 janvier, quatre jours apr\u00e8s a mort de la premi\u00e8re manifestante, Olivier Faure avait \u00e9t\u00e9 l\u2019un des premiers \u00e0 r\u00e9agir, en \u00e9crivant au maire de Minneapolis pour lui manifester son soutien. \u00abDonald Trump s\u2019occupe de nous. Eh bien nous, nous allons nous occuper de lui aussi\u00bb, disait-il ce jour-l\u00e0 sur BFM. \u00abLes Europ\u00e9ens doivent avoir l\u2019audace, la force, aussi de condamner ce qui se passe chez Donald Trump. (&#8230;) Aux \u00c9tats-Unis, il y a aujourd\u2019hui des gens qui se font descendre par une police \u00e0 laquelle on donne aujourd\u2019hui tous les droits et qui est par\u00e9e de toutes les vertus.\u00bb<\/p>\n","protected":false},"excerpt":{"rendered":"Somm\u00e9s de se positionner au sujet de Donald Trump, apr\u00e8s la mort de deux Am\u00e9ricains, tu\u00e9s les 7&hellip;\n","protected":false},"author":2,"featured_media":693444,"comment_status":"","ping_status":"","sticky":false,"template":"","format":"standard","meta":{"footnotes":""},"categories":[4],"tags":[11,75,73,1011,27,1061,12,25],"class_list":{"0":"post-693443","1":"post","2":"type-post","3":"status-publish","4":"format-standard","5":"has-post-thumbnail","7":"category-france","8":"tag-actualites","9":"tag-donald-trump","10":"tag-etats-unis","11":"tag-fr","12":"tag-france","13":"tag-immigration","14":"tag-news","15":"tag-republique-francaise"},"share_on_mastodon":{"url":"https:\/\/pubeurope.com\/@fr\/115968879117788728","error":""},"_links":{"self":[{"href":"https:\/\/www.europesays.com\/fr\/wp-json\/wp\/v2\/posts\/693443","targetHints":{"allow":["GET"]}}],"collection":[{"href":"https:\/\/www.europesays.com\/fr\/wp-json\/wp\/v2\/posts"}],"about":[{"href":"https:\/\/www.europesays.com\/fr\/wp-json\/wp\/v2\/types\/post"}],"author":[{"embeddable":true,"href":"https:\/\/www.europesays.com\/fr\/wp-json\/wp\/v2\/users\/2"}],"replies":[{"embeddable":true,"href":"https:\/\/www.europesays.com\/fr\/wp-json\/wp\/v2\/comments?post=693443"}],"version-history":[{"count":0,"href":"https:\/\/www.europesays.com\/fr\/wp-json\/wp\/v2\/posts\/693443\/revisions"}],"wp:featuredmedia":[{"embeddable":true,"href":"https:\/\/www.europesays.com\/fr\/wp-json\/wp\/v2\/media\/693444"}],"wp:attachment":[{"href":"https:\/\/www.europesays.com\/fr\/wp-json\/wp\/v2\/media?parent=693443"}],"wp:term":[{"taxonomy":"category","embeddable":true,"href":"https:\/\/www.europesays.com\/fr\/wp-json\/wp\/v2\/categories?post=693443"},{"taxonomy":"post_tag","embeddable":true,"href":"https:\/\/www.europesays.com\/fr\/wp-json\/wp\/v2\/tags?post=693443"}],"curies":[{"name":"wp","href":"https:\/\/api.w.org\/{rel}","templated":true}]}}